{"id":41656,"date":"2022-06-28T17:41:18","date_gmt":"2022-06-28T17:41:18","guid":{"rendered":"http:\/\/elterritorialweb.com.ar\/web\/?p=41656"},"modified":"2022-06-28T17:41:18","modified_gmt":"2022-06-28T17:41:18","slug":"se-presento-el-plan-para-la-conservacion-y-manejo-de-los-bosques-de-santiago-del-estero","status":"publish","type":"post","link":"http:\/\/elterritorialweb.com.ar\/web\/se-presento-el-plan-para-la-conservacion-y-manejo-de-los-bosques-de-santiago-del-estero\/","title":{"rendered":"SE PRESENT\u00d3 EL PLAN PARA LA CONSERVACI\u00d3N Y MANEJO DE LOS BOSQUES DE SANTIAGO DEL ESTERO"},"content":{"rendered":"\n<p>Este acontecimiento cont\u00f3 con la presencia de Mart\u00edn M\u00f3naco, director de Bosques de Naci\u00f3n, autoridades del Ministerio de Ambiente y Desarrollo Sostenible, y del Ministerio de Producci\u00f3n de Santiago del Estero y de instituciones vinculadas a la gesti\u00f3n de los bosques nativos, entre las que se encuentra el rector de la UNSE, H\u00e9ctor Rub\u00e9n Paz.<br>El plan contempla seis lineamientos: manejo de bosques en las tres cuencas forestales que tiene la provincia; manejo de bosques con ganader\u00eda integrada; restauraci\u00f3n de bosques degradados; uso sustentable de la biodiversidad y la conservaci\u00f3n en \u00e1reas protegidas; prevenci\u00f3n de incendios y , por \u00faltimo, el manejo de bosques periurbanos.<\/p>\n","protected":false},"excerpt":{"rendered":"<p>El acto se desarroll\u00f3 en el Centro de Convenciones FORUM, donde la Direcci\u00f3n General de Bosques y Fauna de Santiago del Estero present\u00f3 el Plan, en el que se definen los lineamientos y actividades a financiar por la Ley 26.331 para la conservaci\u00f3n, aprovechamiento y manejo sostenible de los bosques nativos de la provincia.<\/p>\n","protected":false},"author":2,"featured_media":41657,"comment_status":"open","ping_status":"open","sticky":false,"template":"","format":"standard","meta":{"om_disable_all_campaigns":false,"_monsterinsights_skip_tracking":false,"_monsterinsights_sitenote_active":false,"_monsterinsights_sitenote_note":"","_monsterinsights_sitenote_category":0,"_uf_show_specific_survey":0,"_uf_disable_surveys":false,"jetpack_post_was_ever_published":false,"_jetpack_newsletter_access":"","_jetpack_dont_email_post_to_subs":false,"_jetpack_newsletter_tier_id":0,"_jetpack_memberships_contains_paywalled_content":false,"_jetpack_memberships_contains_paid_content":false,"footnotes":"","jetpack_publicize_message":"","jetpack_publicize_feature_enabled":true,"jetpack_social_post_already_shared":false,"jetpack_social_options":{"image_generator_settings":{"template":"highway","default_image_id":0,"font":"","enabled":false},"version":2}},"categories":[21],"tags":[],"class_list":["post-41656","post","type-post","status-publish","format-standard","has-post-thumbnail","hentry","category-locales"],"aioseo_notices":[],"views":6,"jetpack_publicize_connections":[],"jetpack_featured_media_url":"https:\/\/i0.wp.com\/elterritorialweb.com.ar\/web\/wp-content\/uploads\/2022\/06\/WhatsApp-Image-2022-06-28-at-2.04.40-PM.jpeg?fit=1280%2C640","jetpack_sharing_enabled":true,"_links":{"self":[{"href":"http:\/\/elterritorialweb.com.ar\/web\/wp-json\/wp\/v2\/posts\/41656","targetHints":{"allow":["GET"]}}],"collection":[{"href":"http:\/\/elterritorialweb.com.ar\/web\/wp-json\/wp\/v2\/posts"}],"about":[{"href":"http:\/\/elterritorialweb.com.ar\/web\/wp-json\/wp\/v2\/types\/post"}],"author":[{"embeddable":true,"href":"http:\/\/elterritorialweb.com.ar\/web\/wp-json\/wp\/v2\/users\/2"}],"replies":[{"embeddable":true,"href":"http:\/\/elterritorialweb.com.ar\/web\/wp-json\/wp\/v2\/comments?post=41656"}],"version-history":[{"count":1,"href":"http:\/\/elterritorialweb.com.ar\/web\/wp-json\/wp\/v2\/posts\/41656\/revisions"}],"predecessor-version":[{"id":41658,"href":"http:\/\/elterritorialweb.com.ar\/web\/wp-json\/wp\/v2\/posts\/41656\/revisions\/41658"}],"wp:featuredmedia":[{"embeddable":true,"href":"http:\/\/elterritorialweb.com.ar\/web\/wp-json\/wp\/v2\/media\/41657"}],"wp:attachment":[{"href":"http:\/\/elterritorialweb.com.ar\/web\/wp-json\/wp\/v2\/media?parent=41656"}],"wp:term":[{"taxonomy":"category","embeddable":true,"href":"http:\/\/elterritorialweb.com.ar\/web\/wp-json\/wp\/v2\/categories?post=41656"},{"taxonomy":"post_tag","embeddable":true,"href":"http:\/\/elterritorialweb.com.ar\/web\/wp-json\/wp\/v2\/tags?post=41656"}],"curies":[{"name":"wp","href":"https:\/\/api.w.org\/{rel}","templated":true}]}}