{"id":41677,"date":"2022-06-30T01:48:47","date_gmt":"2022-06-30T01:48:47","guid":{"rendered":"http:\/\/elterritorialweb.com.ar\/web\/?p=41677"},"modified":"2022-06-30T01:51:46","modified_gmt":"2022-06-30T01:51:46","slug":"noche-de-gesta-en-el-teatro-la-casa","status":"publish","type":"post","link":"http:\/\/elterritorialweb.com.ar\/web\/noche-de-gesta-en-el-teatro-la-casa\/","title":{"rendered":"NOCHE DE GESTA EN EL TEATRO LA CASA"},"content":{"rendered":"\n<p>A partir de las 22.30 hs se dar\u00e1 continuidad al ciclo Noche de Gesta, que tuvo su primera emisi\u00f3n el pasado 11 de junio, organizado por la productora local 3 Ejes.<\/p>\n\n\n\n<p>En la oportunidad el cantautor Lucas C\u00e1ceres, quien viene en franco ascenso en la escena local, desplegar\u00e1 todo su repertorio para dar continuidad a la presentaci\u00f3n del grupo cordob\u00e9s \u00c1toj (del quichua, zorro). \u00c1toj, conjunto musical de ra\u00edz folcl\u00f3rica santiague\u00f1a, revive el sabor de la vieja escuela musical santiague\u00f1a entre chacareras, gatos y zambas.<\/p>\n\n\n\n<p>Previamente, durante la siesta del s\u00e1bado, la profesora Eliana Bessone, integrante de \u00c1toj, estar\u00e1 brindando un taller de bombo abierto a todo p\u00fablico. Las inscripciones se realizan a trav\u00e9s del n\u00famero telef\u00f3nico +549 3855016371.<\/p>\n\n\n\n<figure class=\"wp-block-image size-large\"><a href=\"https:\/\/i0.wp.com\/elterritorialweb.com.ar\/web\/wp-content\/uploads\/2022\/06\/Taller-de-bombo-2-de-julio.jpeg\"><img data-recalc-dims=\"1\" decoding=\"async\" width=\"640\" height=\"645\" data-src=\"https:\/\/i0.wp.com\/elterritorialweb.com.ar\/web\/wp-content\/uploads\/2022\/06\/Taller-de-bombo-2-de-julio.jpeg?resize=640%2C645\" alt=\"\" class=\"wp-image-41679 lazyload\" data-srcset=\"https:\/\/i0.wp.com\/elterritorialweb.com.ar\/web\/wp-content\/uploads\/2022\/06\/Taller-de-bombo-2-de-julio.jpeg?resize=1016%2C1024 1016w, https:\/\/i0.wp.com\/elterritorialweb.com.ar\/web\/wp-content\/uploads\/2022\/06\/Taller-de-bombo-2-de-julio.jpeg?resize=298%2C300 298w, https:\/\/i0.wp.com\/elterritorialweb.com.ar\/web\/wp-content\/uploads\/2022\/06\/Taller-de-bombo-2-de-julio.jpeg?resize=150%2C150 150w, https:\/\/i0.wp.com\/elterritorialweb.com.ar\/web\/wp-content\/uploads\/2022\/06\/Taller-de-bombo-2-de-julio.jpeg?resize=768%2C774 768w, https:\/\/i0.wp.com\/elterritorialweb.com.ar\/web\/wp-content\/uploads\/2022\/06\/Taller-de-bombo-2-de-julio.jpeg?resize=1024%2C1032 1024w, https:\/\/i0.wp.com\/elterritorialweb.com.ar\/web\/wp-content\/uploads\/2022\/06\/Taller-de-bombo-2-de-julio.jpeg?w=1270 1270w\" data-sizes=\"(max-width: 640px) 100vw, 640px\" src=\"data:image\/svg+xml;base64,PHN2ZyB3aWR0aD0iMSIgaGVpZ2h0PSIxIiB4bWxucz0iaHR0cDovL3d3dy53My5vcmcvMjAwMC9zdmciPjwvc3ZnPg==\" style=\"--smush-placeholder-width: 640px; --smush-placeholder-aspect-ratio: 640\/645;\" \/><\/a><\/figure>\n\n\n\n<p>3 Ejes Productora Integral de Eventos nace con la misi\u00f3n de promover e impulsar las actividades culturales en el arte y la m\u00fasica. Noche de Gesta es el ciclo con el que se busca insertar en la agenda de las propuestas culturales de la ciudad, brindando la oportunidad a grupos, artistas locales y de diferentes provincias para generarles su espacio y poder llevar su arte al p\u00fablico en un ambiente de disfrute.<\/p>\n\n\n\n<p>El objetivo y finalidad es crear un lugar capaz de responder a la creciente demanda de nuevos artistas, y as\u00ed tambi\u00e9n la creaci\u00f3n, producci\u00f3n, promoci\u00f3n y\/o difusi\u00f3n de las artes, animar al encuentro y la convivencia de una comunidad interesada en estos nuevos valores esc\u00e9nicos.<\/p>\n","protected":false},"excerpt":{"rendered":"<p>El pr\u00f3ximo s\u00e1bado 2 de julio se presentar\u00e1n en Teatro La Casa, el grupo musical \u00c1toj, oriundo de la provincia de C\u00f3rdoba y el solista santiague\u00f1o Lucas C\u00e1ceres.<\/p>\n","protected":false},"author":2,"featured_media":41678,"comment_status":"open","ping_status":"open","sticky":false,"template":"","format":"standard","meta":{"om_disable_all_campaigns":false,"_monsterinsights_skip_tracking":false,"_monsterinsights_sitenote_active":false,"_monsterinsights_sitenote_note":"","_monsterinsights_sitenote_category":0,"_uf_show_specific_survey":0,"_uf_disable_surveys":false,"jetpack_post_was_ever_published":false,"_jetpack_newsletter_access":"","_jetpack_dont_email_post_to_subs":false,"_jetpack_newsletter_tier_id":0,"_jetpack_memberships_contains_paywalled_content":false,"_jetpack_memberships_contains_paid_content":false,"footnotes":"","jetpack_publicize_message":"","jetpack_publicize_feature_enabled":true,"jetpack_social_post_already_shared":false,"jetpack_social_options":{"image_generator_settings":{"template":"highway","default_image_id":0,"font":"","enabled":false},"version":2}},"categories":[20],"tags":[],"class_list":["post-41677","post","type-post","status-publish","format-standard","has-post-thumbnail","hentry","category-especysociales"],"aioseo_notices":[],"views":13,"jetpack_publicize_connections":[],"jetpack_featured_media_url":"https:\/\/i0.wp.com\/elterritorialweb.com.ar\/web\/wp-content\/uploads\/2022\/06\/Noche-de-Gesta-2-de-julio.jpeg?fit=1270%2C1268","jetpack_sharing_enabled":true,"_links":{"self":[{"href":"http:\/\/elterritorialweb.com.ar\/web\/wp-json\/wp\/v2\/posts\/41677","targetHints":{"allow":["GET"]}}],"collection":[{"href":"http:\/\/elterritorialweb.com.ar\/web\/wp-json\/wp\/v2\/posts"}],"about":[{"href":"http:\/\/elterritorialweb.com.ar\/web\/wp-json\/wp\/v2\/types\/post"}],"author":[{"embeddable":true,"href":"http:\/\/elterritorialweb.com.ar\/web\/wp-json\/wp\/v2\/users\/2"}],"replies":[{"embeddable":true,"href":"http:\/\/elterritorialweb.com.ar\/web\/wp-json\/wp\/v2\/comments?post=41677"}],"version-history":[{"count":2,"href":"http:\/\/elterritorialweb.com.ar\/web\/wp-json\/wp\/v2\/posts\/41677\/revisions"}],"predecessor-version":[{"id":41681,"href":"http:\/\/elterritorialweb.com.ar\/web\/wp-json\/wp\/v2\/posts\/41677\/revisions\/41681"}],"wp:featuredmedia":[{"embeddable":true,"href":"http:\/\/elterritorialweb.com.ar\/web\/wp-json\/wp\/v2\/media\/41678"}],"wp:attachment":[{"href":"http:\/\/elterritorialweb.com.ar\/web\/wp-json\/wp\/v2\/media?parent=41677"}],"wp:term":[{"taxonomy":"category","embeddable":true,"href":"http:\/\/elterritorialweb.com.ar\/web\/wp-json\/wp\/v2\/categories?post=41677"},{"taxonomy":"post_tag","embeddable":true,"href":"http:\/\/elterritorialweb.com.ar\/web\/wp-json\/wp\/v2\/tags?post=41677"}],"curies":[{"name":"wp","href":"https:\/\/api.w.org\/{rel}","templated":true}]}}