{"id":41688,"date":"2022-06-30T18:01:49","date_gmt":"2022-06-30T18:01:49","guid":{"rendered":"http:\/\/elterritorialweb.com.ar\/web\/?p=41688"},"modified":"2022-06-30T18:16:38","modified_gmt":"2022-06-30T18:16:38","slug":"el-frente-renovador-y-progresista-va-con-la-formula-nediani-santillan-para-intendente-y-vice","status":"publish","type":"post","link":"http:\/\/elterritorialweb.com.ar\/web\/el-frente-renovador-y-progresista-va-con-la-formula-nediani-santillan-para-intendente-y-vice\/","title":{"rendered":"EL FRENTE RENOVADOR Y PROGRESISTA VA CON LA F\u00d3RMULA NEDIANI-SANTILLAN PARA INTENDENTE Y VICE"},"content":{"rendered":"\n<p>Adem\u00e1s, el frente bande\u00f1o completa la formula con la actual secretaria de gobierno, Claudia Acu\u00f1a como candidata a Defensora del Pueblo para la ciudad, y como suplente Walter Omar Peralta Rondano, actual Fiscal municipal.<br>Seg\u00fan expresaron, en miras a las pr\u00f3ximas elecciones del 7 de Agosto responde a un trabajo en equipo de la dirigencia local con el fin de brindar lo que la comunidad necesita.<br>Para concejales el listado incluye a:<\/p>\n\n\n\n<ol class=\"wp-block-list\"><li>Carlos Alberto Ruiz<\/li><li>Stella Maris Mirolo<\/li><li>Cristian Enrique Mendoza<\/li><li>Miriam Mabel Martin<\/li><li>Luis Ricardo Rodr\u00edguez<\/li><li>Mar\u00eda Gabriela Coronel<\/li><li>V\u00edctor Gustavo Orellana<\/li><li>Silvia Ramona Muzzi<\/li><li>Diego Alejandro Torrez<\/li><li>Clara Elizabet G\u00f3mez<\/li><li>Julio Patricio Castellano<\/li><li>Patricia Benita Villacorta<br>Destacando adem\u00e1s que cada candidato cumple con una amplia trayectoria y experiencia pol\u00edtica desde el espacio.<\/li><\/ol>\n","protected":false},"excerpt":{"rendered":"<p>En la ma\u00f1ana del jueves, desde el Frente Renovador y Progresista se dio a conocer la formula y candidatos para las pr\u00f3ximas elecciones, determinando al actual Concejal del FR Gabriel Higinio Santill\u00e1n como candidato a vice intendente acompa\u00f1ando la formula con Roger Elias Nediani como intendente de la \u201cCuna de Poetas y Cantores\u201d.<\/p>\n","protected":false},"author":2,"featured_media":41689,"comment_status":"open","ping_status":"open","sticky":false,"template":"","format":"standard","meta":{"om_disable_all_campaigns":false,"_monsterinsights_skip_tracking":false,"_monsterinsights_sitenote_active":false,"_monsterinsights_sitenote_note":"","_monsterinsights_sitenote_category":0,"_uf_show_specific_survey":0,"_uf_disable_surveys":false,"jetpack_post_was_ever_published":false,"_jetpack_newsletter_access":"","_jetpack_dont_email_post_to_subs":false,"_jetpack_newsletter_tier_id":0,"_jetpack_memberships_contains_paywalled_content":false,"_jetpack_memberships_contains_paid_content":false,"footnotes":"","jetpack_publicize_message":"","jetpack_publicize_feature_enabled":true,"jetpack_social_post_already_shared":false,"jetpack_social_options":{"image_generator_settings":{"template":"highway","default_image_id":0,"font":"","enabled":false},"version":2}},"categories":[18],"tags":[],"class_list":["post-41688","post","type-post","status-publish","format-standard","has-post-thumbnail","hentry","category-politica"],"aioseo_notices":[],"views":6,"jetpack_publicize_connections":[],"jetpack_featured_media_url":"https:\/\/i0.wp.com\/elterritorialweb.com.ar\/web\/wp-content\/uploads\/2022\/06\/IMG-20220630-WA0006-e1656612201798.jpg?fit=720%2C626","jetpack_sharing_enabled":true,"_links":{"self":[{"href":"http:\/\/elterritorialweb.com.ar\/web\/wp-json\/wp\/v2\/posts\/41688","targetHints":{"allow":["GET"]}}],"collection":[{"href":"http:\/\/elterritorialweb.com.ar\/web\/wp-json\/wp\/v2\/posts"}],"about":[{"href":"http:\/\/elterritorialweb.com.ar\/web\/wp-json\/wp\/v2\/types\/post"}],"author":[{"embeddable":true,"href":"http:\/\/elterritorialweb.com.ar\/web\/wp-json\/wp\/v2\/users\/2"}],"replies":[{"embeddable":true,"href":"http:\/\/elterritorialweb.com.ar\/web\/wp-json\/wp\/v2\/comments?post=41688"}],"version-history":[{"count":1,"href":"http:\/\/elterritorialweb.com.ar\/web\/wp-json\/wp\/v2\/posts\/41688\/revisions"}],"predecessor-version":[{"id":41690,"href":"http:\/\/elterritorialweb.com.ar\/web\/wp-json\/wp\/v2\/posts\/41688\/revisions\/41690"}],"wp:featuredmedia":[{"embeddable":true,"href":"http:\/\/elterritorialweb.com.ar\/web\/wp-json\/wp\/v2\/media\/41689"}],"wp:attachment":[{"href":"http:\/\/elterritorialweb.com.ar\/web\/wp-json\/wp\/v2\/media?parent=41688"}],"wp:term":[{"taxonomy":"category","embeddable":true,"href":"http:\/\/elterritorialweb.com.ar\/web\/wp-json\/wp\/v2\/categories?post=41688"},{"taxonomy":"post_tag","embeddable":true,"href":"http:\/\/elterritorialweb.com.ar\/web\/wp-json\/wp\/v2\/tags?post=41688"}],"curies":[{"name":"wp","href":"https:\/\/api.w.org\/{rel}","templated":true}]}}