{"id":41691,"date":"2022-06-30T18:51:20","date_gmt":"2022-06-30T18:51:20","guid":{"rendered":"http:\/\/elterritorialweb.com.ar\/web\/?p=41691"},"modified":"2022-06-30T18:55:52","modified_gmt":"2022-06-30T18:55:52","slug":"nacion-transferira-fondos-a-la-provincia-para-optimizar-la-alimentacion-en-comedores-escolares","status":"publish","type":"post","link":"http:\/\/elterritorialweb.com.ar\/web\/nacion-transferira-fondos-a-la-provincia-para-optimizar-la-alimentacion-en-comedores-escolares\/","title":{"rendered":"NACI\u00d3N TRANSFERIR\u00c1 FONDOS A LA PROVINCIA PARA OPTIMIZAR LA ALIMENTACI\u00d3N EN COMEDORES ESCOLARES"},"content":{"rendered":"\n<p>El gobernador <a href=\"https:\/\/www.facebook.com\/zamoraSDE?__cft__[0]=AZV60q-xh6DfpNy7f51HUGSgu6gMDoU_GDix7sRYjvWoXXfUjh0kbc8UFQKnZ3cvw9YDGY-8gqW2IgaApyFoXRteDyvLoaO8rfxWpZbmNwBdxEdD9_HwZgzUosgpiZZFQdzqmO9kJWuse0YuE6UKzQFnfsxJCTVz3rvF1O6K2_7PdQ&amp;__tn__=-]K-R\">Gerardo Zamora<\/a>, particip\u00f3 de la firma de un convenio con el ministro de Desarrollo Social, <a href=\"https:\/\/www.facebook.com\/JuanZabaletaOk?__cft__[0]=AZV60q-xh6DfpNy7f51HUGSgu6gMDoU_GDix7sRYjvWoXXfUjh0kbc8UFQKnZ3cvw9YDGY-8gqW2IgaApyFoXRteDyvLoaO8rfxWpZbmNwBdxEdD9_HwZgzUosgpiZZFQdzqmO9kJWuse0YuE6UKzQFnfsxJCTVz3rvF1O6K2_7PdQ&amp;__tn__=-]K-R\">Juan Zabaleta<\/a>, a partir del cual la Naci\u00f3n transferir\u00e1 fondos por m\u00e1s de $255 millones para optimizar la alimentaci\u00f3n en comedores escolares, beneficiando a m\u00e1s de 14 mil estudiantes de toda la provincia.<\/p>\n\n\n\n<p>La r\u00fabrica del acuerdo fue celebrada en el marco de un encuentro en el que adem\u00e1s participaron los gobernadores <a href=\"https:\/\/www.facebook.com\/GildoInsfranGobernador?__cft__[0]=AZV60q-xh6DfpNy7f51HUGSgu6gMDoU_GDix7sRYjvWoXXfUjh0kbc8UFQKnZ3cvw9YDGY-8gqW2IgaApyFoXRteDyvLoaO8rfxWpZbmNwBdxEdD9_HwZgzUosgpiZZFQdzqmO9kJWuse0YuE6UKzQFnfsxJCTVz3rvF1O6K2_7PdQ&amp;__tn__=-]K-R\">Gildo Insfr\u00e1n<\/a> (Formosa), <a href=\"https:\/\/www.facebook.com\/JMCapitanich?__cft__[0]=AZV60q-xh6DfpNy7f51HUGSgu6gMDoU_GDix7sRYjvWoXXfUjh0kbc8UFQKnZ3cvw9YDGY-8gqW2IgaApyFoXRteDyvLoaO8rfxWpZbmNwBdxEdD9_HwZgzUosgpiZZFQdzqmO9kJWuse0YuE6UKzQFnfsxJCTVz3rvF1O6K2_7PdQ&amp;__tn__=-]K-R\">Jorge Milton Capitanich<\/a> (Chaco) y <a href=\"https:\/\/www.facebook.com\/RaulAJalil?__cft__[0]=AZV60q-xh6DfpNy7f51HUGSgu6gMDoU_GDix7sRYjvWoXXfUjh0kbc8UFQKnZ3cvw9YDGY-8gqW2IgaApyFoXRteDyvLoaO8rfxWpZbmNwBdxEdD9_HwZgzUosgpiZZFQdzqmO9kJWuse0YuE6UKzQFnfsxJCTVz3rvF1O6K2_7PdQ&amp;__tn__=-]K-R\">Ra\u00fal Jalil<\/a> (Catamarca), oportunidad en la que adem\u00e1s se trazaron estrategias para articular el rol de los estados provinciales con la pol\u00edtica de transformar los programas Potenciar Trabajo en empleo registrado. <\/p>\n\n\n\n<figure class=\"wp-block-image size-large\"><a href=\"https:\/\/i0.wp.com\/elterritorialweb.com.ar\/web\/wp-content\/uploads\/2022\/06\/comedores.jpg\"><img data-recalc-dims=\"1\" decoding=\"async\" width=\"640\" height=\"427\" data-src=\"https:\/\/i0.wp.com\/elterritorialweb.com.ar\/web\/wp-content\/uploads\/2022\/06\/comedores.jpg?resize=640%2C427\" alt=\"\" class=\"wp-image-41694 lazyload\" data-srcset=\"https:\/\/i0.wp.com\/elterritorialweb.com.ar\/web\/wp-content\/uploads\/2022\/06\/comedores.jpg?resize=1024%2C683 1024w, https:\/\/i0.wp.com\/elterritorialweb.com.ar\/web\/wp-content\/uploads\/2022\/06\/comedores.jpg?resize=300%2C200 300w, https:\/\/i0.wp.com\/elterritorialweb.com.ar\/web\/wp-content\/uploads\/2022\/06\/comedores.jpg?resize=768%2C512 768w, https:\/\/i0.wp.com\/elterritorialweb.com.ar\/web\/wp-content\/uploads\/2022\/06\/comedores.jpg?resize=1536%2C1025 1536w, https:\/\/i0.wp.com\/elterritorialweb.com.ar\/web\/wp-content\/uploads\/2022\/06\/comedores.jpg?w=2048 2048w, https:\/\/i0.wp.com\/elterritorialweb.com.ar\/web\/wp-content\/uploads\/2022\/06\/comedores.jpg?w=1280 1280w, https:\/\/i0.wp.com\/elterritorialweb.com.ar\/web\/wp-content\/uploads\/2022\/06\/comedores.jpg?w=1920 1920w\" data-sizes=\"(max-width: 640px) 100vw, 640px\" src=\"data:image\/svg+xml;base64,PHN2ZyB3aWR0aD0iMSIgaGVpZ2h0PSIxIiB4bWxucz0iaHR0cDovL3d3dy53My5vcmcvMjAwMC9zdmciPjwvc3ZnPg==\" style=\"--smush-placeholder-width: 640px; --smush-placeholder-aspect-ratio: 640\/427;\" \/><\/a><\/figure>\n\n\n\n<p>\u201cEstamos trabajando d\u00eda a d\u00eda para transformar los planes en empleo formal y eso requiere de articular con gobiernos provinciales y municipales, y tambi\u00e9n con el sector privado, sindicatos y sectores de la econom\u00eda popular\u201d, indic\u00f3 Zabaleta, quien estuvo acompa\u00f1ado por el viceministro Gustavo Aguilera y la secretaria de Inclusi\u00f3n Social, Laura Alonso.<\/p>\n\n\n\n<p>En ese marco, Zamora y Zabaleta firmaron un convenio de ejecuci\u00f3n del \u201cPlan Nacional Argentina contra el Hambre\u201d y el \u201cPlan Nacional de Seguridad Alimentaria &#8211; funcionamiento de comedores escolares\u201d. El acuerdo se suscribi\u00f3 con el objetivo de optimizar la calidad de los servicios alimentarios que brindan los comedores escolares en la provincia.<\/p>\n\n\n\n<figure class=\"wp-block-image size-large\"><a href=\"https:\/\/i0.wp.com\/elterritorialweb.com.ar\/web\/wp-content\/uploads\/2022\/06\/comedores-1.jpg\"><img data-recalc-dims=\"1\" decoding=\"async\" width=\"640\" height=\"406\" data-src=\"https:\/\/i0.wp.com\/elterritorialweb.com.ar\/web\/wp-content\/uploads\/2022\/06\/comedores-1.jpg?resize=640%2C406\" alt=\"\" class=\"wp-image-41696 lazyload\" data-srcset=\"https:\/\/i0.wp.com\/elterritorialweb.com.ar\/web\/wp-content\/uploads\/2022\/06\/comedores-1.jpg?resize=1024%2C649 1024w, https:\/\/i0.wp.com\/elterritorialweb.com.ar\/web\/wp-content\/uploads\/2022\/06\/comedores-1.jpg?resize=300%2C190 300w, https:\/\/i0.wp.com\/elterritorialweb.com.ar\/web\/wp-content\/uploads\/2022\/06\/comedores-1.jpg?resize=768%2C487 768w, https:\/\/i0.wp.com\/elterritorialweb.com.ar\/web\/wp-content\/uploads\/2022\/06\/comedores-1.jpg?resize=1536%2C974 1536w, https:\/\/i0.wp.com\/elterritorialweb.com.ar\/web\/wp-content\/uploads\/2022\/06\/comedores-1.jpg?w=2048 2048w, https:\/\/i0.wp.com\/elterritorialweb.com.ar\/web\/wp-content\/uploads\/2022\/06\/comedores-1.jpg?w=1280 1280w, https:\/\/i0.wp.com\/elterritorialweb.com.ar\/web\/wp-content\/uploads\/2022\/06\/comedores-1.jpg?w=1920 1920w\" data-sizes=\"(max-width: 640px) 100vw, 640px\" src=\"data:image\/svg+xml;base64,PHN2ZyB3aWR0aD0iMSIgaGVpZ2h0PSIxIiB4bWxucz0iaHR0cDovL3d3dy53My5vcmcvMjAwMC9zdmciPjwvc3ZnPg==\" style=\"--smush-placeholder-width: 640px; --smush-placeholder-aspect-ratio: 640\/406;\" \/><\/a><\/figure>\n\n\n\n<p>Los fondos nacionales estar\u00e1n destinados a financiar las prestaciones alimentarias (fruta fresca en desayuno fortificado y almuerzo completo) para un total de 9.492 estudiantes de 54 instituciones educativas correspondientes a la rama inicial, primaria, media y especial bajo modalidad de jornada completa. Adem\u00e1s, se incluyen a 4.593 alumnos de nivel primario de 40 escuelas de modalidad de jornada extendida, destinada a peque\u00f1os de 6\u00b0 y 7\u00b0 grado, cubriendo un total de matr\u00edcula de 14.085 alumnos.<\/p>\n","protected":false},"excerpt":{"rendered":"<p>La misma beneficiar\u00e1 a m\u00e1s de 14 mil estudiantes de toda la provincia<\/p>\n","protected":false},"author":2,"featured_media":41692,"comment_status":"open","ping_status":"open","sticky":false,"template":"","format":"standard","meta":{"om_disable_all_campaigns":false,"_monsterinsights_skip_tracking":false,"_monsterinsights_sitenote_active":false,"_monsterinsights_sitenote_note":"","_monsterinsights_sitenote_category":0,"_uf_show_specific_survey":0,"_uf_disable_surveys":false,"jetpack_post_was_ever_published":false,"_jetpack_newsletter_access":"","_jetpack_dont_email_post_to_subs":false,"_jetpack_newsletter_tier_id":0,"_jetpack_memberships_contains_paywalled_content":false,"_jetpack_memberships_contains_paid_content":false,"footnotes":"","jetpack_publicize_message":"","jetpack_publicize_feature_enabled":true,"jetpack_social_post_already_shared":false,"jetpack_social_options":{"image_generator_settings":{"template":"highway","default_image_id":0,"font":"","enabled":false},"version":2}},"categories":[4,2],"tags":[],"class_list":["post-41691","post","type-post","status-publish","format-standard","has-post-thumbnail","hentry","category-destacadas","category-economia"],"aioseo_notices":[],"views":8,"jetpack_publicize_connections":[],"jetpack_featured_media_url":"https:\/\/i0.wp.com\/elterritorialweb.com.ar\/web\/wp-content\/uploads\/2022\/06\/comedores3.jpg?fit=890%2C544","jetpack_sharing_enabled":true,"_links":{"self":[{"href":"http:\/\/elterritorialweb.com.ar\/web\/wp-json\/wp\/v2\/posts\/41691","targetHints":{"allow":["GET"]}}],"collection":[{"href":"http:\/\/elterritorialweb.com.ar\/web\/wp-json\/wp\/v2\/posts"}],"about":[{"href":"http:\/\/elterritorialweb.com.ar\/web\/wp-json\/wp\/v2\/types\/post"}],"author":[{"embeddable":true,"href":"http:\/\/elterritorialweb.com.ar\/web\/wp-json\/wp\/v2\/users\/2"}],"replies":[{"embeddable":true,"href":"http:\/\/elterritorialweb.com.ar\/web\/wp-json\/wp\/v2\/comments?post=41691"}],"version-history":[{"count":2,"href":"http:\/\/elterritorialweb.com.ar\/web\/wp-json\/wp\/v2\/posts\/41691\/revisions"}],"predecessor-version":[{"id":41697,"href":"http:\/\/elterritorialweb.com.ar\/web\/wp-json\/wp\/v2\/posts\/41691\/revisions\/41697"}],"wp:featuredmedia":[{"embeddable":true,"href":"http:\/\/elterritorialweb.com.ar\/web\/wp-json\/wp\/v2\/media\/41692"}],"wp:attachment":[{"href":"http:\/\/elterritorialweb.com.ar\/web\/wp-json\/wp\/v2\/media?parent=41691"}],"wp:term":[{"taxonomy":"category","embeddable":true,"href":"http:\/\/elterritorialweb.com.ar\/web\/wp-json\/wp\/v2\/categories?post=41691"},{"taxonomy":"post_tag","embeddable":true,"href":"http:\/\/elterritorialweb.com.ar\/web\/wp-json\/wp\/v2\/tags?post=41691"}],"curies":[{"name":"wp","href":"https:\/\/api.w.org\/{rel}","templated":true}]}}