{"id":41702,"date":"2022-07-01T00:01:29","date_gmt":"2022-07-01T00:01:29","guid":{"rendered":"http:\/\/elterritorialweb.com.ar\/web\/?p=41702"},"modified":"2022-07-01T00:01:30","modified_gmt":"2022-07-01T00:01:30","slug":"forres-sera-escenario-del-campeonato-argentino-de-motociclismo-de-ovalo","status":"publish","type":"post","link":"http:\/\/elterritorialweb.com.ar\/web\/forres-sera-escenario-del-campeonato-argentino-de-motociclismo-de-ovalo\/","title":{"rendered":"FORRES SER\u00c1 ESCENARIO DEL CAMPEONATO ARGENTINO DE MOTOCICLISMO DE \u00d3VALO"},"content":{"rendered":"\n<p>El anuncio se realiz\u00f3 este jueves en el Sal\u00f3n Auditorio \u201cRam\u00f3n Carrillo\u201d del Polideportivo Provincial, por el secretario de Deporte y Recreaci\u00f3n de la provincia, Carlos Dapello; el coordinador general&nbsp; de Moto Club de Forres, Enrique Espeche, y el asesor deportivo Fernando Bravo.&nbsp;<\/p>\n\n\n\n<p>\u201cEl Campeonato Argentino de Motociclismo de \u00d3valo 2022 se realizar\u00e1 en la ciudad de Forres enmarcado en la celebraci\u00f3n y mes aniversario de nuestra Madre de Ciudades, donde tendr\u00e1 una gran participaci\u00f3n de pilotos\u201d, dijo Dapello.<\/p>\n\n\n\n<p>A su turno, Enrique Espeche, invit\u00f3 \u201ca todo el p\u00fablico en general a presenciar y disfrutar del desarrollo de la gran competencia&nbsp; motocicl\u00edstica de \u00f3valo con pilotos de las provincias de Santa Fe, C\u00f3rdoba, La Rioja, Entre R\u00edos, Jujuy, Catamarca, Santiago del Estero, Formosa y Chaco, en las diferentes categor\u00edas.<\/p>\n\n\n\n<p>\u201cEs un espect\u00e1culo deportivo muy interesante que ha congregado a muchos espectadores a lo largo de todo este tiempo, el motociclismo de \u00f3valo tiene much\u00edsimos a\u00f1os y lo venimos manteniendo\u201d, concluy\u00f3.<\/p>\n\n\n\n<p>La actividad en ambas jornadas comenzar\u00e1 a las 9 y se extender\u00e1n hasta has 17.<\/p>\n","protected":false},"excerpt":{"rendered":"<p>Este s\u00e1bado 2 y domingo 3 de julio se desarrollar\u00e1 en la ciudad de Forres, departamento Robles, la quinta fecha del Campeonato Argentino de Motociclismo de \u00d3valo 2022, en el circuito \u201cEl Tano\u201d, con la participaci\u00f3n de 167 pilotos inscritos de diferentes provincias. <\/p>\n","protected":false},"author":2,"featured_media":41703,"comment_status":"open","ping_status":"open","sticky":false,"template":"","format":"standard","meta":{"om_disable_all_campaigns":false,"_monsterinsights_skip_tracking":false,"_monsterinsights_sitenote_active":false,"_monsterinsights_sitenote_note":"","_monsterinsights_sitenote_category":0,"_uf_show_specific_survey":0,"_uf_disable_surveys":false,"jetpack_post_was_ever_published":false,"_jetpack_newsletter_access":"","_jetpack_dont_email_post_to_subs":false,"_jetpack_newsletter_tier_id":0,"_jetpack_memberships_contains_paywalled_content":false,"_jetpack_memberships_contains_paid_content":false,"footnotes":"","jetpack_publicize_message":"","jetpack_publicize_feature_enabled":true,"jetpack_social_post_already_shared":false,"jetpack_social_options":{"image_generator_settings":{"template":"highway","default_image_id":0,"font":"","enabled":false},"version":2}},"categories":[6],"tags":[],"class_list":["post-41702","post","type-post","status-publish","format-standard","has-post-thumbnail","hentry","category-deportes"],"aioseo_notices":[],"views":14,"jetpack_publicize_connections":[],"jetpack_featured_media_url":"https:\/\/i0.wp.com\/elterritorialweb.com.ar\/web\/wp-content\/uploads\/2022\/07\/motociclismo.jpeg?fit=1280%2C785","jetpack_sharing_enabled":true,"_links":{"self":[{"href":"http:\/\/elterritorialweb.com.ar\/web\/wp-json\/wp\/v2\/posts\/41702","targetHints":{"allow":["GET"]}}],"collection":[{"href":"http:\/\/elterritorialweb.com.ar\/web\/wp-json\/wp\/v2\/posts"}],"about":[{"href":"http:\/\/elterritorialweb.com.ar\/web\/wp-json\/wp\/v2\/types\/post"}],"author":[{"embeddable":true,"href":"http:\/\/elterritorialweb.com.ar\/web\/wp-json\/wp\/v2\/users\/2"}],"replies":[{"embeddable":true,"href":"http:\/\/elterritorialweb.com.ar\/web\/wp-json\/wp\/v2\/comments?post=41702"}],"version-history":[{"count":1,"href":"http:\/\/elterritorialweb.com.ar\/web\/wp-json\/wp\/v2\/posts\/41702\/revisions"}],"predecessor-version":[{"id":41704,"href":"http:\/\/elterritorialweb.com.ar\/web\/wp-json\/wp\/v2\/posts\/41702\/revisions\/41704"}],"wp:featuredmedia":[{"embeddable":true,"href":"http:\/\/elterritorialweb.com.ar\/web\/wp-json\/wp\/v2\/media\/41703"}],"wp:attachment":[{"href":"http:\/\/elterritorialweb.com.ar\/web\/wp-json\/wp\/v2\/media?parent=41702"}],"wp:term":[{"taxonomy":"category","embeddable":true,"href":"http:\/\/elterritorialweb.com.ar\/web\/wp-json\/wp\/v2\/categories?post=41702"},{"taxonomy":"post_tag","embeddable":true,"href":"http:\/\/elterritorialweb.com.ar\/web\/wp-json\/wp\/v2\/tags?post=41702"}],"curies":[{"name":"wp","href":"https:\/\/api.w.org\/{rel}","templated":true}]}}