{"id":41715,"date":"2022-07-01T03:09:46","date_gmt":"2022-07-01T03:09:46","guid":{"rendered":"http:\/\/elterritorialweb.com.ar\/web\/?p=41715"},"modified":"2022-07-01T03:09:46","modified_gmt":"2022-07-01T03:09:46","slug":"cerruti-estamos-llevando-un-camino-de-crecimiento-con-redistribucion","status":"publish","type":"post","link":"http:\/\/elterritorialweb.com.ar\/web\/cerruti-estamos-llevando-un-camino-de-crecimiento-con-redistribucion\/","title":{"rendered":"CERRUTI: \u00abESTAMOS LLEVANDO UN CAMINO DE CRECIMIENTO CON REDISTRIBUCI\u00d3N\u00bb"},"content":{"rendered":"\n<p>En la habitual conferencia de prensa que brinda a los periodistas acreditados en la Casa Rosada, Cerruti se\u00f1al\u00f3 que \u201clos n\u00fameros que ayer present\u00f3 el INDEC indican que estamos en el camino correcto en cuanto a la redistribuci\u00f3n del ingreso\u201d.<\/p>\n\n\n\n<p>Detall\u00f3 que el coeficiente de GINI, indicador que mide la desigualdad en la distribuci\u00f3n del ingreso en toda la poblaci\u00f3n, se redujo a 0,43, alcanzando \u201cel menor nivel para este per\u00edodo desde el a\u00f1o 2016\u201d, en tanto que la diferencia entre el decil m\u00e1s rico y el m\u00e1s pobre de la poblaci\u00f3n se redujo de 17 a 15 veces. \u201cEsto quiere decir que se achica la brecha y que se va corrigiendo la injusticia y la desigualdad, y esto es un dato central y fundamental para este Gobierno\u201d, asegur\u00f3.<\/p>\n\n\n\n<p>\u201cTambi\u00e9n esperamos con expectativas los datos que se presentar\u00e1n hoy sobre crecimiento econ\u00f3mico y recuperaci\u00f3n del salario, porque las mediciones propias del Gobierno indican que son datos positivos\u201d, se\u00f1al\u00f3 la funcionaria.<\/p>\n\n\n\n<p>Y valor\u00f3, asimismo, que en los \u00faltimos d\u00edas el Ministerio de Econom\u00eda \u201cpudo hacer frente a todos los vencimientos y obtuvo financiaci\u00f3n extra con respecto a lo que se buscaba\u201d, mientras que en los \u00faltimos tres d\u00edas crecieron las reservas en casi 900 millones de d\u00f3lares.<\/p>\n\n\n\n<p>En su presentaci\u00f3n, la portavoz tambi\u00e9n hizo referencia al convenio que firm\u00f3 ayer la Naci\u00f3n con Santa Fe, que responde a un fallo de la Corte Suprema de Justicia de finales de 2015 a favor de la provincia, por el cual \u201cse va a cancelar una deuda hist\u00f3rica\u201d. \u201cDurante los cuatro a\u00f1os del macrismo esta deuda no se hab\u00eda cancelado y representa un paso hist\u00f3rico para fortalecer el concepto de pa\u00eds federal que tiene este Gobierno\u201d, subray\u00f3.<\/p>\n\n\n\n<p>En el mismo sentido resalt\u00f3 que el Gobierno \u201canunci\u00f3 ayer la inversi\u00f3n en equipamiento cient\u00edfico m\u00e1s importante de la historia argentina\u201d.<\/p>\n\n\n\n<p>Se trata de un monto de 7.800 millones de pesos que ser\u00e1 destinado a 65 instituciones de todo el pa\u00eds y que \u201cforma parte de cumplir con la Ley de Financiamiento para la Ciencia y la T\u00e9cnica\u201d. El programa apunta a avanzar en la transformaci\u00f3n del sistema productivo mediante el equipamiento de mediano y gran porte para la realizaci\u00f3n de estudios y\/o an\u00e1lisis de alta complejidad en \u00e1reas consideradas estrat\u00e9gicas.<\/p>\n\n\n\n<p>Adem\u00e1s, Cerruti anunci\u00f3 que la Administraci\u00f3n Federal de Ingresos P\u00fablicos (AFIP) va a aumentar a partir de hoy un 69 por ciento el reintegro para compras con tarjetas de d\u00e9bito de los sectores vulnerables. El beneficio alcanza a todas las personas cuyo \u00fanico ingreso sea una jubilaci\u00f3n o pensi\u00f3n, un haber m\u00ednimo y a los y las titulares de la AUH y de la Asignaci\u00f3n Universal por Embarazo.<\/p>\n\n\n\n<p>El nuevo monto de reintegro mensual asciende a 2.028 pesos por beneficiario, con un m\u00e1ximo de 4.057 pesos para las familias con dos o m\u00e1s hijos, y \u201crepresenta un incremento importante de sus ingresos\u201d, consider\u00f3. La herramienta estar\u00e1 vigente hasta el 31 de diciembre y tambi\u00e9n cubrir\u00e1 las operaciones abonadas bajo la modalidad de Pago Electr\u00f3nico Inmediato (PEI) o c\u00f3digos de respuesta r\u00e1pida (QR).<\/p>\n\n\n\n<p>\u201cTodas estas informaciones muestran que el camino del crecimiento con redistribuci\u00f3n, con b\u00fasqueda de mayor igualdad en la Argentina, es el que estamos llevando adelante y que nos da cierta expectativa de seguir profundizando\u201d, afirm\u00f3.<\/p>\n","protected":false},"excerpt":{"rendered":"<p>La portavoz Presidencial, Gabriela Cerruti, celebr\u00f3 los \u00faltimos datos provistos por el Instituto Nacional de Estad\u00edsticas y Censos (INDEC), que reflejan una disminuci\u00f3n de la desigualdad en funci\u00f3n de las pol\u00edticas de redistribuci\u00f3n del ingreso implementadas por el Gobierno nacional, y a su vez destac\u00f3 la \u201cinversi\u00f3n en equipamiento cient\u00edfico m\u00e1s importante de la historia argentina\u201d destinada a equipar 65 instituciones de ciencia y tecnolog\u00eda en todo el pa\u00eds.<\/p>\n","protected":false},"author":2,"featured_media":41716,"comment_status":"open","ping_status":"open","sticky":false,"template":"","format":"standard","meta":{"om_disable_all_campaigns":false,"_monsterinsights_skip_tracking":false,"_monsterinsights_sitenote_active":false,"_monsterinsights_sitenote_note":"","_monsterinsights_sitenote_category":0,"_uf_show_specific_survey":0,"_uf_disable_surveys":false,"jetpack_post_was_ever_published":false,"_jetpack_newsletter_access":"","_jetpack_dont_email_post_to_subs":false,"_jetpack_newsletter_tier_id":0,"_jetpack_memberships_contains_paywalled_content":false,"_jetpack_memberships_contains_paid_content":false,"footnotes":"","jetpack_publicize_message":"","jetpack_publicize_feature_enabled":true,"jetpack_social_post_already_shared":false,"jetpack_social_options":{"image_generator_settings":{"template":"highway","default_image_id":0,"font":"","enabled":false},"version":2}},"categories":[18],"tags":[],"class_list":["post-41715","post","type-post","status-publish","format-standard","has-post-thumbnail","hentry","category-politica"],"aioseo_notices":[],"views":7,"jetpack_publicize_connections":[],"jetpack_featured_media_url":"https:\/\/i0.wp.com\/elterritorialweb.com.ar\/web\/wp-content\/uploads\/2022\/07\/GabrielaCerruti1.jpg?fit=1940%2C1293","jetpack_sharing_enabled":true,"_links":{"self":[{"href":"http:\/\/elterritorialweb.com.ar\/web\/wp-json\/wp\/v2\/posts\/41715","targetHints":{"allow":["GET"]}}],"collection":[{"href":"http:\/\/elterritorialweb.com.ar\/web\/wp-json\/wp\/v2\/posts"}],"about":[{"href":"http:\/\/elterritorialweb.com.ar\/web\/wp-json\/wp\/v2\/types\/post"}],"author":[{"embeddable":true,"href":"http:\/\/elterritorialweb.com.ar\/web\/wp-json\/wp\/v2\/users\/2"}],"replies":[{"embeddable":true,"href":"http:\/\/elterritorialweb.com.ar\/web\/wp-json\/wp\/v2\/comments?post=41715"}],"version-history":[{"count":1,"href":"http:\/\/elterritorialweb.com.ar\/web\/wp-json\/wp\/v2\/posts\/41715\/revisions"}],"predecessor-version":[{"id":41717,"href":"http:\/\/elterritorialweb.com.ar\/web\/wp-json\/wp\/v2\/posts\/41715\/revisions\/41717"}],"wp:featuredmedia":[{"embeddable":true,"href":"http:\/\/elterritorialweb.com.ar\/web\/wp-json\/wp\/v2\/media\/41716"}],"wp:attachment":[{"href":"http:\/\/elterritorialweb.com.ar\/web\/wp-json\/wp\/v2\/media?parent=41715"}],"wp:term":[{"taxonomy":"category","embeddable":true,"href":"http:\/\/elterritorialweb.com.ar\/web\/wp-json\/wp\/v2\/categories?post=41715"},{"taxonomy":"post_tag","embeddable":true,"href":"http:\/\/elterritorialweb.com.ar\/web\/wp-json\/wp\/v2\/tags?post=41715"}],"curies":[{"name":"wp","href":"https:\/\/api.w.org\/{rel}","templated":true}]}}