{"id":41725,"date":"2022-07-01T04:15:18","date_gmt":"2022-07-01T04:15:18","guid":{"rendered":"http:\/\/elterritorialweb.com.ar\/web\/?p=41725"},"modified":"2022-07-01T04:15:18","modified_gmt":"2022-07-01T04:15:18","slug":"la-actividad-economica-crecio-51-interanual-en-abril","status":"publish","type":"post","link":"http:\/\/elterritorialweb.com.ar\/web\/la-actividad-economica-crecio-51-interanual-en-abril\/","title":{"rendered":"LA ACTIVIDAD ECON\u00d3MICA CRECI\u00d3 5,1% INTERANUAL EN ABRIL"},"content":{"rendered":"\n<p>La actividad econ\u00f3mica creci\u00f3 durante abril 5,1 % en relaci\u00f3n a igual mes del a\u00f1o pasado, inform\u00f3 este jueves el Instituto Nacional de Estad\u00edstica y Censos (Indec) al dar a conocer el Estimador Mensual de la Actividad Econ\u00f3mica (EMAE) de abril que registr\u00f3 tambi\u00e9n una suba del 0,6 % en comparaci\u00f3n a marzo y acumul\u00f3 un alza del 5,7 % en el primer cuatrimestre del a\u00f1o.<\/p>\n\n\n\n<p>De esta manera&nbsp;<strong>la actividad supera por once meses consecutivos el nivel precovid de febrero de 2020 (5,8%) y se ubica a solo -2,7% del m\u00e1ximo de noviembre de 2017<\/strong>, en tanto que la serie tendencia-ciclo registr\u00f3 una suba de 0,4% mensual, llevando veinte meses en alza<\/p>\n\n\n\n<p>Luego de que el Indec diera a conocer las cifras, el Ministerio de Econom\u00eda destac\u00f3 a trav\u00e9s de un informe que\u00a0<strong>\u201cen t\u00e9rminos interanuales, la suba de abril \u201caceler\u00f3 la tasa de crecimiento hasta 5,1%, por encima del 4,5% registrado en marzo, y acumula catorce meses en alza\u201d.<\/strong><\/p>\n\n\n\n<figure class=\"wp-block-embed is-type-rich is-provider-twitter wp-block-embed-twitter\"><div class=\"wp-block-embed__wrapper\">\n<blockquote class=\"twitter-tweet\" data-width=\"550\" data-dnt=\"true\"><p lang=\"es\" dir=\"ltr\"><a href=\"https:\/\/twitter.com\/hashtag\/DatoINDEC?src=hash&amp;ref_src=twsrc%5Etfw\">#DatoINDEC<\/a><br>La actividad econ\u00f3mica creci\u00f3 0,6% en abril de 2022 respecto de marzo y 5,1% interanual <a href=\"https:\/\/t.co\/zdIhezYWrl\">https:\/\/t.co\/zdIhezYWrl<\/a> <a href=\"https:\/\/t.co\/QpHpcgMNse\">pic.twitter.com\/QpHpcgMNse<\/a><\/p>&mdash; INDEC Argentina (@INDECArgentina) <a href=\"https:\/\/twitter.com\/INDECArgentina\/status\/1542583902979735554?ref_src=twsrc%5Etfw\">June 30, 2022<\/a><\/blockquote><script async src=\"https:\/\/platform.twitter.com\/widgets.js\" charset=\"utf-8\"><\/script>\n<\/div><\/figure>\n\n\n\n<p>Si se compara contra abril de 2019, el EMAE crece 1,5%, con suba de 0,4% frente a abril de 2018 y de 0,2% contra abril de 2017.<\/p>\n\n\n\n<h3 class=\"wp-block-heading\">Por sector<\/h3>\n\n\n\n<p>Por sector de actividad, en abril crecieron de forma interanual todos los sectores que integran el indicador con excepci\u00f3n de&nbsp;<strong>Agropecuario<\/strong>, que baj\u00f3 7%, con un impacto de -0,8 puntos porcentuales (pp) sobre el crecimiento. Registraron subas de dos d\u00edgitos&nbsp;<strong>Pesca<\/strong>, con el 68 %; y un aporte de 0,2 pp;&nbsp;<strong>Hoteles y restaurantes<\/strong>, 40,1%; y 0,3 pp y&nbsp;<strong>Minas y canteras<\/strong>, con el 17,2%; y aporte 0,5 pp.<\/p>\n\n\n\n<p>Se destacaron tambi\u00e9n las subas de&nbsp;<strong>Comercio<\/strong>, con el 6,7% y 0,8 pp), la&nbsp;<strong>Industria<\/strong>, 4,7% y 0,7 pp; junto con&nbsp;<strong>Actividades inmobiliarias, empresariales y de alquiler<\/strong>&nbsp;5,7% y 0,6 pp y el rubro&nbsp;<strong>Transporte y comunicaciones<\/strong>&nbsp;avanz\u00f3 7 %; y 0,55 pp).<\/p>\n\n\n\n<p>Estos cuatro sectores, sumado a los&nbsp;<strong>Impuestos&nbsp;<\/strong>(+6,4%; aporte 1,1 pp), explicaron el 74% del crecimiento del EMAE.<\/p>\n\n\n\n<p>El ministro de Econom\u00eda,&nbsp;<strong>Mart\u00edn Guzm\u00e1n<\/strong>&nbsp;estim\u00f3 que \u201ccomo m\u00ednimo\u201d este a\u00f1o el Producto Bruto Interno, del cual el EMAE recoge varios indicadores, aumentar\u00e1 4%.<\/p>\n\n\n\n<p><strong>\u201cTengo una convicci\u00f3n absoluta sobre cu\u00e1l es el camino para mejorarle la vida a los argentinos y trabajo bajo la l\u00ednea del Presidente. Cada quien tiene visiones sobre cuestiones importantes\u201d<\/strong>, dijo el lunes Guzm\u00e1n en declaraciones a Radio con Vos.<\/p>\n\n\n\n<p>El funcionario se\u00f1al\u00f3 que desde el Gobierno se ve \u00abun camino de progreso con grandes oportunidades hacia adelante y tambi\u00e9n desaf\u00edos: Vamos a exportar cerca de los US$ 90.000 millones. Argentina est\u00e1 construyendo capacidad para crecer\u201d.<\/p>\n\n\n\n<p>Por su parte, el ministro de Desarrollo Productivo,&nbsp;<strong>Daniel Scioli<\/strong>, afirm\u00f3 que el \u00abgran desaf\u00edo\u00bb para incrementar las reservas internacionales es \u00abque vayan surgiendo genuinamente inversiones y mayores niveles de exportaci\u00f3n\u00bb, mientras que \u00abantes el camino era ir a endeudarse irresponsablemente\u00bb.<\/p>\n\n\n\n<p><strong>\u00abAntes el camino era ir a endeudarse irresponsablemente y vimos las consecuencias que tuvo; ac\u00e1 el gran desaf\u00edo es que vayan surgiendo genuinamente inversiones y mayores niveles de exportaci\u00f3n\u00bb<\/strong>, afirm\u00f3 Scioli esta ma\u00f1ana en declaraciones a radio El Destape.<\/p>\n\n\n\n<p>Por otra parte, el ministro dijo que \u201chay que trabajar en la baja del d\u00e9ficit fiscal, como en una familia, en una empresa o un pa\u00eds, no hay que gastar m\u00e1s de lo que entra\u201d.<\/p>\n\n\n\n<p>\u00abEs bueno tener las cosas equilibradas y eso se logra con mayor expansi\u00f3n, con mayor eficiencia en el gasto y tomando decisiones que haya que tomar\u201d, agreg\u00f3.<\/p>\n\n\n\n<p>Sostuvo que \u00abatravesando esta coyuntura, estoy seguro de lo que tenemos por delante con sectores estrat\u00e9gicos: el agro para generar divisas, la miner\u00eda para generar un circuito virtuoso de inversiones, todo lo que viene en materia energ\u00e9tica con el gas\u00bb.<\/p>\n","protected":false},"excerpt":{"rendered":"<p>El Estimador Mensual de la Actividad Econ\u00f3mica (EMAE) acumula un alza del 5,7 % en el primer cuatrimestre del a\u00f1o, inform\u00f3 el Instituto Nacional de Estad\u00edstica y Censos.<\/p>\n","protected":false},"author":2,"featured_media":41726,"comment_status":"open","ping_status":"open","sticky":false,"template":"","format":"standard","meta":{"om_disable_all_campaigns":false,"_monsterinsights_skip_tracking":false,"_monsterinsights_sitenote_active":false,"_monsterinsights_sitenote_note":"","_monsterinsights_sitenote_category":0,"_uf_show_specific_survey":0,"_uf_disable_surveys":false,"jetpack_post_was_ever_published":false,"_jetpack_newsletter_access":"","_jetpack_dont_email_post_to_subs":false,"_jetpack_newsletter_tier_id":0,"_jetpack_memberships_contains_paywalled_content":false,"_jetpack_memberships_contains_paid_content":false,"footnotes":"","jetpack_publicize_message":"","jetpack_publicize_feature_enabled":true,"jetpack_social_post_already_shared":false,"jetpack_social_options":{"image_generator_settings":{"template":"highway","default_image_id":0,"font":"","enabled":false},"version":2}},"categories":[2],"tags":[],"class_list":["post-41725","post","type-post","status-publish","format-standard","has-post-thumbnail","hentry","category-economia"],"aioseo_notices":[],"views":6,"jetpack_publicize_connections":[],"jetpack_featured_media_url":"https:\/\/i0.wp.com\/elterritorialweb.com.ar\/web\/wp-content\/uploads\/2022\/07\/20210527-Industria-automotriz-Grupo-PSA-Argentina.jpg?fit=1200%2C800","jetpack_sharing_enabled":true,"_links":{"self":[{"href":"http:\/\/elterritorialweb.com.ar\/web\/wp-json\/wp\/v2\/posts\/41725","targetHints":{"allow":["GET"]}}],"collection":[{"href":"http:\/\/elterritorialweb.com.ar\/web\/wp-json\/wp\/v2\/posts"}],"about":[{"href":"http:\/\/elterritorialweb.com.ar\/web\/wp-json\/wp\/v2\/types\/post"}],"author":[{"embeddable":true,"href":"http:\/\/elterritorialweb.com.ar\/web\/wp-json\/wp\/v2\/users\/2"}],"replies":[{"embeddable":true,"href":"http:\/\/elterritorialweb.com.ar\/web\/wp-json\/wp\/v2\/comments?post=41725"}],"version-history":[{"count":1,"href":"http:\/\/elterritorialweb.com.ar\/web\/wp-json\/wp\/v2\/posts\/41725\/revisions"}],"predecessor-version":[{"id":41727,"href":"http:\/\/elterritorialweb.com.ar\/web\/wp-json\/wp\/v2\/posts\/41725\/revisions\/41727"}],"wp:featuredmedia":[{"embeddable":true,"href":"http:\/\/elterritorialweb.com.ar\/web\/wp-json\/wp\/v2\/media\/41726"}],"wp:attachment":[{"href":"http:\/\/elterritorialweb.com.ar\/web\/wp-json\/wp\/v2\/media?parent=41725"}],"wp:term":[{"taxonomy":"category","embeddable":true,"href":"http:\/\/elterritorialweb.com.ar\/web\/wp-json\/wp\/v2\/categories?post=41725"},{"taxonomy":"post_tag","embeddable":true,"href":"http:\/\/elterritorialweb.com.ar\/web\/wp-json\/wp\/v2\/tags?post=41725"}],"curies":[{"name":"wp","href":"https:\/\/api.w.org\/{rel}","templated":true}]}}