{"id":41748,"date":"2022-07-02T22:51:12","date_gmt":"2022-07-02T22:51:12","guid":{"rendered":"http:\/\/elterritorialweb.com.ar\/web\/?p=41748"},"modified":"2022-07-03T02:45:57","modified_gmt":"2022-07-03T02:45:57","slug":"renuncio-martin-guzman-a-su-cargo-de-ministro-de-economia","status":"publish","type":"post","link":"http:\/\/elterritorialweb.com.ar\/web\/renuncio-martin-guzman-a-su-cargo-de-ministro-de-economia\/","title":{"rendered":"RENUNCI\u00d3 MART\u00cdN GUZMAN A SU CARGO DE MINISTRO DE ECONOM\u00cdA"},"content":{"rendered":"\n<p>Mart\u00edn Guzm\u00e1n renunci\u00f3 a su cargo como ministro de Econom\u00eda, en una carta dirigida al presidente Alberto Fern\u00e1ndez publicada esta tarde en su cuenta de la red social Twitter.<\/p>\n\n\n\n<p>\u00abCon la profunda convicci\u00f3n y la confianza en mi visi\u00f3n sobre cu\u00e1l es el camino que debe seguir la Argentina, seguir\u00e9 trabajando y actuando por una Patria m\u00e1s justa, libre y soberana\u00bb, afirm\u00f3 Guzm\u00e1n.<\/p>\n\n\n\n<p>En su carta al Presidente, el ahora exfuncionario le agradeci\u00f3 su confianza y consider\u00f3 \u00abun verdadero honor acompa\u00f1arlo en la tarea de poner a nuestro pa\u00eds de pie\u00bb.<\/p>\n\n\n\n<p>\u00abJuntos hemos dado pasos para que la econom\u00eda de nuestro pa\u00eds se recupere y crezca. La hora necesita que quien Usted disponga tome las riendas del Ministerio que hasta hoy tuve el honor de conducir\u00bb, afirm\u00f3, tras realizar un extenso an\u00e1lisis de su gesti\u00f3n al frente de la cartera.<\/p>\n\n\n\n<p>Para Guzm\u00e1n, \u00abser\u00e1 primordial que trabaje en un acuerdo pol\u00edtico dentro de la coalici\u00f3n gobernante para que quien me reemplace, que tendr\u00e1 por delante esta alta responsabilidad, cuente con el manejo centralizado de los instrumentos de pol\u00edtica macroecon\u00f3mica necesarios para consolidar los avances descriptos y hacer frente a los desaf\u00edos por delante\u00bb.<\/p>\n\n\n\n<p>\u00abEso ayudar\u00e1 a que quien me suceda pueda llevar adelante las gestiones conducentes al progreso econ\u00f3mico y social con el apoyo pol\u00edtico que es necesario para que aquellas sean efectivas\u00bb, complet\u00f3.<\/p>\n\n\n\n<p>El texto completo de la renuncia<\/p>\n\n\n\n<iframe class=\"scribd_iframe_embed lazyload\" title=\"Renunci\u00f3 Guzm\u00e1n al cargo de ministro de Econom\u00eda\" data-src=\"https:\/\/www.scribd.com\/embeds\/580845462\/content?start_page=1&#038;view_mode=scroll&#038;access_key=key-V4rwaaj8W7svXjdfCBxp\" tabindex=\"0\" data-auto-height=\"true\" data-aspect-ratio=\"0.7729220222793488\" scrolling=\"no\" width=\"100%\" height=\"600\" frameborder=\"0\" src=\"data:image\/svg+xml;base64,PHN2ZyB3aWR0aD0iMSIgaGVpZ2h0PSIxIiB4bWxucz0iaHR0cDovL3d3dy53My5vcmcvMjAwMC9zdmciPjwvc3ZnPg==\" data-load-mode=\"1\"><\/iframe><p  style=\"   margin: 12px auto 6px auto;   font-family: Helvetica,Arial,Sans-serif;   font-style: normal;   font-variant: normal;   font-weight: normal;   font-size: 14px;   line-height: normal;   font-size-adjust: none;   font-stretch: normal;   -x-system-font: none;   display: block;\"   ><a title=\"View Renunci\u00f3 Guzm\u00e1n al cargo de ministro de Econom\u00eda on Scribd\" href=\"https:\/\/www.scribd.com\/document\/580845462\/Renuncio-Guzman-al-cargo-de-ministro-de-Economia#from_embed\"  style=\"text-decoration: underline;\">Renunci\u00f3 Guzm\u00e1n al cargo de&#8230;<\/a> by <a title=\"View T\u00e9lam's profile on Scribd\" href=\"https:\/\/www.scribd.com\/user\/276843644\/Telam#from_embed\"  style=\"text-decoration: underline;\">T\u00e9lam<\/a><\/p>\n","protected":false},"excerpt":{"rendered":"<p>\u00abCon la profunda convicci\u00f3n y la confianza en mi visi\u00f3n sobre cu\u00e1l es el camino que debe seguir la Argentina, seguir\u00e9 trabajando y actuando por una Patria m\u00e1s justa, libre y soberana\u00bb, afirm\u00f3.<\/p>\n","protected":false},"author":2,"featured_media":41749,"comment_status":"open","ping_status":"open","sticky":false,"template":"","format":"standard","meta":{"om_disable_all_campaigns":false,"_monsterinsights_skip_tracking":false,"_monsterinsights_sitenote_active":false,"_monsterinsights_sitenote_note":"","_monsterinsights_sitenote_category":0,"_uf_show_specific_survey":0,"_uf_disable_surveys":false,"jetpack_post_was_ever_published":false,"_jetpack_newsletter_access":"","_jetpack_dont_email_post_to_subs":false,"_jetpack_newsletter_tier_id":0,"_jetpack_memberships_contains_paywalled_content":false,"_jetpack_memberships_contains_paid_content":false,"footnotes":"","jetpack_publicize_message":"","jetpack_publicize_feature_enabled":true,"jetpack_social_post_already_shared":false,"jetpack_social_options":{"image_generator_settings":{"template":"highway","default_image_id":0,"font":"","enabled":false},"version":2}},"categories":[4,2],"tags":[],"class_list":["post-41748","post","type-post","status-publish","format-standard","has-post-thumbnail","hentry","category-destacadas","category-economia"],"aioseo_notices":[],"views":6,"jetpack_publicize_connections":[],"jetpack_featured_media_url":"https:\/\/i0.wp.com\/elterritorialweb.com.ar\/web\/wp-content\/uploads\/2022\/07\/MARTIN-GUZMAN.jpg?fit=2000%2C1333","jetpack_sharing_enabled":true,"_links":{"self":[{"href":"http:\/\/elterritorialweb.com.ar\/web\/wp-json\/wp\/v2\/posts\/41748","targetHints":{"allow":["GET"]}}],"collection":[{"href":"http:\/\/elterritorialweb.com.ar\/web\/wp-json\/wp\/v2\/posts"}],"about":[{"href":"http:\/\/elterritorialweb.com.ar\/web\/wp-json\/wp\/v2\/types\/post"}],"author":[{"embeddable":true,"href":"http:\/\/elterritorialweb.com.ar\/web\/wp-json\/wp\/v2\/users\/2"}],"replies":[{"embeddable":true,"href":"http:\/\/elterritorialweb.com.ar\/web\/wp-json\/wp\/v2\/comments?post=41748"}],"version-history":[{"count":1,"href":"http:\/\/elterritorialweb.com.ar\/web\/wp-json\/wp\/v2\/posts\/41748\/revisions"}],"predecessor-version":[{"id":41750,"href":"http:\/\/elterritorialweb.com.ar\/web\/wp-json\/wp\/v2\/posts\/41748\/revisions\/41750"}],"wp:featuredmedia":[{"embeddable":true,"href":"http:\/\/elterritorialweb.com.ar\/web\/wp-json\/wp\/v2\/media\/41749"}],"wp:attachment":[{"href":"http:\/\/elterritorialweb.com.ar\/web\/wp-json\/wp\/v2\/media?parent=41748"}],"wp:term":[{"taxonomy":"category","embeddable":true,"href":"http:\/\/elterritorialweb.com.ar\/web\/wp-json\/wp\/v2\/categories?post=41748"},{"taxonomy":"post_tag","embeddable":true,"href":"http:\/\/elterritorialweb.com.ar\/web\/wp-json\/wp\/v2\/tags?post=41748"}],"curies":[{"name":"wp","href":"https:\/\/api.w.org\/{rel}","templated":true}]}}