{"id":41756,"date":"2022-07-03T01:32:29","date_gmt":"2022-07-03T01:32:29","guid":{"rendered":"http:\/\/elterritorialweb.com.ar\/web\/?p=41756"},"modified":"2022-07-03T02:46:32","modified_gmt":"2022-07-03T02:46:32","slug":"cartelera-variada-para-este-domingo-en-la-feria-artesanal","status":"publish","type":"post","link":"http:\/\/elterritorialweb.com.ar\/web\/cartelera-variada-para-este-domingo-en-la-feria-artesanal\/","title":{"rendered":"CARTELERA VARIADA PARA ESTE DOMINGO EN LA FERIA ARTESANAL"},"content":{"rendered":"\n<p>Con una variedad de 400 stands de emprendedores locales y de otras provincias, el espacio comenzar\u00e1 su actividad desde las 12. Durante el mediod\u00eda contar\u00e1 con la presentaci\u00f3n de los m\u00fasicos Marcos Vargas, Jos\u00e9 Quiroga y Daniela Anriquez, mientras que por la tarde, a partir de las 19, actuar\u00e1n Celena, Ale Carabajal, Agustin Cartier, Danza Asi y Hugo Veliz y los M\u00e1gicos.<\/p>\n\n\n\n<p>La feria forma parte de los eventos de acceso libres y gratuitos programados por el municipio durante todo el mes de julio en conmemoraci\u00f3n de los 469 a\u00f1os de la Madre de Ciudades.<\/p>\n\n\n\n<p>Tanto en la apertura del viernes como en la jornada del s\u00e1bado, la feria tuvo una multitudinaria concurrencia por sus atractivos para las familias.<\/p>\n","protected":false},"excerpt":{"rendered":"<p>La Feria Artesanal 2022 organizada por la Municipalidad de la Capital continuar\u00e1 este domingo con su amplia propuesta gastron\u00f3mica, de emprendedores y de espect\u00e1culos art\u00edsticos, en el tradicional predio del Parque Aguirre.<\/p>\n","protected":false},"author":2,"featured_media":41757,"comment_status":"open","ping_status":"open","sticky":false,"template":"","format":"standard","meta":{"om_disable_all_campaigns":false,"_monsterinsights_skip_tracking":false,"_monsterinsights_sitenote_active":false,"_monsterinsights_sitenote_note":"","_monsterinsights_sitenote_category":0,"_uf_show_specific_survey":0,"_uf_disable_surveys":false,"jetpack_post_was_ever_published":false,"_jetpack_newsletter_access":"","_jetpack_dont_email_post_to_subs":false,"_jetpack_newsletter_tier_id":0,"_jetpack_memberships_contains_paywalled_content":false,"_jetpack_memberships_contains_paid_content":false,"footnotes":"","jetpack_publicize_message":"","jetpack_publicize_feature_enabled":true,"jetpack_social_post_already_shared":false,"jetpack_social_options":{"image_generator_settings":{"template":"highway","default_image_id":0,"font":"","enabled":false},"version":2}},"categories":[4,20],"tags":[],"class_list":["post-41756","post","type-post","status-publish","format-standard","has-post-thumbnail","hentry","category-destacadas","category-especysociales"],"aioseo_notices":[],"views":31,"jetpack_publicize_connections":[],"jetpack_featured_media_url":"https:\/\/i0.wp.com\/elterritorialweb.com.ar\/web\/wp-content\/uploads\/2022\/07\/feria-2022.jpeg?fit=1280%2C836","jetpack_sharing_enabled":true,"_links":{"self":[{"href":"http:\/\/elterritorialweb.com.ar\/web\/wp-json\/wp\/v2\/posts\/41756","targetHints":{"allow":["GET"]}}],"collection":[{"href":"http:\/\/elterritorialweb.com.ar\/web\/wp-json\/wp\/v2\/posts"}],"about":[{"href":"http:\/\/elterritorialweb.com.ar\/web\/wp-json\/wp\/v2\/types\/post"}],"author":[{"embeddable":true,"href":"http:\/\/elterritorialweb.com.ar\/web\/wp-json\/wp\/v2\/users\/2"}],"replies":[{"embeddable":true,"href":"http:\/\/elterritorialweb.com.ar\/web\/wp-json\/wp\/v2\/comments?post=41756"}],"version-history":[{"count":1,"href":"http:\/\/elterritorialweb.com.ar\/web\/wp-json\/wp\/v2\/posts\/41756\/revisions"}],"predecessor-version":[{"id":41758,"href":"http:\/\/elterritorialweb.com.ar\/web\/wp-json\/wp\/v2\/posts\/41756\/revisions\/41758"}],"wp:featuredmedia":[{"embeddable":true,"href":"http:\/\/elterritorialweb.com.ar\/web\/wp-json\/wp\/v2\/media\/41757"}],"wp:attachment":[{"href":"http:\/\/elterritorialweb.com.ar\/web\/wp-json\/wp\/v2\/media?parent=41756"}],"wp:term":[{"taxonomy":"category","embeddable":true,"href":"http:\/\/elterritorialweb.com.ar\/web\/wp-json\/wp\/v2\/categories?post=41756"},{"taxonomy":"post_tag","embeddable":true,"href":"http:\/\/elterritorialweb.com.ar\/web\/wp-json\/wp\/v2\/tags?post=41756"}],"curies":[{"name":"wp","href":"https:\/\/api.w.org\/{rel}","templated":true}]}}