{"id":41763,"date":"2022-07-04T00:43:26","date_gmt":"2022-07-04T00:43:26","guid":{"rendered":"http:\/\/elterritorialweb.com.ar\/web\/?p=41763"},"modified":"2022-07-04T00:48:35","modified_gmt":"2022-07-04T00:48:35","slug":"dura-derrota-de-mitre-en-tierras-chaquenas","status":"publish","type":"post","link":"http:\/\/elterritorialweb.com.ar\/web\/dura-derrota-de-mitre-en-tierras-chaquenas\/","title":{"rendered":"DURA DERROTA DE MITRE EN TIERRAS CHAQUE\u00d1AS"},"content":{"rendered":"\n<p>El partido fue dur\u00edsimo, parejo, luchado, y parec\u00eda que el empate se iba a consumar. Los chaque\u00f1os, con m\u00e1s \u00edmpetu que f\u00fatbol, encontraron su premio sobre el ep\u00edlogo.<\/p>\n\n\n\n<figure class=\"wp-block-image size-large\"><a href=\"https:\/\/i0.wp.com\/elterritorialweb.com.ar\/web\/wp-content\/uploads\/2022\/07\/WhatsApp-Image-2022-07-04-at-1.42.30-AM-e1656895039490.jpeg\"><img data-recalc-dims=\"1\" decoding=\"async\" width=\"640\" height=\"346\" data-src=\"https:\/\/i0.wp.com\/elterritorialweb.com.ar\/web\/wp-content\/uploads\/2022\/07\/WhatsApp-Image-2022-07-04-at-1.42.30-AM-e1656895039490-1024x553.jpeg?resize=640%2C346\" alt=\"\" class=\"wp-image-41766 lazyload\" data-srcset=\"https:\/\/i0.wp.com\/elterritorialweb.com.ar\/web\/wp-content\/uploads\/2022\/07\/WhatsApp-Image-2022-07-04-at-1.42.30-AM-e1656895039490.jpeg?resize=1024%2C553 1024w, https:\/\/i0.wp.com\/elterritorialweb.com.ar\/web\/wp-content\/uploads\/2022\/07\/WhatsApp-Image-2022-07-04-at-1.42.30-AM-e1656895039490.jpeg?resize=300%2C162 300w, https:\/\/i0.wp.com\/elterritorialweb.com.ar\/web\/wp-content\/uploads\/2022\/07\/WhatsApp-Image-2022-07-04-at-1.42.30-AM-e1656895039490.jpeg?resize=768%2C415 768w, https:\/\/i0.wp.com\/elterritorialweb.com.ar\/web\/wp-content\/uploads\/2022\/07\/WhatsApp-Image-2022-07-04-at-1.42.30-AM-e1656895039490.jpeg?w=1280 1280w\" data-sizes=\"(max-width: 640px) 100vw, 640px\" src=\"data:image\/svg+xml;base64,PHN2ZyB3aWR0aD0iMSIgaGVpZ2h0PSIxIiB4bWxucz0iaHR0cDovL3d3dy53My5vcmcvMjAwMC9zdmciPjwvc3ZnPg==\" style=\"--smush-placeholder-width: 640px; --smush-placeholder-aspect-ratio: 640\/346;\" \/><\/a><\/figure>\n\n\n\n<p>Emanuel D\u00edaz asisti\u00f3, de cara al gol, al delantero Luciano Gim\u00e9nez, quien defini\u00f3 para superar al guardameta debutante Rodrigo Lugo.<\/p>\n\n\n\n<figure class=\"wp-block-image size-large\"><a href=\"https:\/\/i0.wp.com\/elterritorialweb.com.ar\/web\/wp-content\/uploads\/2022\/07\/WhatsApp-Image-2022-07-03-at-11.17.32-PM-e1656894791677.jpeg\"><img data-recalc-dims=\"1\" decoding=\"async\" width=\"640\" height=\"354\" data-src=\"https:\/\/i0.wp.com\/elterritorialweb.com.ar\/web\/wp-content\/uploads\/2022\/07\/WhatsApp-Image-2022-07-03-at-11.17.32-PM-e1656894791677-1024x567.jpeg?resize=640%2C354\" alt=\"\" class=\"wp-image-41764 lazyload\" data-srcset=\"https:\/\/i0.wp.com\/elterritorialweb.com.ar\/web\/wp-content\/uploads\/2022\/07\/WhatsApp-Image-2022-07-03-at-11.17.32-PM-e1656894791677.jpeg?resize=1024%2C567 1024w, https:\/\/i0.wp.com\/elterritorialweb.com.ar\/web\/wp-content\/uploads\/2022\/07\/WhatsApp-Image-2022-07-03-at-11.17.32-PM-e1656894791677.jpeg?resize=300%2C166 300w, https:\/\/i0.wp.com\/elterritorialweb.com.ar\/web\/wp-content\/uploads\/2022\/07\/WhatsApp-Image-2022-07-03-at-11.17.32-PM-e1656894791677.jpeg?resize=768%2C425 768w, https:\/\/i0.wp.com\/elterritorialweb.com.ar\/web\/wp-content\/uploads\/2022\/07\/WhatsApp-Image-2022-07-03-at-11.17.32-PM-e1656894791677.jpeg?resize=1536%2C850 1536w, https:\/\/i0.wp.com\/elterritorialweb.com.ar\/web\/wp-content\/uploads\/2022\/07\/WhatsApp-Image-2022-07-03-at-11.17.32-PM-e1656894791677.jpeg?w=1576 1576w, https:\/\/i0.wp.com\/elterritorialweb.com.ar\/web\/wp-content\/uploads\/2022\/07\/WhatsApp-Image-2022-07-03-at-11.17.32-PM-e1656894791677.jpeg?w=1280 1280w\" data-sizes=\"(max-width: 640px) 100vw, 640px\" src=\"data:image\/svg+xml;base64,PHN2ZyB3aWR0aD0iMSIgaGVpZ2h0PSIxIiB4bWxucz0iaHR0cDovL3d3dy53My5vcmcvMjAwMC9zdmciPjwvc3ZnPg==\" style=\"--smush-placeholder-width: 640px; --smush-placeholder-aspect-ratio: 640\/354;\" \/><\/a><\/figure>\n\n\n\n<p>Mitre lo busc\u00f3 e intent\u00f3 llegar al empate, pero no hubo tiempo para m\u00e1s. El aurinegro cosecha 22 puntos y se posiciona vig\u00e9simo s\u00e9ptimo en el certamen argentino. El domingo 10 de julio, a las 16, recibir\u00e1 al Club Atl\u00e9tico San Telmo.<\/p>\n\n\n\n<figure class=\"wp-block-image size-large\"><a href=\"https:\/\/i0.wp.com\/elterritorialweb.com.ar\/web\/wp-content\/uploads\/2022\/07\/WhatsApp-Image-2022-07-03-at-11.17.32-PM-1-e1656895287376.jpeg\"><img data-recalc-dims=\"1\" decoding=\"async\" width=\"640\" height=\"359\" data-src=\"https:\/\/i0.wp.com\/elterritorialweb.com.ar\/web\/wp-content\/uploads\/2022\/07\/WhatsApp-Image-2022-07-03-at-11.17.32-PM-1-e1656895287376-1024x575.jpeg?resize=640%2C359\" alt=\"\" class=\"wp-image-41768 lazyload\" data-srcset=\"https:\/\/i0.wp.com\/elterritorialweb.com.ar\/web\/wp-content\/uploads\/2022\/07\/WhatsApp-Image-2022-07-03-at-11.17.32-PM-1-e1656895287376.jpeg?resize=1024%2C575 1024w, https:\/\/i0.wp.com\/elterritorialweb.com.ar\/web\/wp-content\/uploads\/2022\/07\/WhatsApp-Image-2022-07-03-at-11.17.32-PM-1-e1656895287376.jpeg?resize=300%2C169 300w, https:\/\/i0.wp.com\/elterritorialweb.com.ar\/web\/wp-content\/uploads\/2022\/07\/WhatsApp-Image-2022-07-03-at-11.17.32-PM-1-e1656895287376.jpeg?resize=768%2C431 768w, https:\/\/i0.wp.com\/elterritorialweb.com.ar\/web\/wp-content\/uploads\/2022\/07\/WhatsApp-Image-2022-07-03-at-11.17.32-PM-1-e1656895287376.jpeg?w=1488 1488w, https:\/\/i0.wp.com\/elterritorialweb.com.ar\/web\/wp-content\/uploads\/2022\/07\/WhatsApp-Image-2022-07-03-at-11.17.32-PM-1-e1656895287376.jpeg?w=1280 1280w\" data-sizes=\"(max-width: 640px) 100vw, 640px\" src=\"data:image\/svg+xml;base64,PHN2ZyB3aWR0aD0iMSIgaGVpZ2h0PSIxIiB4bWxucz0iaHR0cDovL3d3dy53My5vcmcvMjAwMC9zdmciPjwvc3ZnPg==\" style=\"--smush-placeholder-width: 640px; --smush-placeholder-aspect-ratio: 640\/359;\" \/><\/a><\/figure>\n\n\n\n<p><strong>S\u00edntesis del Partido<\/strong><\/p>\n\n\n\n<p><strong>Club Atl\u00e9tico Chaco For Ever (1<\/strong>): Gast\u00f3n Canuto; Yair Mar\u00edn, Lucas Fern\u00e1ndez, Gast\u00f3n Novero, David Valdez; Emanuel D\u00edaz, Leandro Allende, Mart\u00edn Garnerone, Gonzalo Lucero; Claudio Vega y Enzo Bruno. DT: Daniel Cravero.<\/p>\n\n\n\n<p><strong>Club Atl\u00e9tico Mitre (0)<\/strong>: Rodrigo Lugo; Rodrigo Tapia, Ariel Coronel, Lucas Landa, Germ\u00e1n Voboril; Gast\u00f3n D\u00edaz, Leandro Fioravanti, Juan Alessandroni, Santiago Rosales; Ezequiel C\u00e9rica y David Romero. DT: Pablo Ricchetti.<\/p>\n\n\n\n<p><strong>Cambios<\/strong>: Segundo Tiempo, 17 minutos, Oscar G\u00f3mez por Bruno (CHFE), Marcos Gim\u00e9nez por Garnerone (CHFE) y Luciano Gim\u00e9nez por Novero (CHFE); 23 minutos, Facundo Ju\u00e1rez por C\u00e9rica (M); 34 minutos, Nicol\u00e1s Trecco por Vega (CHFE) y Daniel Gonz\u00e1lez por Romero (M); 40 minutos, Mat\u00edas Ferrari por Rosales (M) y Nicol\u00e1s Goitea por Gast\u00f3n D\u00edaz (M); 42 minutos, Alexis Niz por Lucero (CHFE).<\/p>\n\n\n\n<p><strong>Gol<\/strong>: Segundo Tiempo, 40 minutos, Luciano Gim\u00e9nez (CHFE).<\/p>\n\n\n\n<p><strong>Amonestados<\/strong>: G\u00f3mez (CHFE); Tapia (M).<\/p>\n\n\n\n<p><strong>\u00c1rbitro<\/strong>: Nicol\u00e1s Francisco Ram\u00edrez.<\/p>\n\n\n\n<p><strong>Estadio<\/strong>: Juan Alberto Garc\u00eda (Club Atl\u00e9tico Chaco For Ever).<br><\/p>\n","protected":false},"excerpt":{"rendered":"<p>El Aurinegro perdi\u00f3 1 a 0 en su visita al Chaco For Ever. Luciano Gim\u00e9nez, a los 40 minutos del segundo tiempo, anot\u00f3 el gol del triunfo chaque\u00f1o.<\/p>\n","protected":false},"author":2,"featured_media":41765,"comment_status":"open","ping_status":"open","sticky":false,"template":"","format":"standard","meta":{"om_disable_all_campaigns":false,"_monsterinsights_skip_tracking":false,"_monsterinsights_sitenote_active":false,"_monsterinsights_sitenote_note":"","_monsterinsights_sitenote_category":0,"_uf_show_specific_survey":0,"_uf_disable_surveys":false,"jetpack_post_was_ever_published":false,"_jetpack_newsletter_access":"","_jetpack_dont_email_post_to_subs":false,"_jetpack_newsletter_tier_id":0,"_jetpack_memberships_contains_paywalled_content":false,"_jetpack_memberships_contains_paid_content":false,"footnotes":"","jetpack_publicize_message":"","jetpack_publicize_feature_enabled":true,"jetpack_social_post_already_shared":false,"jetpack_social_options":{"image_generator_settings":{"template":"highway","default_image_id":0,"font":"","enabled":false},"version":2}},"categories":[6],"tags":[],"class_list":["post-41763","post","type-post","status-publish","format-standard","has-post-thumbnail","hentry","category-deportes"],"aioseo_notices":[],"views":6,"jetpack_publicize_connections":[],"jetpack_featured_media_url":"https:\/\/i0.wp.com\/elterritorialweb.com.ar\/web\/wp-content\/uploads\/2022\/07\/WhatsApp-Image-2022-07-03-at-11.17.33-PM-e1656894851319.jpeg?fit=1592%2C872","jetpack_sharing_enabled":true,"_links":{"self":[{"href":"http:\/\/elterritorialweb.com.ar\/web\/wp-json\/wp\/v2\/posts\/41763","targetHints":{"allow":["GET"]}}],"collection":[{"href":"http:\/\/elterritorialweb.com.ar\/web\/wp-json\/wp\/v2\/posts"}],"about":[{"href":"http:\/\/elterritorialweb.com.ar\/web\/wp-json\/wp\/v2\/types\/post"}],"author":[{"embeddable":true,"href":"http:\/\/elterritorialweb.com.ar\/web\/wp-json\/wp\/v2\/users\/2"}],"replies":[{"embeddable":true,"href":"http:\/\/elterritorialweb.com.ar\/web\/wp-json\/wp\/v2\/comments?post=41763"}],"version-history":[{"count":3,"href":"http:\/\/elterritorialweb.com.ar\/web\/wp-json\/wp\/v2\/posts\/41763\/revisions"}],"predecessor-version":[{"id":41772,"href":"http:\/\/elterritorialweb.com.ar\/web\/wp-json\/wp\/v2\/posts\/41763\/revisions\/41772"}],"wp:featuredmedia":[{"embeddable":true,"href":"http:\/\/elterritorialweb.com.ar\/web\/wp-json\/wp\/v2\/media\/41765"}],"wp:attachment":[{"href":"http:\/\/elterritorialweb.com.ar\/web\/wp-json\/wp\/v2\/media?parent=41763"}],"wp:term":[{"taxonomy":"category","embeddable":true,"href":"http:\/\/elterritorialweb.com.ar\/web\/wp-json\/wp\/v2\/categories?post=41763"},{"taxonomy":"post_tag","embeddable":true,"href":"http:\/\/elterritorialweb.com.ar\/web\/wp-json\/wp\/v2\/tags?post=41763"}],"curies":[{"name":"wp","href":"https:\/\/api.w.org\/{rel}","templated":true}]}}