{"id":41773,"date":"2022-07-04T01:25:33","date_gmt":"2022-07-04T01:25:33","guid":{"rendered":"http:\/\/elterritorialweb.com.ar\/web\/?p=41773"},"modified":"2022-07-04T01:25:33","modified_gmt":"2022-07-04T01:25:33","slug":"coronavirus-en-santiago-se-registraron-106-casos-positivos-en-la-ultima-semana-en-la-provincia","status":"publish","type":"post","link":"http:\/\/elterritorialweb.com.ar\/web\/coronavirus-en-santiago-se-registraron-106-casos-positivos-en-la-ultima-semana-en-la-provincia\/","title":{"rendered":"CORONAVIRUS EN SANTIAGO: SE REGISTRARON 106 CASOS POSITIVOS EN LA \u00daLTIMA SEMANA EN LA PROVINCIA"},"content":{"rendered":"\n<p>El COE emiti\u00f3 el \u00faltimo informe semanal correspondiente al periodo del domingo 26\/06\/22 al s\u00e1bado 02\/07\/22, donde confirm\u00f3 un total de 106 casos positivos de coronavirus en la provincia, que equivale a un promedio diario de 15,41 casos.<\/p>\n\n\n\n<p><strong>Informe COE<\/strong><\/p>\n\n\n\n<p>El porcentaje de ocupaci\u00f3n de camas Covid:<\/p>\n\n\n\n<p>a) UTI -UCI: 0%<\/p>\n\n\n\n<p>b) Camas Covid leves y moderados: 0%<\/p>\n\n\n\n<p><strong>Importante:<\/strong> <\/p>\n\n\n\n<p><strong>SE ENCUENTRA EN VIGENCIA EL PASE SANITARIO EN LA PROVINCIA<\/strong><\/p>\n\n\n\n<p>Con el objetivo de generar condiciones seguras y cuidadas de acceso a diferentes actividades y eventos masivos tanto p\u00fablico como privados, en espacios abiertos y cerrados, se instrumento el Pase Sanitario, que consiste en la acreditaci\u00f3n del esquema completo de vacunaci\u00f3n contra Covid-19. <\/p>\n\n\n\n<p>Se recuerda:<\/p>\n\n\n\n<p>&#8211; Que el horario de circulaci\u00f3n es sin restricciones. <\/p>\n\n\n\n<p>&#8211; Que contin\u00faa siendo obligatorio el uso del barbijo en espacios cerrados, en el transporte de colectivos y radio taxis, como en cualquier lugar p\u00fablico abierto donde exista aglomeraci\u00f3n de personas, tales c\u00f3mo paradas de colectivos, colas en cajeros, etc . No siendo obligatorio en la v\u00eda p\u00fablica cuando alguien circule solo, o junto a personas de su grupo conviviente. <\/p>\n\n\n\n<p><strong>AISLAMIENTO<\/strong><\/p>\n\n\n\n<p>&#8211; Personas con COVID-19 positivo y convivientes con esquema completo de vacunaci\u00f3n (7 d\u00edas), contacto estrecho no conviviente con esquema completo de vacunaci\u00f3n (5 d\u00edas). <\/p>\n\n\n\n<p>&#8211; Personas con COVID-19 positivo, contacto estrecho conviviente\/no convivientes con esquema incompleto de vacunaci\u00f3n (10 d\u00edas).<\/p>\n\n\n\n<p>POR \u00daLTIMO, el COE informa a toda la poblaci\u00f3n:<\/p>\n\n\n\n<p>a) Que se monitorean semanalmente los resultados de las muestras de hisopados, a los fines de realizar una vigilancia genomica del SARS-COV-2 para identificar las variantes que circulan en nuestra provincia.<\/p>\n\n\n\n<p>b) Es fundamental en este momento, que todos los santiague\u00f1os mayores de 18 a\u00f1os concurran a vacunarse con las 2\u00b0 y 3\u00b0 dosis seg\u00fan corresponda y los ni\u00f1os de 3 a 12 a\u00f1os, adolescentes y j\u00f3venes de 13 a 17 a\u00f1os las primeras o segundas dosis de las vacunas contra el Covid 19; existiendo <strong>VACUNATORIOS PERMANENTES<\/strong> en todas las localidades, adem\u00e1s de las convocatorias masivas a trav\u00e9s de calendarios que se vienen realizando. <\/p>\n\n\n\n<p>Se solicita a todas las personas que est\u00e1n en condiciones de hacerlo, se apliquen las dosis de refuerzo; que se encuentran disponibles en los vacunatorios permanentes, para tener la suficiente inmunidad y as\u00ed evitar que se propaguen los contagios y las internaciones con s\u00edntomas graves<\/p>\n","protected":false},"excerpt":{"rendered":"<p>As\u00ed lo informo la cartera sanitaria de la provincia, en el \u00faltimo reporte semanal de la situaci\u00f3n epidemiol\u00f3gica local.<\/p>\n","protected":false},"author":2,"featured_media":41774,"comment_status":"open","ping_status":"open","sticky":false,"template":"","format":"standard","meta":{"om_disable_all_campaigns":false,"_monsterinsights_skip_tracking":false,"_monsterinsights_sitenote_active":false,"_monsterinsights_sitenote_note":"","_monsterinsights_sitenote_category":0,"_uf_show_specific_survey":0,"_uf_disable_surveys":false,"jetpack_post_was_ever_published":false,"_jetpack_newsletter_access":"","_jetpack_dont_email_post_to_subs":false,"_jetpack_newsletter_tier_id":0,"_jetpack_memberships_contains_paywalled_content":false,"_jetpack_memberships_contains_paid_content":false,"footnotes":"","jetpack_publicize_message":"","jetpack_publicize_feature_enabled":true,"jetpack_social_post_already_shared":false,"jetpack_social_options":{"image_generator_settings":{"template":"highway","default_image_id":0,"font":"","enabled":false},"version":2}},"categories":[3],"tags":[],"class_list":["post-41773","post","type-post","status-publish","format-standard","has-post-thumbnail","hentry","category-salud"],"aioseo_notices":[],"views":6,"jetpack_publicize_connections":[],"jetpack_featured_media_url":"https:\/\/i0.wp.com\/elterritorialweb.com.ar\/web\/wp-content\/uploads\/2022\/07\/WhatsApp-Image-2022-07-04-at-3.23.27-AM.jpeg?fit=1500%2C1240","jetpack_sharing_enabled":true,"_links":{"self":[{"href":"http:\/\/elterritorialweb.com.ar\/web\/wp-json\/wp\/v2\/posts\/41773","targetHints":{"allow":["GET"]}}],"collection":[{"href":"http:\/\/elterritorialweb.com.ar\/web\/wp-json\/wp\/v2\/posts"}],"about":[{"href":"http:\/\/elterritorialweb.com.ar\/web\/wp-json\/wp\/v2\/types\/post"}],"author":[{"embeddable":true,"href":"http:\/\/elterritorialweb.com.ar\/web\/wp-json\/wp\/v2\/users\/2"}],"replies":[{"embeddable":true,"href":"http:\/\/elterritorialweb.com.ar\/web\/wp-json\/wp\/v2\/comments?post=41773"}],"version-history":[{"count":1,"href":"http:\/\/elterritorialweb.com.ar\/web\/wp-json\/wp\/v2\/posts\/41773\/revisions"}],"predecessor-version":[{"id":41775,"href":"http:\/\/elterritorialweb.com.ar\/web\/wp-json\/wp\/v2\/posts\/41773\/revisions\/41775"}],"wp:featuredmedia":[{"embeddable":true,"href":"http:\/\/elterritorialweb.com.ar\/web\/wp-json\/wp\/v2\/media\/41774"}],"wp:attachment":[{"href":"http:\/\/elterritorialweb.com.ar\/web\/wp-json\/wp\/v2\/media?parent=41773"}],"wp:term":[{"taxonomy":"category","embeddable":true,"href":"http:\/\/elterritorialweb.com.ar\/web\/wp-json\/wp\/v2\/categories?post=41773"},{"taxonomy":"post_tag","embeddable":true,"href":"http:\/\/elterritorialweb.com.ar\/web\/wp-json\/wp\/v2\/tags?post=41773"}],"curies":[{"name":"wp","href":"https:\/\/api.w.org\/{rel}","templated":true}]}}