{"id":41776,"date":"2022-07-04T01:40:59","date_gmt":"2022-07-04T01:40:59","guid":{"rendered":"http:\/\/elterritorialweb.com.ar\/web\/?p=41776"},"modified":"2022-07-04T01:40:59","modified_gmt":"2022-07-04T01:40:59","slug":"nediani-camino-junto-a-vecinos-por-el-barrio-san-carlos","status":"publish","type":"post","link":"http:\/\/elterritorialweb.com.ar\/web\/nediani-camino-junto-a-vecinos-por-el-barrio-san-carlos\/","title":{"rendered":"NEDIANI CAMIN\u00d3 JUNTO A VECINOS POR EL BARRIO SAN CARLOS"},"content":{"rendered":"\n<p>Por tal motivo, en la tarde del s\u00e1bado, el jefe comunal junto a su equipo de trabajo, integrantes de la Junta Vecinal presidida por Juan Ceres y vecinos para tener un trato cercano donde solicitaron el arreglo de calles, colocaci\u00f3n de nomencladores, juegos y se\u00f1alizaci\u00f3n, entre otros.<br>En la oportunidad, el jefe comunal agradeci\u00f3 a Juan Manuel Ceres por la bienvenida: \u00abEs una persona muy comprometida con su barrio, buscando y trabajando por las mejoras\u201d.<br>Asimismo, expres\u00f3: \u201cVenimos con una intensa tarea durante todo este tiempo, caminando y visitando a los vecinos no solamente del barrio San Carlos, esta tarea la venimos haciendo desde el d\u00eda que asum\u00ed, comenzando obras de infraestructura como pavimento, desag\u00fce y cord\u00f3n cuneta; visitar y caminar cada uno de los barrios y hablar con todos los vecinos. Y eso es lo que venimos proponiendo desde nuestro espacio: el contacto directo, el di\u00e1logo y el acercamiento al vecino para proyectar, planificar y trabajar para el bienestar de los bande\u00f1os\u201d.<\/p>\n","protected":false},"excerpt":{"rendered":"<p>Como parte de su agenda diaria y premisa en su gesti\u00f3n, el intendente Roger Nediani recorre los barrios para conocer las necesidades y problem\u00e1ticas que tienen los vecinos bande\u00f1os.<\/p>\n","protected":false},"author":2,"featured_media":41777,"comment_status":"open","ping_status":"open","sticky":false,"template":"","format":"standard","meta":{"om_disable_all_campaigns":false,"_monsterinsights_skip_tracking":false,"_monsterinsights_sitenote_active":false,"_monsterinsights_sitenote_note":"","_monsterinsights_sitenote_category":0,"_uf_show_specific_survey":0,"_uf_disable_surveys":false,"jetpack_post_was_ever_published":false,"_jetpack_newsletter_access":"","_jetpack_dont_email_post_to_subs":false,"_jetpack_newsletter_tier_id":0,"_jetpack_memberships_contains_paywalled_content":false,"_jetpack_memberships_contains_paid_content":false,"footnotes":"","jetpack_publicize_message":"","jetpack_publicize_feature_enabled":true,"jetpack_social_post_already_shared":false,"jetpack_social_options":{"image_generator_settings":{"template":"highway","default_image_id":0,"font":"","enabled":false},"version":2}},"categories":[21],"tags":[],"class_list":["post-41776","post","type-post","status-publish","format-standard","has-post-thumbnail","hentry","category-locales"],"aioseo_notices":[],"views":7,"jetpack_publicize_connections":[],"jetpack_featured_media_url":"https:\/\/i0.wp.com\/elterritorialweb.com.ar\/web\/wp-content\/uploads\/2022\/07\/WhatsApp-Image-2022-07-03-at-5.06.50-PM.jpeg?fit=1493%2C924","jetpack_sharing_enabled":true,"_links":{"self":[{"href":"http:\/\/elterritorialweb.com.ar\/web\/wp-json\/wp\/v2\/posts\/41776","targetHints":{"allow":["GET"]}}],"collection":[{"href":"http:\/\/elterritorialweb.com.ar\/web\/wp-json\/wp\/v2\/posts"}],"about":[{"href":"http:\/\/elterritorialweb.com.ar\/web\/wp-json\/wp\/v2\/types\/post"}],"author":[{"embeddable":true,"href":"http:\/\/elterritorialweb.com.ar\/web\/wp-json\/wp\/v2\/users\/2"}],"replies":[{"embeddable":true,"href":"http:\/\/elterritorialweb.com.ar\/web\/wp-json\/wp\/v2\/comments?post=41776"}],"version-history":[{"count":1,"href":"http:\/\/elterritorialweb.com.ar\/web\/wp-json\/wp\/v2\/posts\/41776\/revisions"}],"predecessor-version":[{"id":41778,"href":"http:\/\/elterritorialweb.com.ar\/web\/wp-json\/wp\/v2\/posts\/41776\/revisions\/41778"}],"wp:featuredmedia":[{"embeddable":true,"href":"http:\/\/elterritorialweb.com.ar\/web\/wp-json\/wp\/v2\/media\/41777"}],"wp:attachment":[{"href":"http:\/\/elterritorialweb.com.ar\/web\/wp-json\/wp\/v2\/media?parent=41776"}],"wp:term":[{"taxonomy":"category","embeddable":true,"href":"http:\/\/elterritorialweb.com.ar\/web\/wp-json\/wp\/v2\/categories?post=41776"},{"taxonomy":"post_tag","embeddable":true,"href":"http:\/\/elterritorialweb.com.ar\/web\/wp-json\/wp\/v2\/tags?post=41776"}],"curies":[{"name":"wp","href":"https:\/\/api.w.org\/{rel}","templated":true}]}}