{"id":41787,"date":"2022-07-04T03:23:55","date_gmt":"2022-07-04T03:23:55","guid":{"rendered":"http:\/\/elterritorialweb.com.ar\/web\/?p=41787"},"modified":"2022-07-04T03:29:12","modified_gmt":"2022-07-04T03:29:12","slug":"zamora-ante-la-designacion-de-batakis-le-brindo-todo-mi-apoyo-dijo-el-mandatario","status":"publish","type":"post","link":"http:\/\/elterritorialweb.com.ar\/web\/zamora-ante-la-designacion-de-batakis-le-brindo-todo-mi-apoyo-dijo-el-mandatario\/","title":{"rendered":"ZAMORA ANTE LA DESIGNACI\u00d3N DE BATAKIS: \u00abLE BRINDO TODO MI APOYO\u00bb"},"content":{"rendered":"\n<p>El gobernador de la provincia, Gerardo Zamora, sostuvo que la designaci\u00f3n \u00abes una buena noticia\u00bb y le dese\u00f3 \u00abel mejor de los \u00e9xitos\u00bb y \u00abtodo su apoyo\u00bb.<\/p>\n\n\n\n<p>\u00abLa designaci\u00f3n de Silvina Batakis al frente del Ministerio de Econom\u00eda de la Naci\u00f3n es una buena noticia, por sus antecedentes, experiencia y capacidad reconocida\u00bb, afirm\u00f3 Zamora en Twitter.<\/p>\n\n\n\n<p>\u00abLe deseo el mejor de los \u00e9xitos y todo mi apoyo, ante el importante desaf\u00edo que implica la responsabilidad encomendada\u00bb, ampli\u00f3 el mandatario santiague\u00f1o.<\/p>\n\n\n\n<figure class=\"wp-block-embed is-type-rich is-provider-twitter wp-block-embed-twitter\"><div class=\"wp-block-embed__wrapper\">\n<blockquote class=\"twitter-tweet\" data-width=\"550\" data-dnt=\"true\"><p lang=\"es\" dir=\"ltr\">La designaci\u00f3n de <a href=\"https:\/\/twitter.com\/sbatakis?ref_src=twsrc%5Etfw\">@sbatakis<\/a> al frente del Ministerio de Econom\u00eda de la Naci\u00f3n es una buena noticia, por sus antecedentes,experiencia y capacidad reconocida.<br>Le deseo el mejor de los \u00e9xitos y todo mi apoyo, ante el importante desaf\u00edo que implica la responsabilidad encomendada!!<\/p>&mdash; Gerardo Zamora (@GZamoraSDE) <a href=\"https:\/\/twitter.com\/GZamoraSDE\/status\/1543767409663782914?ref_src=twsrc%5Etfw\">July 4, 2022<\/a><\/blockquote><script async src=\"https:\/\/platform.twitter.com\/widgets.js\" charset=\"utf-8\"><\/script>\n<\/div><\/figure>\n","protected":false},"excerpt":{"rendered":"<p>El mandatario provincial se expres\u00f3 a trav\u00e9s de sus redes sociales, sobre la designaci\u00f3n de la nueva ministra de econom\u00eda Silvina Batakis.<\/p>\n","protected":false},"author":2,"featured_media":41788,"comment_status":"open","ping_status":"open","sticky":false,"template":"","format":"standard","meta":{"om_disable_all_campaigns":false,"_monsterinsights_skip_tracking":false,"_monsterinsights_sitenote_active":false,"_monsterinsights_sitenote_note":"","_monsterinsights_sitenote_category":0,"_uf_show_specific_survey":0,"_uf_disable_surveys":false,"jetpack_post_was_ever_published":false,"_jetpack_newsletter_access":"","_jetpack_dont_email_post_to_subs":false,"_jetpack_newsletter_tier_id":0,"_jetpack_memberships_contains_paywalled_content":false,"_jetpack_memberships_contains_paid_content":false,"footnotes":"","jetpack_publicize_message":"","jetpack_publicize_feature_enabled":true,"jetpack_social_post_already_shared":false,"jetpack_social_options":{"image_generator_settings":{"template":"highway","default_image_id":0,"font":"","enabled":false},"version":2}},"categories":[4,21],"tags":[],"class_list":["post-41787","post","type-post","status-publish","format-standard","has-post-thumbnail","hentry","category-destacadas","category-locales"],"aioseo_notices":[],"views":11,"jetpack_publicize_connections":[],"jetpack_featured_media_url":"https:\/\/i0.wp.com\/elterritorialweb.com.ar\/web\/wp-content\/uploads\/2022\/07\/ZAMORA.jpg?fit=320%2C183","jetpack_sharing_enabled":true,"_links":{"self":[{"href":"http:\/\/elterritorialweb.com.ar\/web\/wp-json\/wp\/v2\/posts\/41787","targetHints":{"allow":["GET"]}}],"collection":[{"href":"http:\/\/elterritorialweb.com.ar\/web\/wp-json\/wp\/v2\/posts"}],"about":[{"href":"http:\/\/elterritorialweb.com.ar\/web\/wp-json\/wp\/v2\/types\/post"}],"author":[{"embeddable":true,"href":"http:\/\/elterritorialweb.com.ar\/web\/wp-json\/wp\/v2\/users\/2"}],"replies":[{"embeddable":true,"href":"http:\/\/elterritorialweb.com.ar\/web\/wp-json\/wp\/v2\/comments?post=41787"}],"version-history":[{"count":3,"href":"http:\/\/elterritorialweb.com.ar\/web\/wp-json\/wp\/v2\/posts\/41787\/revisions"}],"predecessor-version":[{"id":41793,"href":"http:\/\/elterritorialweb.com.ar\/web\/wp-json\/wp\/v2\/posts\/41787\/revisions\/41793"}],"wp:featuredmedia":[{"embeddable":true,"href":"http:\/\/elterritorialweb.com.ar\/web\/wp-json\/wp\/v2\/media\/41788"}],"wp:attachment":[{"href":"http:\/\/elterritorialweb.com.ar\/web\/wp-json\/wp\/v2\/media?parent=41787"}],"wp:term":[{"taxonomy":"category","embeddable":true,"href":"http:\/\/elterritorialweb.com.ar\/web\/wp-json\/wp\/v2\/categories?post=41787"},{"taxonomy":"post_tag","embeddable":true,"href":"http:\/\/elterritorialweb.com.ar\/web\/wp-json\/wp\/v2\/tags?post=41787"}],"curies":[{"name":"wp","href":"https:\/\/api.w.org\/{rel}","templated":true}]}}