{"id":41794,"date":"2022-07-04T03:49:47","date_gmt":"2022-07-04T03:49:47","guid":{"rendered":"http:\/\/elterritorialweb.com.ar\/web\/?p=41794"},"modified":"2022-07-04T03:49:47","modified_gmt":"2022-07-04T03:49:47","slug":"con-la-cabeza-en-la-libertadores-river-cayo-ante-huracan-en-parque-patricios","status":"publish","type":"post","link":"http:\/\/elterritorialweb.com.ar\/web\/con-la-cabeza-en-la-libertadores-river-cayo-ante-huracan-en-parque-patricios\/","title":{"rendered":"CON LA CABEZA EN LA LIBERTADORES, RIVER CAY\u00d3 ANTE HURAC\u00c1N EN PARQUE PATRICIOS"},"content":{"rendered":"\n<p>Si bien todas las miradas estaban puestas en el compromiso por la Conmebol Libertadores, River visit\u00f3 a Hurac\u00e1n con el objetivo de volver a sumar de a tres en el campeonato y darles rodaje a los futbolistas. Sobre los dos minutos, Agust\u00edn Palavecino se acomod\u00f3 sobre la izquierda y sac\u00f3 un derechazo a colocar que pas\u00f3 cerca del arco defendido por Lucas Chaves. El local, en tanto, respondi\u00f3 con un cabezazo alto de Mat\u00edas C\u00f3ccaro.<\/p>\n\n\n\n<figure class=\"wp-block-image size-full is-resized\"><a href=\"https:\/\/i0.wp.com\/elterritorialweb.com.ar\/web\/wp-content\/uploads\/2022\/07\/RIVER-HURACAN.jpg\"><img data-recalc-dims=\"1\" decoding=\"async\" data-src=\"https:\/\/i0.wp.com\/elterritorialweb.com.ar\/web\/wp-content\/uploads\/2022\/07\/RIVER-HURACAN.jpg?resize=640%2C427\" alt=\"\" class=\"wp-image-41796 lazyload\" width=\"640\" height=\"427\" data-srcset=\"https:\/\/i0.wp.com\/elterritorialweb.com.ar\/web\/wp-content\/uploads\/2022\/07\/RIVER-HURACAN.jpg?w=680 680w, https:\/\/i0.wp.com\/elterritorialweb.com.ar\/web\/wp-content\/uploads\/2022\/07\/RIVER-HURACAN.jpg?resize=300%2C200 300w\" data-sizes=\"(max-width: 640px) 100vw, 640px\" src=\"data:image\/svg+xml;base64,PHN2ZyB3aWR0aD0iMSIgaGVpZ2h0PSIxIiB4bWxucz0iaHR0cDovL3d3dy53My5vcmcvMjAwMC9zdmciPjwvc3ZnPg==\" style=\"--smush-placeholder-width: 640px; --smush-placeholder-aspect-ratio: 640\/427;\" \/><\/a><\/figure>\n\n\n\n<p>Luego de un lapso en el cual el encuentro se volvi\u00f3 trabado, Andr\u00e9s Herrera estuvo atento para un cierre preciso en un avance de Hurac\u00e1n. River sufri\u00f3 la expulsi\u00f3n de Jonatan Maidana a instancias del VAR y, a los pocos minutos, Jonathan Galv\u00e1n aprovech\u00f3 una serie de rebotes y marc\u00f3 el 1-0 para el local con un derechazo bajo que se meti\u00f3 en el primer palo.<\/p>\n\n\n\n<figure class=\"wp-block-image size-full is-resized\"><a href=\"https:\/\/i0.wp.com\/elterritorialweb.com.ar\/web\/wp-content\/uploads\/2022\/07\/RIVER-HURACAN-1.jpg\"><img data-recalc-dims=\"1\" decoding=\"async\" data-src=\"https:\/\/i0.wp.com\/elterritorialweb.com.ar\/web\/wp-content\/uploads\/2022\/07\/RIVER-HURACAN-1.jpg?resize=640%2C427\" alt=\"\" class=\"wp-image-41797 lazyload\" width=\"640\" height=\"427\" data-srcset=\"https:\/\/i0.wp.com\/elterritorialweb.com.ar\/web\/wp-content\/uploads\/2022\/07\/RIVER-HURACAN-1.jpg?w=679 679w, https:\/\/i0.wp.com\/elterritorialweb.com.ar\/web\/wp-content\/uploads\/2022\/07\/RIVER-HURACAN-1.jpg?resize=300%2C200 300w\" data-sizes=\"(max-width: 640px) 100vw, 640px\" src=\"data:image\/svg+xml;base64,PHN2ZyB3aWR0aD0iMSIgaGVpZ2h0PSIxIiB4bWxucz0iaHR0cDovL3d3dy53My5vcmcvMjAwMC9zdmciPjwvc3ZnPg==\" style=\"--smush-placeholder-width: 640px; --smush-placeholder-aspect-ratio: 640\/427;\" \/><\/a><\/figure>\n\n\n\n<p>Con los ingresos de Esequiel Barco y Jos\u00e9 Paradela, el Millonario intent\u00f3 ir en busca de la igualdad y en el primer tramo del complemento se plant\u00f3 en el campo rival, aunque le cost\u00f3 generar peligro concreto en el arco de Chaves. Cuando River segu\u00eda yendo, Hurac\u00e1n encontr\u00f3 el segundo con un pelotazo largo y una definici\u00f3n de Franco Cristaldo tras pase de Gabriel Gudi\u00f1o.<\/p>\n\n\n\n<figure class=\"wp-block-image size-large\"><a href=\"https:\/\/i0.wp.com\/elterritorialweb.com.ar\/web\/wp-content\/uploads\/2022\/07\/RIVER-HURACAN-2.jpg\"><img data-recalc-dims=\"1\" decoding=\"async\" width=\"640\" height=\"426\" data-src=\"https:\/\/i0.wp.com\/elterritorialweb.com.ar\/web\/wp-content\/uploads\/2022\/07\/RIVER-HURACAN-2.jpg?resize=640%2C426\" alt=\"\" class=\"wp-image-41798 lazyload\" data-srcset=\"https:\/\/i0.wp.com\/elterritorialweb.com.ar\/web\/wp-content\/uploads\/2022\/07\/RIVER-HURACAN-2.jpg?resize=1024%2C682 1024w, https:\/\/i0.wp.com\/elterritorialweb.com.ar\/web\/wp-content\/uploads\/2022\/07\/RIVER-HURACAN-2.jpg?resize=300%2C200 300w, https:\/\/i0.wp.com\/elterritorialweb.com.ar\/web\/wp-content\/uploads\/2022\/07\/RIVER-HURACAN-2.jpg?resize=768%2C512 768w, https:\/\/i0.wp.com\/elterritorialweb.com.ar\/web\/wp-content\/uploads\/2022\/07\/RIVER-HURACAN-2.jpg?resize=1536%2C1023 1536w, https:\/\/i0.wp.com\/elterritorialweb.com.ar\/web\/wp-content\/uploads\/2022\/07\/RIVER-HURACAN-2.jpg?w=1600 1600w, https:\/\/i0.wp.com\/elterritorialweb.com.ar\/web\/wp-content\/uploads\/2022\/07\/RIVER-HURACAN-2.jpg?w=1280 1280w\" data-sizes=\"(max-width: 640px) 100vw, 640px\" src=\"data:image\/svg+xml;base64,PHN2ZyB3aWR0aD0iMSIgaGVpZ2h0PSIxIiB4bWxucz0iaHR0cDovL3d3dy53My5vcmcvMjAwMC9zdmciPjwvc3ZnPg==\" style=\"--smush-placeholder-width: 640px; --smush-placeholder-aspect-ratio: 640\/426;\" \/><\/a><\/figure>\n\n\n\n<p>El equipo de Gallardo lleg\u00f3 al descuento con un cabezazo de Leandro Gonz\u00e1lez Pirez despu\u00e9s de un rebote y un centro desde la derecha de Herrera. Sin embargo, en la jugada siguiente, Hurac\u00e1n cont\u00f3 con un penal a favor y Cristaldo lo cambi\u00f3 por gol para el 3-1. En tiempo adicionado, Juli\u00e1n meti\u00f3 un buen cabezazo para el 3-2 final. El pr\u00f3ximo compromiso ser\u00e1 el mi\u00e9rcoles, en el M\u00e2s Monumental, donde el Millonario ir\u00e1 en busca de revertir la serie frente a V\u00e9lez para avanzar a los cuartos de final.<\/p>\n\n\n\n<figure class=\"wp-block-image size-large\"><a href=\"https:\/\/i0.wp.com\/elterritorialweb.com.ar\/web\/wp-content\/uploads\/2022\/07\/RIVER-HURACAN-3.jpg\"><img data-recalc-dims=\"1\" decoding=\"async\" width=\"640\" height=\"484\" data-src=\"https:\/\/i0.wp.com\/elterritorialweb.com.ar\/web\/wp-content\/uploads\/2022\/07\/RIVER-HURACAN-3.jpg?resize=640%2C484\" alt=\"\" class=\"wp-image-41799 lazyload\" data-srcset=\"https:\/\/i0.wp.com\/elterritorialweb.com.ar\/web\/wp-content\/uploads\/2022\/07\/RIVER-HURACAN-3.jpg?resize=1024%2C774 1024w, https:\/\/i0.wp.com\/elterritorialweb.com.ar\/web\/wp-content\/uploads\/2022\/07\/RIVER-HURACAN-3.jpg?resize=300%2C227 300w, https:\/\/i0.wp.com\/elterritorialweb.com.ar\/web\/wp-content\/uploads\/2022\/07\/RIVER-HURACAN-3.jpg?resize=768%2C580 768w, https:\/\/i0.wp.com\/elterritorialweb.com.ar\/web\/wp-content\/uploads\/2022\/07\/RIVER-HURACAN-3.jpg?w=1280 1280w\" data-sizes=\"(max-width: 640px) 100vw, 640px\" src=\"data:image\/svg+xml;base64,PHN2ZyB3aWR0aD0iMSIgaGVpZ2h0PSIxIiB4bWxucz0iaHR0cDovL3d3dy53My5vcmcvMjAwMC9zdmciPjwvc3ZnPg==\" style=\"--smush-placeholder-width: 640px; --smush-placeholder-aspect-ratio: 640\/484;\" \/><\/a><\/figure>\n\n\n\n<p><strong>S\u00cdNTESIS<\/strong> <strong>DEL PARTIDO<\/strong><\/p>\n\n\n\n<p><strong>HURAC\u00c1N (3):<\/strong>\u00a0Lucas Chaves; Guillermo Soto, Jonathan Galv\u00e1n, Lucas Merolla (C), Walter P\u00e9rez; Santiago Hezze, Federico Fattori, Franco Cristaldo, Benjam\u00edn Garr\u00e9; Mat\u00edas C\u00f3ccaro y Juan Gauto. DT: Diego Dabove.<\/p>\n\n\n\n<p><strong>Cambios:<\/strong>\u00a0Gudi\u00f1o por Gauto, Moya por Galv\u00e1n, Cabral por Garr\u00e9, Ben\u00edtez por Hezze, Luna por C\u00f3ccaro.<\/p>\n\n\n\n<p><strong>RIVER PLATE (2):<\/strong>\u00a0Franco Armani (C); Andr\u00e9s Herrera, Jonatan Maidana, Leandro Gonz\u00e1lez Pirez, El\u00edas G\u00f3mez; Bruno Zuculini, Santiago Sim\u00f3n; Tom\u00e1s Pochettino, Agust\u00edn Palavecino; Juan Quintero y Lucas Beltr\u00e1n. DT: Marcelo Gallardo.<\/p>\n\n\n\n<p><strong>Cambios:<\/strong>\u00a0Mart\u00ednez por Quintero, Barco por Sim\u00f3n, Paradela por Pochettino, \u00c1lvarez por Beltr\u00e1n.<\/p>\n\n\n\n<p><strong>Goles:<\/strong>&nbsp;Galv\u00e1n, Cristaldo -2- (H); Gonz\u00e1lez Pirez, \u00c1lvarez (RP).<\/p>\n\n\n\n<p><strong>Amonestados:<\/strong>&nbsp;Fattori, Soto (H); Zuculini, Pochettino (RP).<\/p>\n\n\n\n<p><strong>Expulsado:<\/strong>&nbsp;Maidana (RP).<\/p>\n\n\n\n<p><strong>\u00c1rbitro:<\/strong>&nbsp;Fernando Rapallini.<\/p>\n","protected":false},"excerpt":{"rendered":"<p>El Millonario cay\u00f3 por 3-2 en un partido disputado en Parque Patricios por la sexta jornada de la Liga Profesional de F\u00fatbol. <\/p>\n","protected":false},"author":2,"featured_media":41795,"comment_status":"open","ping_status":"open","sticky":false,"template":"","format":"standard","meta":{"om_disable_all_campaigns":false,"_monsterinsights_skip_tracking":false,"_monsterinsights_sitenote_active":false,"_monsterinsights_sitenote_note":"","_monsterinsights_sitenote_category":0,"_uf_show_specific_survey":0,"_uf_disable_surveys":false,"jetpack_post_was_ever_published":false,"_jetpack_newsletter_access":"","_jetpack_dont_email_post_to_subs":false,"_jetpack_newsletter_tier_id":0,"_jetpack_memberships_contains_paywalled_content":false,"_jetpack_memberships_contains_paid_content":false,"footnotes":"","jetpack_publicize_message":"","jetpack_publicize_feature_enabled":true,"jetpack_social_post_already_shared":false,"jetpack_social_options":{"image_generator_settings":{"template":"highway","default_image_id":0,"font":"","enabled":false},"version":2}},"categories":[6],"tags":[],"class_list":["post-41794","post","type-post","status-publish","format-standard","has-post-thumbnail","hentry","category-deportes"],"aioseo_notices":[],"views":10,"jetpack_publicize_connections":[],"jetpack_featured_media_url":"https:\/\/i0.wp.com\/elterritorialweb.com.ar\/web\/wp-content\/uploads\/2022\/07\/RIVER-HURACAN-PORTADA-e1656906119881.jpg?fit=1080%2C907","jetpack_sharing_enabled":true,"_links":{"self":[{"href":"http:\/\/elterritorialweb.com.ar\/web\/wp-json\/wp\/v2\/posts\/41794","targetHints":{"allow":["GET"]}}],"collection":[{"href":"http:\/\/elterritorialweb.com.ar\/web\/wp-json\/wp\/v2\/posts"}],"about":[{"href":"http:\/\/elterritorialweb.com.ar\/web\/wp-json\/wp\/v2\/types\/post"}],"author":[{"embeddable":true,"href":"http:\/\/elterritorialweb.com.ar\/web\/wp-json\/wp\/v2\/users\/2"}],"replies":[{"embeddable":true,"href":"http:\/\/elterritorialweb.com.ar\/web\/wp-json\/wp\/v2\/comments?post=41794"}],"version-history":[{"count":1,"href":"http:\/\/elterritorialweb.com.ar\/web\/wp-json\/wp\/v2\/posts\/41794\/revisions"}],"predecessor-version":[{"id":41800,"href":"http:\/\/elterritorialweb.com.ar\/web\/wp-json\/wp\/v2\/posts\/41794\/revisions\/41800"}],"wp:featuredmedia":[{"embeddable":true,"href":"http:\/\/elterritorialweb.com.ar\/web\/wp-json\/wp\/v2\/media\/41795"}],"wp:attachment":[{"href":"http:\/\/elterritorialweb.com.ar\/web\/wp-json\/wp\/v2\/media?parent=41794"}],"wp:term":[{"taxonomy":"category","embeddable":true,"href":"http:\/\/elterritorialweb.com.ar\/web\/wp-json\/wp\/v2\/categories?post=41794"},{"taxonomy":"post_tag","embeddable":true,"href":"http:\/\/elterritorialweb.com.ar\/web\/wp-json\/wp\/v2\/tags?post=41794"}],"curies":[{"name":"wp","href":"https:\/\/api.w.org\/{rel}","templated":true}]}}