{"id":41813,"date":"2022-07-04T13:40:26","date_gmt":"2022-07-04T13:40:26","guid":{"rendered":"http:\/\/elterritorialweb.com.ar\/web\/?p=41813"},"modified":"2022-07-04T13:40:26","modified_gmt":"2022-07-04T13:40:26","slug":"batakis-asumira-esta-tarde-su-cargo-como-ministra-de-economia","status":"publish","type":"post","link":"http:\/\/elterritorialweb.com.ar\/web\/batakis-asumira-esta-tarde-su-cargo-como-ministra-de-economia\/","title":{"rendered":"BATAKIS ASUMIR\u00c1 ESTA TARDE SU CARGO COMO MINISTRA DE ECONOM\u00cdA"},"content":{"rendered":"\n<p>La designada ministra de Econom\u00eda, Silvina Batakis asumir\u00e1 esta tarde formalmente su cargo, tras la salida de Mart\u00edn Guzm\u00e1n del Palacio de Hacienda, anticip\u00f3 en la ma\u00f1ana de este lunes en declaraciones formuladas a la prensa al ingresar a la Casa de Gobierno por el jefe de Gabinete, Juan Manzur.<\/p>\n\n\n\n<p>\u00abHoy asume la nueva ministra de Econom\u00eda, una mujer de una gran experiencia, que ha tenido enormes responsabilidades a lo largo de su vida profesional. En el transcurso de la tarde estar\u00eda haci\u00e9ndose cargo del \u00e1rea de Econom\u00eda\u00bb, asever\u00f3 el ministro coordinador.<\/p>\n\n\n\n<p>La portavoz de la Presidencia, Gabriela Cerruti, confirm\u00f3 en la noche del domingo la designaci\u00f3n de Silvina Batakis como ministra de Econom\u00eda y la defini\u00f3 como \u00abuna reconocida economista que cumpli\u00f3 esa funci\u00f3n en la provincia de Buenos Aires entre 2011 y 2015\u00bb, en referencia al segundo mandato del entonces gobernador y actual ministro de Desarrollo Productivo, Daniel Scioli.<\/p>\n","protected":false},"excerpt":{"rendered":"<p>El Presidente nombr\u00f3 al frente de la cartera de hacienda a quien fuera ministra de Econom\u00eda de la Provincia de Buenos Aires entre 2011 y 2015. Actualmente se desempe\u00f1a como Secretaria de Provincias del Ministerio del Interior desde diciembre de 2019.<\/p>\n","protected":false},"author":2,"featured_media":41814,"comment_status":"open","ping_status":"open","sticky":false,"template":"","format":"standard","meta":{"om_disable_all_campaigns":false,"_monsterinsights_skip_tracking":false,"_monsterinsights_sitenote_active":false,"_monsterinsights_sitenote_note":"","_monsterinsights_sitenote_category":0,"_uf_show_specific_survey":0,"_uf_disable_surveys":false,"jetpack_post_was_ever_published":false,"_jetpack_newsletter_access":"","_jetpack_dont_email_post_to_subs":false,"_jetpack_newsletter_tier_id":0,"_jetpack_memberships_contains_paywalled_content":false,"_jetpack_memberships_contains_paid_content":false,"footnotes":"","jetpack_publicize_message":"","jetpack_publicize_feature_enabled":true,"jetpack_social_post_already_shared":false,"jetpack_social_options":{"image_generator_settings":{"template":"highway","default_image_id":0,"font":"","enabled":false},"version":2}},"categories":[18],"tags":[],"class_list":["post-41813","post","type-post","status-publish","format-standard","has-post-thumbnail","hentry","category-politica"],"aioseo_notices":[],"views":11,"jetpack_publicize_connections":[],"jetpack_featured_media_url":"https:\/\/i0.wp.com\/elterritorialweb.com.ar\/web\/wp-content\/uploads\/2022\/07\/BATAKIS.jpg?fit=1000%2C667","jetpack_sharing_enabled":true,"_links":{"self":[{"href":"http:\/\/elterritorialweb.com.ar\/web\/wp-json\/wp\/v2\/posts\/41813","targetHints":{"allow":["GET"]}}],"collection":[{"href":"http:\/\/elterritorialweb.com.ar\/web\/wp-json\/wp\/v2\/posts"}],"about":[{"href":"http:\/\/elterritorialweb.com.ar\/web\/wp-json\/wp\/v2\/types\/post"}],"author":[{"embeddable":true,"href":"http:\/\/elterritorialweb.com.ar\/web\/wp-json\/wp\/v2\/users\/2"}],"replies":[{"embeddable":true,"href":"http:\/\/elterritorialweb.com.ar\/web\/wp-json\/wp\/v2\/comments?post=41813"}],"version-history":[{"count":1,"href":"http:\/\/elterritorialweb.com.ar\/web\/wp-json\/wp\/v2\/posts\/41813\/revisions"}],"predecessor-version":[{"id":41815,"href":"http:\/\/elterritorialweb.com.ar\/web\/wp-json\/wp\/v2\/posts\/41813\/revisions\/41815"}],"wp:featuredmedia":[{"embeddable":true,"href":"http:\/\/elterritorialweb.com.ar\/web\/wp-json\/wp\/v2\/media\/41814"}],"wp:attachment":[{"href":"http:\/\/elterritorialweb.com.ar\/web\/wp-json\/wp\/v2\/media?parent=41813"}],"wp:term":[{"taxonomy":"category","embeddable":true,"href":"http:\/\/elterritorialweb.com.ar\/web\/wp-json\/wp\/v2\/categories?post=41813"},{"taxonomy":"post_tag","embeddable":true,"href":"http:\/\/elterritorialweb.com.ar\/web\/wp-json\/wp\/v2\/tags?post=41813"}],"curies":[{"name":"wp","href":"https:\/\/api.w.org\/{rel}","templated":true}]}}