{"id":41816,"date":"2022-07-04T15:20:39","date_gmt":"2022-07-04T15:20:39","guid":{"rendered":"http:\/\/elterritorialweb.com.ar\/web\/?p=41816"},"modified":"2022-07-04T15:21:03","modified_gmt":"2022-07-04T15:21:03","slug":"zamora-habilito-dos-edificios-educativos-entrego-viviendas-y-anuncio-obras-para-weisburd","status":"publish","type":"post","link":"http:\/\/elterritorialweb.com.ar\/web\/zamora-habilito-dos-edificios-educativos-entrego-viviendas-y-anuncio-obras-para-weisburd\/","title":{"rendered":"ZAMORA HABILIT\u00d3 DOS EDIFICIOS EDUCATIVOS, ENTREGO VIVIENDAS Y ANUNCI\u00d3 OBRAS EN WEISBURD"},"content":{"rendered":"\n<p>Tambi\u00e9n habilit\u00f3 la sede de la Comisi\u00f3n Municipal y entreg\u00f3 65 viviendas sociales a familias de la zona.<br>Adem\u00e1s, anunci\u00f3 la pavimentaci\u00f3n de 15 cuadras y destac\u00f3 el avance de los trabajos en la planta potabilizadora del pueblo que tendr\u00e1 una red con 700 conexiones domiciliarias.<br><\/p>\n\n\n\n<figure class=\"wp-block-image size-large\"><a href=\"https:\/\/i0.wp.com\/elterritorialweb.com.ar\/web\/wp-content\/uploads\/2022\/07\/WhatsApp-Image-2022-07-04-at-4.46.07-PM-1.jpeg\"><img data-recalc-dims=\"1\" decoding=\"async\" width=\"640\" height=\"426\" data-src=\"https:\/\/i0.wp.com\/elterritorialweb.com.ar\/web\/wp-content\/uploads\/2022\/07\/WhatsApp-Image-2022-07-04-at-4.46.07-PM-1.jpeg?resize=640%2C426\" alt=\"\" class=\"wp-image-41819 lazyload\" data-srcset=\"https:\/\/i0.wp.com\/elterritorialweb.com.ar\/web\/wp-content\/uploads\/2022\/07\/WhatsApp-Image-2022-07-04-at-4.46.07-PM-1.jpeg?resize=1024%2C682 1024w, https:\/\/i0.wp.com\/elterritorialweb.com.ar\/web\/wp-content\/uploads\/2022\/07\/WhatsApp-Image-2022-07-04-at-4.46.07-PM-1.jpeg?resize=300%2C200 300w, https:\/\/i0.wp.com\/elterritorialweb.com.ar\/web\/wp-content\/uploads\/2022\/07\/WhatsApp-Image-2022-07-04-at-4.46.07-PM-1.jpeg?resize=768%2C512 768w, https:\/\/i0.wp.com\/elterritorialweb.com.ar\/web\/wp-content\/uploads\/2022\/07\/WhatsApp-Image-2022-07-04-at-4.46.07-PM-1.jpeg?w=1280 1280w\" data-sizes=\"(max-width: 640px) 100vw, 640px\" src=\"data:image\/svg+xml;base64,PHN2ZyB3aWR0aD0iMSIgaGVpZ2h0PSIxIiB4bWxucz0iaHR0cDovL3d3dy53My5vcmcvMjAwMC9zdmciPjwvc3ZnPg==\" style=\"--smush-placeholder-width: 640px; --smush-placeholder-aspect-ratio: 640\/426;\" \/><\/a><\/figure>\n\n\n\n<p>El mandatario estuvo acompa\u00f1ado por el vicegobernador Carlos Silva Neder; los ministros de Educaci\u00f3n, Mariela Nassif, y de Desarrollo Social, \u00c1ngel Niccolai, quienes fueron recibidos por el comisionado Heriberto Salvatierra. Primero dej\u00f3 formalmente inaugurado el local del Jard\u00edn de Infantes N\u00b0 133 \u201cCoraz\u00f3n de Tanino\u201d, donde comparti\u00f3 un momento muy emotivo con los peque\u00f1os y docentes encabezados por la directora Mariela Gerez.<\/p>\n\n\n\n<figure class=\"wp-block-image size-large\"><a href=\"https:\/\/i0.wp.com\/elterritorialweb.com.ar\/web\/wp-content\/uploads\/2022\/07\/WhatsApp-Image-2022-07-04-at-4.46.08-PM-1.jpeg\"><img data-recalc-dims=\"1\" decoding=\"async\" width=\"640\" height=\"426\" data-src=\"https:\/\/i0.wp.com\/elterritorialweb.com.ar\/web\/wp-content\/uploads\/2022\/07\/WhatsApp-Image-2022-07-04-at-4.46.08-PM-1.jpeg?resize=640%2C426\" alt=\"\" class=\"wp-image-41818 lazyload\" data-srcset=\"https:\/\/i0.wp.com\/elterritorialweb.com.ar\/web\/wp-content\/uploads\/2022\/07\/WhatsApp-Image-2022-07-04-at-4.46.08-PM-1.jpeg?resize=1024%2C682 1024w, https:\/\/i0.wp.com\/elterritorialweb.com.ar\/web\/wp-content\/uploads\/2022\/07\/WhatsApp-Image-2022-07-04-at-4.46.08-PM-1.jpeg?resize=300%2C200 300w, https:\/\/i0.wp.com\/elterritorialweb.com.ar\/web\/wp-content\/uploads\/2022\/07\/WhatsApp-Image-2022-07-04-at-4.46.08-PM-1.jpeg?resize=768%2C512 768w, https:\/\/i0.wp.com\/elterritorialweb.com.ar\/web\/wp-content\/uploads\/2022\/07\/WhatsApp-Image-2022-07-04-at-4.46.08-PM-1.jpeg?w=1280 1280w\" data-sizes=\"(max-width: 640px) 100vw, 640px\" src=\"data:image\/svg+xml;base64,PHN2ZyB3aWR0aD0iMSIgaGVpZ2h0PSIxIiB4bWxucz0iaHR0cDovL3d3dy53My5vcmcvMjAwMC9zdmciPjwvc3ZnPg==\" style=\"--smush-placeholder-width: 640px; --smush-placeholder-aspect-ratio: 640\/426;\" \/><\/a><\/figure>\n\n\n\n<p>El edificio cuenta con un Sum, un sector administrativo, cocina y tres salas con sus respectivos sanitarios.<br>El gobernador dej\u00f3 tambi\u00e9n en esta instituci\u00f3n un c\u00e1lido saludo a los chicos de la Escuela N\u00b0 1011 \u201cRep\u00fablica Argentina\u201d, con quienes comparti\u00f3 un grato encuentro.<br>Posteriormente, se traslad\u00f3 al domicilio de Valentina Soria, donde entreg\u00f3 de manera simb\u00f3lica las 65 viviendas sociales.<\/p>\n\n\n\n<figure class=\"wp-block-image size-large\"><a href=\"https:\/\/i0.wp.com\/elterritorialweb.com.ar\/web\/wp-content\/uploads\/2022\/07\/WhatsApp-Image-2022-07-04-at-4.46.07-PM-2.jpeg\"><img data-recalc-dims=\"1\" decoding=\"async\" width=\"640\" height=\"426\" data-src=\"https:\/\/i0.wp.com\/elterritorialweb.com.ar\/web\/wp-content\/uploads\/2022\/07\/WhatsApp-Image-2022-07-04-at-4.46.07-PM-2.jpeg?resize=640%2C426\" alt=\"\" class=\"wp-image-41820 lazyload\" data-srcset=\"https:\/\/i0.wp.com\/elterritorialweb.com.ar\/web\/wp-content\/uploads\/2022\/07\/WhatsApp-Image-2022-07-04-at-4.46.07-PM-2.jpeg?resize=1024%2C682 1024w, https:\/\/i0.wp.com\/elterritorialweb.com.ar\/web\/wp-content\/uploads\/2022\/07\/WhatsApp-Image-2022-07-04-at-4.46.07-PM-2.jpeg?resize=300%2C200 300w, https:\/\/i0.wp.com\/elterritorialweb.com.ar\/web\/wp-content\/uploads\/2022\/07\/WhatsApp-Image-2022-07-04-at-4.46.07-PM-2.jpeg?resize=768%2C512 768w, https:\/\/i0.wp.com\/elterritorialweb.com.ar\/web\/wp-content\/uploads\/2022\/07\/WhatsApp-Image-2022-07-04-at-4.46.07-PM-2.jpeg?w=1280 1280w\" data-sizes=\"(max-width: 640px) 100vw, 640px\" src=\"data:image\/svg+xml;base64,PHN2ZyB3aWR0aD0iMSIgaGVpZ2h0PSIxIiB4bWxucz0iaHR0cDovL3d3dy53My5vcmcvMjAwMC9zdmciPjwvc3ZnPg==\" style=\"--smush-placeholder-width: 640px; --smush-placeholder-aspect-ratio: 640\/426;\" \/><\/a><\/figure>\n\n\n\n<p>Luego el mandatario inaugur\u00f3 el nuevo edificio de la Comisi\u00f3n Municipal, para dirigirse despu\u00e9s al Colegio Secundario Wesburd y dejar habilitado el moderno edificio.<br>En su recorrido por la instituci\u00f3n, acompa\u00f1ado por el rector Alfredo Vega, el gobernador apreci\u00f3 el equipamiento en las salas de inform\u00e1tica, laboratorio, biblioteca y en el resto de las dependencias.<br>Las palabras de agradecimiento las brind\u00f3 el rector, quien resalt\u00f3 la gesti\u00f3n provincial en materia educativa en todo Santiago del Estero. \u201cPara nosotros es un sue\u00f1o cumplido\u201d dijo.<\/p>\n\n\n\n<figure class=\"wp-block-image size-large\"><a href=\"https:\/\/i0.wp.com\/elterritorialweb.com.ar\/web\/wp-content\/uploads\/2022\/07\/WhatsApp-Image-2022-07-04-at-4.46.08-PM.jpeg\"><img data-recalc-dims=\"1\" decoding=\"async\" width=\"640\" height=\"426\" data-src=\"https:\/\/i0.wp.com\/elterritorialweb.com.ar\/web\/wp-content\/uploads\/2022\/07\/WhatsApp-Image-2022-07-04-at-4.46.08-PM.jpeg?resize=640%2C426\" alt=\"\" class=\"wp-image-41821 lazyload\" data-srcset=\"https:\/\/i0.wp.com\/elterritorialweb.com.ar\/web\/wp-content\/uploads\/2022\/07\/WhatsApp-Image-2022-07-04-at-4.46.08-PM.jpeg?resize=1024%2C682 1024w, https:\/\/i0.wp.com\/elterritorialweb.com.ar\/web\/wp-content\/uploads\/2022\/07\/WhatsApp-Image-2022-07-04-at-4.46.08-PM.jpeg?resize=300%2C200 300w, https:\/\/i0.wp.com\/elterritorialweb.com.ar\/web\/wp-content\/uploads\/2022\/07\/WhatsApp-Image-2022-07-04-at-4.46.08-PM.jpeg?resize=768%2C512 768w, https:\/\/i0.wp.com\/elterritorialweb.com.ar\/web\/wp-content\/uploads\/2022\/07\/WhatsApp-Image-2022-07-04-at-4.46.08-PM.jpeg?w=1280 1280w\" data-sizes=\"(max-width: 640px) 100vw, 640px\" src=\"data:image\/svg+xml;base64,PHN2ZyB3aWR0aD0iMSIgaGVpZ2h0PSIxIiB4bWxucz0iaHR0cDovL3d3dy53My5vcmcvMjAwMC9zdmciPjwvc3ZnPg==\" style=\"--smush-placeholder-width: 640px; --smush-placeholder-aspect-ratio: 640\/426;\" \/><\/a><\/figure>\n\n\n\n<p>Para finalizar, Zamora destac\u00f3 el desarrollo del Programa de Viviendas Sociales; al mismo tiempo convoc\u00f3 a todas las organizaciones a sumarse para continuar trabajando por los que m\u00e1s necesitan. Luego, hizo alusi\u00f3n a los 11.500 trabajadores con libreta UOCRA en la provincia, r\u00e9cord alcanzado en junio pasado, \u201clo que demuestra el crecimiento en esta actividad\u201d.<br>Por otro lado, remarc\u00f3 la importancia de las obras educativas inauguradas.<br>\u201cLa inversi\u00f3n en educaci\u00f3n para nosotros, para nuestra gesti\u00f3n, siempre es una prioridad. Es invertir en el futuro de nuestros ni\u00f1os y j\u00f3venes\u201d, se\u00f1al\u00f3.<\/p>\n","protected":false},"excerpt":{"rendered":"<p>El gobernador Gerardo Zamora visit\u00f3 este lunes Weisburd, en el departamento Moreno, donde inaugur\u00f3 los nuevos edificios del Jard\u00edn de Infantes N\u00b0 133 \u201cCoraz\u00f3n de Tanino\u201d (anexo de la Escuela N\u00b0 1011) y del colegio secundario de la localidad.<\/p>\n","protected":false},"author":2,"featured_media":41817,"comment_status":"open","ping_status":"open","sticky":false,"template":"","format":"standard","meta":{"om_disable_all_campaigns":false,"_monsterinsights_skip_tracking":false,"_monsterinsights_sitenote_active":false,"_monsterinsights_sitenote_note":"","_monsterinsights_sitenote_category":0,"_uf_show_specific_survey":0,"_uf_disable_surveys":false,"jetpack_post_was_ever_published":false,"_jetpack_newsletter_access":"","_jetpack_dont_email_post_to_subs":false,"_jetpack_newsletter_tier_id":0,"_jetpack_memberships_contains_paywalled_content":false,"_jetpack_memberships_contains_paid_content":false,"footnotes":"","jetpack_publicize_message":"","jetpack_publicize_feature_enabled":true,"jetpack_social_post_already_shared":false,"jetpack_social_options":{"image_generator_settings":{"template":"highway","default_image_id":0,"font":"","enabled":false},"version":2}},"categories":[21],"tags":[],"class_list":["post-41816","post","type-post","status-publish","format-standard","has-post-thumbnail","hentry","category-locales"],"aioseo_notices":[],"views":4,"jetpack_publicize_connections":[],"jetpack_featured_media_url":"https:\/\/i0.wp.com\/elterritorialweb.com.ar\/web\/wp-content\/uploads\/2022\/07\/WhatsApp-Image-2022-07-04-at-4.46.07-PM.jpeg?fit=1280%2C853","jetpack_sharing_enabled":true,"_links":{"self":[{"href":"http:\/\/elterritorialweb.com.ar\/web\/wp-json\/wp\/v2\/posts\/41816","targetHints":{"allow":["GET"]}}],"collection":[{"href":"http:\/\/elterritorialweb.com.ar\/web\/wp-json\/wp\/v2\/posts"}],"about":[{"href":"http:\/\/elterritorialweb.com.ar\/web\/wp-json\/wp\/v2\/types\/post"}],"author":[{"embeddable":true,"href":"http:\/\/elterritorialweb.com.ar\/web\/wp-json\/wp\/v2\/users\/2"}],"replies":[{"embeddable":true,"href":"http:\/\/elterritorialweb.com.ar\/web\/wp-json\/wp\/v2\/comments?post=41816"}],"version-history":[{"count":2,"href":"http:\/\/elterritorialweb.com.ar\/web\/wp-json\/wp\/v2\/posts\/41816\/revisions"}],"predecessor-version":[{"id":41823,"href":"http:\/\/elterritorialweb.com.ar\/web\/wp-json\/wp\/v2\/posts\/41816\/revisions\/41823"}],"wp:featuredmedia":[{"embeddable":true,"href":"http:\/\/elterritorialweb.com.ar\/web\/wp-json\/wp\/v2\/media\/41817"}],"wp:attachment":[{"href":"http:\/\/elterritorialweb.com.ar\/web\/wp-json\/wp\/v2\/media?parent=41816"}],"wp:term":[{"taxonomy":"category","embeddable":true,"href":"http:\/\/elterritorialweb.com.ar\/web\/wp-json\/wp\/v2\/categories?post=41816"},{"taxonomy":"post_tag","embeddable":true,"href":"http:\/\/elterritorialweb.com.ar\/web\/wp-json\/wp\/v2\/tags?post=41816"}],"curies":[{"name":"wp","href":"https:\/\/api.w.org\/{rel}","templated":true}]}}