{"id":41824,"date":"2022-07-05T00:33:15","date_gmt":"2022-07-05T00:33:15","guid":{"rendered":"http:\/\/elterritorialweb.com.ar\/web\/?p=41824"},"modified":"2022-07-05T00:33:15","modified_gmt":"2022-07-05T00:33:15","slug":"el-gobernador-recibio-al-constitucionalista-miguel-rodriguez-villafane","status":"publish","type":"post","link":"http:\/\/elterritorialweb.com.ar\/web\/el-gobernador-recibio-al-constitucionalista-miguel-rodriguez-villafane\/","title":{"rendered":"EL GOBERNADOR RECIBI\u00d3 AL CONSTITUCIONALISTA MIGUEL RODRIGUEZ VILLAFA\u00d1E"},"content":{"rendered":"\n<p>El gobernador <a href=\"https:\/\/www.facebook.com\/zamoraSDE?__cft__[0]=AZULyYvOtuJbGdBdiLspp0h4kehs_iLZxTG6bwGU6iI068gQnJGMfWZV5X3qrQGNRjxAhg2CnOdLMUdn9LO8TqDO7L9vsvNaUIMsqJzG_aD5E0UUitXffwoyvt_RnqWTf4m4bt9E4nkZGF3pBmmf8P8LV3FEPx8xdfRl_Q4uS23XEQ&amp;__tn__=-]K-R\">Gerardo Zamora<\/a> recibi\u00f3 la visita del constitucionalista Miguel Rodr\u00edguez Villafa\u00f1e, quien estuvo acompa\u00f1ado por el presidente del <a href=\"https:\/\/www.facebook.com\/colabogados.sde\/?__cft__[0]=AZULyYvOtuJbGdBdiLspp0h4kehs_iLZxTG6bwGU6iI068gQnJGMfWZV5X3qrQGNRjxAhg2CnOdLMUdn9LO8TqDO7L9vsvNaUIMsqJzG_aD5E0UUitXffwoyvt_RnqWTf4m4bt9E4nkZGF3pBmmf8P8LV3FEPx8xdfRl_Q4uS23XEQ&amp;__tn__=kK-R\">Colegio de Abogados de Santiago del Estero<\/a>, Luis Miguel.<\/p>\n\n\n\n<p>El ex juez federal agradeci\u00f3 el recibimiento del gobernador y lo felicit\u00f3 por el trabajo que viene realizando en la provincia, por buscar el federalismo y el consenso en esta regi\u00f3n del pa\u00eds.<\/p>\n\n\n\n<p>\u201cEsta sumatoria de criterios y esta ampliaci\u00f3n de pactos federales son las acciones que el pa\u00eds necesita en este momento donde la Justicia no est\u00e1 actuando como corresponde\u201d, dijo. Adem\u00e1s resalt\u00f3 la importancia de \u201creforma de la Corte para el sistema\u201d y la necesidad de articular entre los estamentos.<\/p>\n\n\n\n<p>Por su parte, Miguel subray\u00f3: \u201cHemos destacado varios aspectos importantes en lo que respecta a la colegiatura, y el trabajo que se viene realizando a lo largo del a\u00f1o\u201d, e invit\u00f3 a los matriculados a participar desde las 17 de este lunes de una mesa panel y debate sobre \u201cReforma de la Corte\u201d, en<\/p>\n","protected":false},"excerpt":{"rendered":"<p>El encuentro tuvo lugar en Casa de Gobierno en horas de la ma\u00f1ana de este lunes.<\/p>\n","protected":false},"author":2,"featured_media":41825,"comment_status":"open","ping_status":"open","sticky":false,"template":"","format":"standard","meta":{"om_disable_all_campaigns":false,"_monsterinsights_skip_tracking":false,"_monsterinsights_sitenote_active":false,"_monsterinsights_sitenote_note":"","_monsterinsights_sitenote_category":0,"_uf_show_specific_survey":0,"_uf_disable_surveys":false,"jetpack_post_was_ever_published":false,"_jetpack_newsletter_access":"","_jetpack_dont_email_post_to_subs":false,"_jetpack_newsletter_tier_id":0,"_jetpack_memberships_contains_paywalled_content":false,"_jetpack_memberships_contains_paid_content":false,"footnotes":"","jetpack_publicize_message":"","jetpack_publicize_feature_enabled":true,"jetpack_social_post_already_shared":false,"jetpack_social_options":{"image_generator_settings":{"template":"highway","default_image_id":0,"font":"","enabled":false},"version":2}},"categories":[21],"tags":[],"class_list":["post-41824","post","type-post","status-publish","format-standard","has-post-thumbnail","hentry","category-locales"],"aioseo_notices":[],"views":7,"jetpack_publicize_connections":[],"jetpack_featured_media_url":"https:\/\/i0.wp.com\/elterritorialweb.com.ar\/web\/wp-content\/uploads\/2022\/07\/zamora-y-rodriguez-villafane.jpg?fit=1280%2C853","jetpack_sharing_enabled":true,"_links":{"self":[{"href":"http:\/\/elterritorialweb.com.ar\/web\/wp-json\/wp\/v2\/posts\/41824","targetHints":{"allow":["GET"]}}],"collection":[{"href":"http:\/\/elterritorialweb.com.ar\/web\/wp-json\/wp\/v2\/posts"}],"about":[{"href":"http:\/\/elterritorialweb.com.ar\/web\/wp-json\/wp\/v2\/types\/post"}],"author":[{"embeddable":true,"href":"http:\/\/elterritorialweb.com.ar\/web\/wp-json\/wp\/v2\/users\/2"}],"replies":[{"embeddable":true,"href":"http:\/\/elterritorialweb.com.ar\/web\/wp-json\/wp\/v2\/comments?post=41824"}],"version-history":[{"count":1,"href":"http:\/\/elterritorialweb.com.ar\/web\/wp-json\/wp\/v2\/posts\/41824\/revisions"}],"predecessor-version":[{"id":41826,"href":"http:\/\/elterritorialweb.com.ar\/web\/wp-json\/wp\/v2\/posts\/41824\/revisions\/41826"}],"wp:featuredmedia":[{"embeddable":true,"href":"http:\/\/elterritorialweb.com.ar\/web\/wp-json\/wp\/v2\/media\/41825"}],"wp:attachment":[{"href":"http:\/\/elterritorialweb.com.ar\/web\/wp-json\/wp\/v2\/media?parent=41824"}],"wp:term":[{"taxonomy":"category","embeddable":true,"href":"http:\/\/elterritorialweb.com.ar\/web\/wp-json\/wp\/v2\/categories?post=41824"},{"taxonomy":"post_tag","embeddable":true,"href":"http:\/\/elterritorialweb.com.ar\/web\/wp-json\/wp\/v2\/tags?post=41824"}],"curies":[{"name":"wp","href":"https:\/\/api.w.org\/{rel}","templated":true}]}}