{"id":41835,"date":"2022-07-05T00:52:38","date_gmt":"2022-07-05T00:52:38","guid":{"rendered":"http:\/\/elterritorialweb.com.ar\/web\/?p=41835"},"modified":"2022-07-05T01:27:40","modified_gmt":"2022-07-05T01:27:40","slug":"los-gobernadores-del-norte-grande-buscan-fomentar-la-infraestructura-y-el-deporte-en-la-region","status":"publish","type":"post","link":"http:\/\/elterritorialweb.com.ar\/web\/los-gobernadores-del-norte-grande-buscan-fomentar-la-infraestructura-y-el-deporte-en-la-region\/","title":{"rendered":"LOS GOBERNADORES DEL NORTE GRANDE BUSCAN FOMENTAR LA INFRAESTRUCTURA Y EL DEPORTE EN LA REGI\u00d3N"},"content":{"rendered":"\n<p>Entre los puntos principales se destacan el Proyecto de Ley de R\u00e9gimen Promocional de Fomento al Deporte y los avances del Plan de Estrategia Log\u00edstica del Norte Grande. Adem\u00e1s de la Agencia de Promoci\u00f3n de Inversiones y Comercio Exterior de la Regi\u00f3n, la Ley de Garant\u00eda de Inversiones y una posible misi\u00f3n a Estados Unidos para continuar en la b\u00fasqueda de inversiones y generaci\u00f3n de empleo genuino para el Norte Argentino.<\/p>\n\n\n\n<p>El gobernador de Santiago del Estero, Gerardo Zamora, quien es tambi\u00e9n presidente pro t\u00e9mpore del Consejo Consultivo del Norte Grande, destac\u00f3 que invitaron a varios ministros nacionales con quienes generan estos espacios de di\u00e1logo y debate de manera conjunta. \u201cEl di\u00e1logo es permanente y estas reuniones nos permiten visibilizar problem\u00e1ticas de toda la regi\u00f3n. En esta asamblea seguiremos abordando el cupo del combustible y del gas, el gasoducto Regional NEA, el avance de los 1000 megas y medicamentos gen\u00e9ricos\u00bb.<\/p>\n","protected":false},"excerpt":{"rendered":"<p>Los diez mandatarios de las provincias del NEA y NOA participar\u00e1n este martes en la capital de Formosa de la 11\u00b0 Asamblea del Norte Grande, donde continuar\u00e1n con una agenda de trabajo que pone el eje en el federalismo y la distribuci\u00f3n equitativa de recursos.<\/p>\n","protected":false},"author":2,"featured_media":41836,"comment_status":"open","ping_status":"open","sticky":false,"template":"","format":"standard","meta":{"om_disable_all_campaigns":false,"_monsterinsights_skip_tracking":false,"_monsterinsights_sitenote_active":false,"_monsterinsights_sitenote_note":"","_monsterinsights_sitenote_category":0,"_uf_show_specific_survey":0,"_uf_disable_surveys":false,"jetpack_post_was_ever_published":false,"_jetpack_newsletter_access":"","_jetpack_dont_email_post_to_subs":false,"_jetpack_newsletter_tier_id":0,"_jetpack_memberships_contains_paywalled_content":false,"_jetpack_memberships_contains_paid_content":false,"footnotes":"","jetpack_publicize_message":"","jetpack_publicize_feature_enabled":true,"jetpack_social_post_already_shared":false,"jetpack_social_options":{"image_generator_settings":{"template":"highway","default_image_id":0,"font":"","enabled":false},"version":2}},"categories":[4,18],"tags":[],"class_list":["post-41835","post","type-post","status-publish","format-standard","has-post-thumbnail","hentry","category-destacadas","category-politica"],"aioseo_notices":[],"views":7,"jetpack_publicize_connections":[],"jetpack_featured_media_url":"https:\/\/i0.wp.com\/elterritorialweb.com.ar\/web\/wp-content\/uploads\/2022\/07\/ASAMBLEA-NORTE-GRANDE.jpg?fit=1024%2C675","jetpack_sharing_enabled":true,"_links":{"self":[{"href":"http:\/\/elterritorialweb.com.ar\/web\/wp-json\/wp\/v2\/posts\/41835","targetHints":{"allow":["GET"]}}],"collection":[{"href":"http:\/\/elterritorialweb.com.ar\/web\/wp-json\/wp\/v2\/posts"}],"about":[{"href":"http:\/\/elterritorialweb.com.ar\/web\/wp-json\/wp\/v2\/types\/post"}],"author":[{"embeddable":true,"href":"http:\/\/elterritorialweb.com.ar\/web\/wp-json\/wp\/v2\/users\/2"}],"replies":[{"embeddable":true,"href":"http:\/\/elterritorialweb.com.ar\/web\/wp-json\/wp\/v2\/comments?post=41835"}],"version-history":[{"count":1,"href":"http:\/\/elterritorialweb.com.ar\/web\/wp-json\/wp\/v2\/posts\/41835\/revisions"}],"predecessor-version":[{"id":41837,"href":"http:\/\/elterritorialweb.com.ar\/web\/wp-json\/wp\/v2\/posts\/41835\/revisions\/41837"}],"wp:featuredmedia":[{"embeddable":true,"href":"http:\/\/elterritorialweb.com.ar\/web\/wp-json\/wp\/v2\/media\/41836"}],"wp:attachment":[{"href":"http:\/\/elterritorialweb.com.ar\/web\/wp-json\/wp\/v2\/media?parent=41835"}],"wp:term":[{"taxonomy":"category","embeddable":true,"href":"http:\/\/elterritorialweb.com.ar\/web\/wp-json\/wp\/v2\/categories?post=41835"},{"taxonomy":"post_tag","embeddable":true,"href":"http:\/\/elterritorialweb.com.ar\/web\/wp-json\/wp\/v2\/tags?post=41835"}],"curies":[{"name":"wp","href":"https:\/\/api.w.org\/{rel}","templated":true}]}}