{"id":41854,"date":"2022-07-05T11:40:30","date_gmt":"2022-07-05T11:40:30","guid":{"rendered":"http:\/\/elterritorialweb.com.ar\/web\/?p=41854"},"modified":"2022-07-05T11:40:30","modified_gmt":"2022-07-05T11:40:30","slug":"batakis-creo-en-el-equilibrio-fiscal-y-tenemos-que-avanzar-en-ese-sentido","status":"publish","type":"post","link":"http:\/\/elterritorialweb.com.ar\/web\/batakis-creo-en-el-equilibrio-fiscal-y-tenemos-que-avanzar-en-ese-sentido\/","title":{"rendered":"BATAKIS: \u00abCREO EN EL EQUILIBRIO FISCAL Y TENEMOS QUE AVANZAR EN ESE SENTIDO\u00bb"},"content":{"rendered":"\n<p>La flamante ministra de Econom\u00eda, Silvina Batakis, expres\u00f3 este lunes que\u00a0<strong>su gesti\u00f3n avanzar\u00e1 hacia un esquema de \u00abequilibrio fiscal\u00bb\u00a0<\/strong>como parte de la continuidad del programa econ\u00f3mico que deline\u00f3 el presidente Alberto Fern\u00e1ndez, y una mirada federal que permita un crecimiento del empleo, las exportaciones, el ingreso de divisas y la revalorizaci\u00f3n de la moneda local.<\/p>\n\n\n\n<p>\u00abCreo en el equilibrio fiscal y tenemos que avanzar en ese sentido\u00bb, afirm\u00f3 la ministra minutos despu\u00e9s de que\u00a0el Presidente le tomara juramento en el Sal\u00f3n Blanco de la Casa de Gobierno, en un acto en el que estuvieron presentes gobernadores, funcionarios nacionales y provinciales, y representantes gremiales y empresariales.<\/p>\n\n\n\n<p>Tras la jura formal, Batakis, quien se desempe\u00f1\u00f3 hasta este lunes como secretaria de Provincias del Ministerio del Interior, expres\u00f3 -en un encuentro con la prensa en el Patio de Las Palmeras de Casa de Gobierno-<strong>&nbsp;los tres ejes que conformar\u00e1n sus pol\u00edticas econ\u00f3micas<\/strong>, a los que identific\u00f3 como \u00abla solvencia fiscal, la continuidad del programa econ\u00f3mico y aumento del empleo y las exportaciones\u00bb.<\/p>\n\n\n\n<p>La nueva ministra tambi\u00e9n plante\u00f3 la necesidad de\u00a0<strong>\u00abliberar todas las fuerzas productivas para lograr m\u00e1s puestos de trabajo y exportaciones\u00bb<\/strong>, al agradecer el respaldo de la vicepresidenta Cristina Fern\u00e1ndez de Kirchner, de los gobernadores, de los ministros, de Desarrollo Productivo, Daniel Scioli, -de quien fue ministra en la provincia de Buenos Aires-, y de Interior, Wado de Pedro, con quien trabaj\u00f3 hasta su designaci\u00f3n al frente del Palacio de Hacienda.<\/p>\n\n\n\n<p>Luego en declaraciones al canal de cable C5N, la nueva jefa del Palacio de Hacienda anticip\u00f3 que&nbsp;<strong>este martes se comunicar\u00e1 \u00abcon los t\u00e9cnicos del Fondo Monetario Internacional (FMI) para analizar la situaci\u00f3n<\/strong>&nbsp;y la marcha del acuerdo\u00bb.<\/p>\n\n\n\n<p>En relaci\u00f3n con el equilibrio fiscal, la ministra reiter\u00f3 que \u00abnecesitamos equilibrio fiscal, e<strong>l Estado no tiene que acumular super\u00e1vit sino que debemos prestar servicios de calidad<\/strong>. Durante la pandemia el Estado estuvo presente, pagando sueldos y asistiendo a los sectores m\u00e1s necesitados y se acumul\u00f3 d\u00e9ficit. Pero no se puede vivir en d\u00e9ficit permanente\u00bb.<\/p>\n\n\n\n<p>Batakis puntualiz\u00f3 que\u00a0<strong>se siente \u00abmuy c\u00f3moda con el tipo de cambio oficial<\/strong>. El mercado blue es un mercado muy marginal pero est\u00e1 en la conciencia colectiva como el riesgo pa\u00eds. Las grandes operaciones se hacen al tipo de cambio oficial con el cual me siento c\u00f3moda y es un tipo de cambio de equilibrio\u00bb.<\/p>\n\n\n\n<p>M\u00e1s adelante, remarc\u00f3 que \u00ablos d\u00f3lares que tiene la Argentina tienen que ser puestos al servicio de la producci\u00f3n, para bienes de capital y para insumos para la industria. Tenemos que planificar y ser eficientes.&nbsp;<strong>Va a ser dif\u00edcil pero es necesario planificar<\/strong>. Vamos a ver con los empresarios cuales son sus prioridades vivimos una revoluci\u00f3n 4.0 y tiene que ser atendida, No es una cuesti\u00f3n sola del mercado\u00bb.<\/p>\n\n\n\n<p>Batakis expres\u00f3 que \u00abvamos a ir monitoreando y viendo hora por hora qu\u00e9 vamos a hacer. En estos d\u00edas vamos a tener respuestas. Espero que me conozcan y tiene que haber ese ida y vuelta entre todos los actores de la econom\u00eda, los empresarios los sindicalistas y no s\u00f3lo el mercado\u00bb.<\/p>\n\n\n\n<p>A rengl\u00f3n seguido y sobre la falta de insumos, la ministra se\u00f1al\u00f3 que \u00abel tema de los faltantes tiene que ver con la necesidad de tener mayor fluidez en los insumos. Tenemos un cuello de botella que tenemos que resolver. Creemos que en un mes esto tiene que estar resuelto\u00bb.<\/p>\n\n\n\n<h3 class=\"wp-block-heading\">Inflaci\u00f3n, tarifas e impuesto a la renta ineperada<\/h3>\n\n\n\n<p>En referencia a la inflaci\u00f3n, Batakis resalt\u00f3 que \u00abla inflaci\u00f3n es algo que va carcomiendo la vida de los argentinos, la inflaci\u00f3n no permite tomar una decisi\u00f3n y no permite planificar ni al Estado ni a las empresas. Nosotros tenemos nuestras causas propias de la inflaci\u00f3n. Esta batalla la vamos a dar por el beneficio de la gente. La inflaci\u00f3n tiene muchas causas, tenemos una inflaci\u00f3n alta con una inercia muy fuerte y sostenida y tenemos que abordar todos los instrumentos y si en el mediano plazo podemos converger a un orden fiscal ser\u00e1 fundamental para frenar la suba de la inflaci\u00f3n.&nbsp;<strong>Los acuerdos de precios son muy importantes, pero nosotros queremos que los empresarios puedan planificar su cadena productiva<\/strong>, para saber cuales son las necesidades de divisas tanto para importar como para sus remesas de d\u00f3lares. El programa de Precios cuidados se puede mejorar pero no es lo \u00fanico que podemos hacer\u00bb.<\/p>\n\n\n\n<p>Batakis se refiri\u00f3 luego al tema tarifario y ratific\u00f3 que\u00a0<strong>\u00abla segmentaci\u00f3n de tarifas se mantiene<\/strong>\u00a0y aquellos que tienen la capacidad de pago deben hacerse cargo de sus consumos y de esa forma podemos hacer una mejor redistribuci\u00f3n del ingreso. El motor de la econom\u00eda tiene que ver con el consumo. Nosotros creemos en la mejora del salario y en las paritarias como motor del consumo. El salario no es inflacionario pero la distribuci\u00f3n del ingreso debe ser m\u00e1s equitativa\u00bb.<\/p>\n\n\n\n<p>Al ser consultada sobre el<strong>&nbsp;impuesto a la renta inesperada<\/strong>, Batakis dijo que \u00abesa es una v\u00eda justa. Los impuestos tienen otras motivaciones y en este caso viene por una situaci\u00f3n in\u00e9dita como es la guerra. Ese instrumento es para generar una redistribuci\u00f3n de recursos para que todos estemos mejor\u00bb.<\/p>\n\n\n\n<p>La ministra dijo que \u00abun cambio de ministro genera incertidumbre, hay que dejar de correr durante unos d\u00edas, espero que me conozcan\u00bb.<\/p>\n\n\n\n<p>En relaci\u00f3n con la deuda en pesos, Batakis&nbsp;<strong>se mostr\u00f3 proclive a una suba de las tasas de inter\u00e9s&nbsp;<\/strong>porque dijo que \u00ablas tasas de inter\u00e9s tiene que ser positivas para poder desarrollar instrumentos en pesos. Es un segundo semestre de muchos vencimientos y ya lo estamos trabajando con el Banco Central\u00bb.<\/p>\n","protected":false},"excerpt":{"rendered":"<p>La ministra de Econom\u00eda expres\u00f3 los tres ejes que conformar\u00e1n sus pol\u00edticas: \u00abLa solvencia fiscal, la continuidad del programa econ\u00f3mico y aumento del empleo y las exportaciones\u00bb. Dijo adem\u00e1s que este martes se comunicar\u00e1 con el FMI para analizar \u00abla marcha del acuerdo\u00bb.<\/p>\n","protected":false},"author":2,"featured_media":41855,"comment_status":"open","ping_status":"open","sticky":false,"template":"","format":"standard","meta":{"om_disable_all_campaigns":false,"_monsterinsights_skip_tracking":false,"_monsterinsights_sitenote_active":false,"_monsterinsights_sitenote_note":"","_monsterinsights_sitenote_category":0,"_uf_show_specific_survey":0,"_uf_disable_surveys":false,"jetpack_post_was_ever_published":false,"_jetpack_newsletter_access":"","_jetpack_dont_email_post_to_subs":false,"_jetpack_newsletter_tier_id":0,"_jetpack_memberships_contains_paywalled_content":false,"_jetpack_memberships_contains_paid_content":false,"footnotes":"","jetpack_publicize_message":"","jetpack_publicize_feature_enabled":true,"jetpack_social_post_already_shared":false,"jetpack_social_options":{"image_generator_settings":{"template":"highway","default_image_id":0,"font":"","enabled":false},"version":2}},"categories":[2],"tags":[],"class_list":["post-41854","post","type-post","status-publish","format-standard","has-post-thumbnail","hentry","category-economia"],"aioseo_notices":[],"views":7,"jetpack_publicize_connections":[],"jetpack_featured_media_url":"https:\/\/i0.wp.com\/elterritorialweb.com.ar\/web\/wp-content\/uploads\/2022\/07\/62c35d284f45f_900.jpg?fit=900%2C506","jetpack_sharing_enabled":true,"_links":{"self":[{"href":"http:\/\/elterritorialweb.com.ar\/web\/wp-json\/wp\/v2\/posts\/41854","targetHints":{"allow":["GET"]}}],"collection":[{"href":"http:\/\/elterritorialweb.com.ar\/web\/wp-json\/wp\/v2\/posts"}],"about":[{"href":"http:\/\/elterritorialweb.com.ar\/web\/wp-json\/wp\/v2\/types\/post"}],"author":[{"embeddable":true,"href":"http:\/\/elterritorialweb.com.ar\/web\/wp-json\/wp\/v2\/users\/2"}],"replies":[{"embeddable":true,"href":"http:\/\/elterritorialweb.com.ar\/web\/wp-json\/wp\/v2\/comments?post=41854"}],"version-history":[{"count":1,"href":"http:\/\/elterritorialweb.com.ar\/web\/wp-json\/wp\/v2\/posts\/41854\/revisions"}],"predecessor-version":[{"id":41856,"href":"http:\/\/elterritorialweb.com.ar\/web\/wp-json\/wp\/v2\/posts\/41854\/revisions\/41856"}],"wp:featuredmedia":[{"embeddable":true,"href":"http:\/\/elterritorialweb.com.ar\/web\/wp-json\/wp\/v2\/media\/41855"}],"wp:attachment":[{"href":"http:\/\/elterritorialweb.com.ar\/web\/wp-json\/wp\/v2\/media?parent=41854"}],"wp:term":[{"taxonomy":"category","embeddable":true,"href":"http:\/\/elterritorialweb.com.ar\/web\/wp-json\/wp\/v2\/categories?post=41854"},{"taxonomy":"post_tag","embeddable":true,"href":"http:\/\/elterritorialweb.com.ar\/web\/wp-json\/wp\/v2\/tags?post=41854"}],"curies":[{"name":"wp","href":"https:\/\/api.w.org\/{rel}","templated":true}]}}