{"id":41860,"date":"2022-07-05T16:22:53","date_gmt":"2022-07-05T16:22:53","guid":{"rendered":"http:\/\/elterritorialweb.com.ar\/web\/?p=41860"},"modified":"2022-07-05T17:00:31","modified_gmt":"2022-07-05T17:00:31","slug":"comenzo-la-11asamblea-del-consejo-regional-del-norte-grande","status":"publish","type":"post","link":"http:\/\/elterritorialweb.com.ar\/web\/comenzo-la-11asamblea-del-consejo-regional-del-norte-grande\/","title":{"rendered":"COMENZ\u00d3 LA 11\u00b0ASAMBLEA DEL CONSEJO REGIONAL DEL NORTE GRANDE"},"content":{"rendered":"\n<p>El mandatario local, Gildo Insfr\u00e1n , dio la bienvenida a sus pares de Tucum\u00e1n, Osvaldo Jaldo; de La Rioja, Ricardo Clemente Quintela ; de Misiones, Oscar Herrera Ahuad ; de Catamarca, Ra\u00fal Jalill ; de Corrientes Gustavo Vald\u00e9s ; de Chaco, Jorge Milton Capitanich ; de Jujuy, Gerardo Morales , y de Salta, Gustavo S\u00e1enz .<br><\/p>\n\n\n\n<figure class=\"wp-block-image size-full\"><a href=\"https:\/\/i0.wp.com\/elterritorialweb.com.ar\/web\/wp-content\/uploads\/2022\/07\/FB_IMG_1657033132421.jpg\"><img data-recalc-dims=\"1\" decoding=\"async\" width=\"640\" height=\"427\" data-src=\"https:\/\/i0.wp.com\/elterritorialweb.com.ar\/web\/wp-content\/uploads\/2022\/07\/FB_IMG_1657033132421.jpg?resize=640%2C427\" alt=\"\" class=\"wp-image-41862 lazyload\" data-srcset=\"https:\/\/i0.wp.com\/elterritorialweb.com.ar\/web\/wp-content\/uploads\/2022\/07\/FB_IMG_1657033132421.jpg?w=720 720w, https:\/\/i0.wp.com\/elterritorialweb.com.ar\/web\/wp-content\/uploads\/2022\/07\/FB_IMG_1657033132421.jpg?resize=300%2C200 300w\" data-sizes=\"(max-width: 640px) 100vw, 640px\" src=\"data:image\/svg+xml;base64,PHN2ZyB3aWR0aD0iMSIgaGVpZ2h0PSIxIiB4bWxucz0iaHR0cDovL3d3dy53My5vcmcvMjAwMC9zdmciPjwvc3ZnPg==\" style=\"--smush-placeholder-width: 640px; --smush-placeholder-aspect-ratio: 640\/427;\" \/><\/a><\/figure>\n\n\n\n<p>Tambi\u00e9n son parte del encuentro el secretario general del CFI, Ignacio Lamothe; el jefe de Gabinete de la Naci\u00f3n, Juan Luis Manzur , y los ministros del Interior, Wado de Pedro ; de Turismo, Mat\u00edas Lammens ; de Desarrollo Productivo, Daniel Sciolii , y de Desarrollo Social, Juan Zabaleta .<\/p>\n\n\n\n<figure class=\"wp-block-image size-full\"><a href=\"https:\/\/i0.wp.com\/elterritorialweb.com.ar\/web\/wp-content\/uploads\/2022\/07\/FB_IMG_1657033135255.jpg\"><img data-recalc-dims=\"1\" decoding=\"async\" width=\"640\" height=\"427\" data-src=\"https:\/\/i0.wp.com\/elterritorialweb.com.ar\/web\/wp-content\/uploads\/2022\/07\/FB_IMG_1657033135255.jpg?resize=640%2C427\" alt=\"\" class=\"wp-image-41863 lazyload\" data-srcset=\"https:\/\/i0.wp.com\/elterritorialweb.com.ar\/web\/wp-content\/uploads\/2022\/07\/FB_IMG_1657033135255.jpg?w=720 720w, https:\/\/i0.wp.com\/elterritorialweb.com.ar\/web\/wp-content\/uploads\/2022\/07\/FB_IMG_1657033135255.jpg?resize=300%2C200 300w\" data-sizes=\"(max-width: 640px) 100vw, 640px\" src=\"data:image\/svg+xml;base64,PHN2ZyB3aWR0aD0iMSIgaGVpZ2h0PSIxIiB4bWxucz0iaHR0cDovL3d3dy53My5vcmcvMjAwMC9zdmciPjwvc3ZnPg==\" style=\"--smush-placeholder-width: 640px; --smush-placeholder-aspect-ratio: 640\/427;\" \/><\/a><\/figure>\n\n\n\n<p>La reuni\u00f3n comenz\u00f3 con una video conferencia con el embajador argentino en Estados Unidos, Jorge Arg\u00fcello , para avanzar en la organizaci\u00f3n de una pronta misi\u00f3n conjunta hacia el pa\u00eds del Norte para establecer v\u00ednculos comerciales y productivos.<\/p>\n\n\n\n<figure class=\"wp-block-image size-full\"><a href=\"https:\/\/i0.wp.com\/elterritorialweb.com.ar\/web\/wp-content\/uploads\/2022\/07\/FB_IMG_1657033140593.jpg\"><img data-recalc-dims=\"1\" decoding=\"async\" width=\"640\" height=\"375\" data-src=\"https:\/\/i0.wp.com\/elterritorialweb.com.ar\/web\/wp-content\/uploads\/2022\/07\/FB_IMG_1657033140593.jpg?resize=640%2C375\" alt=\"\" class=\"wp-image-41864 lazyload\" data-srcset=\"https:\/\/i0.wp.com\/elterritorialweb.com.ar\/web\/wp-content\/uploads\/2022\/07\/FB_IMG_1657033140593.jpg?w=720 720w, https:\/\/i0.wp.com\/elterritorialweb.com.ar\/web\/wp-content\/uploads\/2022\/07\/FB_IMG_1657033140593.jpg?resize=300%2C176 300w\" data-sizes=\"(max-width: 640px) 100vw, 640px\" src=\"data:image\/svg+xml;base64,PHN2ZyB3aWR0aD0iMSIgaGVpZ2h0PSIxIiB4bWxucz0iaHR0cDovL3d3dy53My5vcmcvMjAwMC9zdmciPjwvc3ZnPg==\" style=\"--smush-placeholder-width: 640px; --smush-placeholder-aspect-ratio: 640\/375;\" \/><\/a><\/figure>\n\n\n\n<p>Luego se hizo la presentaci\u00f3n del plan del Consejo Federal de Inversiones para la regi\u00f3n.<\/p>\n","protected":false},"excerpt":{"rendered":"<p>Los gobernadores del Norte Grande, con Gerardo Zamora como presidente pro t\u00e9mpore, abrieron en Formosa, la 11\u00b0 Asamblea del Consejo Regional, con la presencia de cinco miembros del gabinete nacional.<\/p>\n","protected":false},"author":2,"featured_media":41861,"comment_status":"open","ping_status":"open","sticky":false,"template":"","format":"standard","meta":{"om_disable_all_campaigns":false,"_monsterinsights_skip_tracking":false,"_monsterinsights_sitenote_active":false,"_monsterinsights_sitenote_note":"","_monsterinsights_sitenote_category":0,"_uf_show_specific_survey":0,"_uf_disable_surveys":false,"jetpack_post_was_ever_published":false,"_jetpack_newsletter_access":"","_jetpack_dont_email_post_to_subs":false,"_jetpack_newsletter_tier_id":0,"_jetpack_memberships_contains_paywalled_content":false,"_jetpack_memberships_contains_paid_content":false,"footnotes":"","jetpack_publicize_message":"","jetpack_publicize_feature_enabled":true,"jetpack_social_post_already_shared":false,"jetpack_social_options":{"image_generator_settings":{"template":"highway","default_image_id":0,"font":"","enabled":false},"version":2}},"categories":[4,18],"tags":[],"class_list":["post-41860","post","type-post","status-publish","format-standard","has-post-thumbnail","hentry","category-destacadas","category-politica"],"aioseo_notices":[],"views":10,"jetpack_publicize_connections":[],"jetpack_featured_media_url":"https:\/\/i0.wp.com\/elterritorialweb.com.ar\/web\/wp-content\/uploads\/2022\/07\/FB_IMG_1657033126740.jpg?fit=720%2C480","jetpack_sharing_enabled":true,"_links":{"self":[{"href":"http:\/\/elterritorialweb.com.ar\/web\/wp-json\/wp\/v2\/posts\/41860","targetHints":{"allow":["GET"]}}],"collection":[{"href":"http:\/\/elterritorialweb.com.ar\/web\/wp-json\/wp\/v2\/posts"}],"about":[{"href":"http:\/\/elterritorialweb.com.ar\/web\/wp-json\/wp\/v2\/types\/post"}],"author":[{"embeddable":true,"href":"http:\/\/elterritorialweb.com.ar\/web\/wp-json\/wp\/v2\/users\/2"}],"replies":[{"embeddable":true,"href":"http:\/\/elterritorialweb.com.ar\/web\/wp-json\/wp\/v2\/comments?post=41860"}],"version-history":[{"count":1,"href":"http:\/\/elterritorialweb.com.ar\/web\/wp-json\/wp\/v2\/posts\/41860\/revisions"}],"predecessor-version":[{"id":41865,"href":"http:\/\/elterritorialweb.com.ar\/web\/wp-json\/wp\/v2\/posts\/41860\/revisions\/41865"}],"wp:featuredmedia":[{"embeddable":true,"href":"http:\/\/elterritorialweb.com.ar\/web\/wp-json\/wp\/v2\/media\/41861"}],"wp:attachment":[{"href":"http:\/\/elterritorialweb.com.ar\/web\/wp-json\/wp\/v2\/media?parent=41860"}],"wp:term":[{"taxonomy":"category","embeddable":true,"href":"http:\/\/elterritorialweb.com.ar\/web\/wp-json\/wp\/v2\/categories?post=41860"},{"taxonomy":"post_tag","embeddable":true,"href":"http:\/\/elterritorialweb.com.ar\/web\/wp-json\/wp\/v2\/tags?post=41860"}],"curies":[{"name":"wp","href":"https:\/\/api.w.org\/{rel}","templated":true}]}}