{"id":41880,"date":"2022-07-06T03:45:50","date_gmt":"2022-07-06T03:45:50","guid":{"rendered":"http:\/\/elterritorialweb.com.ar\/web\/?p=41880"},"modified":"2022-07-06T03:45:50","modified_gmt":"2022-07-06T03:45:50","slug":"quimili-celebro-su-cumpleanos-con-la-entrega-de-viviendas-sociales","status":"publish","type":"post","link":"http:\/\/elterritorialweb.com.ar\/web\/quimili-celebro-su-cumpleanos-con-la-entrega-de-viviendas-sociales\/","title":{"rendered":"QUIMIL\u00cd CELEBR\u00d3 SU CUMPLEA\u00d1OS CON LA ENTREGA DE VIVIENDAS SOCIALES"},"content":{"rendered":"\n<p>El ministro de Desarrollo Social, \u00c1ngel Niccolai, en representaci\u00f3n del gobernador Gerardo Zamora, encabez\u00f3 la entrega simb\u00f3lica a los beneficiarios del programa, realizado en el domicilio de Sonia Paz, del barrio I\u00f1\u00edguez. Estuvo acompa\u00f1ado por el intendente Omar Fantoni y el diputado provincial Ernesto Mazoud.<\/p>\n\n\n\n<p>Luego participaron del acto protocolar por el aniversario de la ciudad, donde&nbsp; Niccolai resalt\u00f3 los frutos del trabajo conjunto entre provincia y municipio en beneficio de familias en situaci\u00f3n de vulnerabilidad a trav\u00e9s de este&nbsp; programa.<\/p>\n\n\n\n<figure class=\"wp-block-image size-large\"><a href=\"https:\/\/i0.wp.com\/elterritorialweb.com.ar\/web\/wp-content\/uploads\/2022\/07\/quimili1.jpeg\"><img data-recalc-dims=\"1\" decoding=\"async\" width=\"640\" height=\"288\" data-src=\"https:\/\/i0.wp.com\/elterritorialweb.com.ar\/web\/wp-content\/uploads\/2022\/07\/quimili1.jpeg?resize=640%2C288\" alt=\"\" class=\"wp-image-41882 lazyload\" data-srcset=\"https:\/\/i0.wp.com\/elterritorialweb.com.ar\/web\/wp-content\/uploads\/2022\/07\/quimili1.jpeg?resize=1024%2C460 1024w, https:\/\/i0.wp.com\/elterritorialweb.com.ar\/web\/wp-content\/uploads\/2022\/07\/quimili1.jpeg?resize=300%2C135 300w, https:\/\/i0.wp.com\/elterritorialweb.com.ar\/web\/wp-content\/uploads\/2022\/07\/quimili1.jpeg?resize=768%2C345 768w, https:\/\/i0.wp.com\/elterritorialweb.com.ar\/web\/wp-content\/uploads\/2022\/07\/quimili1.jpeg?w=1280 1280w\" data-sizes=\"(max-width: 640px) 100vw, 640px\" src=\"data:image\/svg+xml;base64,PHN2ZyB3aWR0aD0iMSIgaGVpZ2h0PSIxIiB4bWxucz0iaHR0cDovL3d3dy53My5vcmcvMjAwMC9zdmciPjwvc3ZnPg==\" style=\"--smush-placeholder-width: 640px; --smush-placeholder-aspect-ratio: 640\/288;\" \/><\/a><\/figure>\n\n\n\n<p>\u201cEn un d\u00eda festivo es importante que todos dialoguemos y podamos concretar lo que a\u00fan falta por hacer, porque entre todos es fundamental que trabajemos de la mejor manera para un futuro mejor\u201d, dijo.<\/p>\n\n\n\n<p>A su turno, Fantoni manifest\u00f3 su agradecimiento al Gobierno de la provincia y resalt\u00f3: \u201cTras dos a\u00f1os de pandemia volvemos a encontrarnos con el acto tradicional que se extra\u00f1aba mucho\u201d.<\/p>\n\n\n\n<p>Luego se realiz\u00f3 el tradicional desfile con la participaci\u00f3n de 70 instituciones educativas, religiosas y fuerzas vivas de la ciudad y zonas aleda\u00f1as.<\/p>\n","protected":false},"excerpt":{"rendered":"<p>En el marco de los festejos por los 118 a\u00f1os de Quimil\u00ed, el Gobierno de la provincia entreg\u00f3 este martes viviendas sociales a 16 familias de la ciudad.<\/p>\n","protected":false},"author":2,"featured_media":41881,"comment_status":"open","ping_status":"open","sticky":false,"template":"","format":"standard","meta":{"om_disable_all_campaigns":false,"_monsterinsights_skip_tracking":false,"_monsterinsights_sitenote_active":false,"_monsterinsights_sitenote_note":"","_monsterinsights_sitenote_category":0,"_uf_show_specific_survey":0,"_uf_disable_surveys":false,"jetpack_post_was_ever_published":false,"_jetpack_newsletter_access":"","_jetpack_dont_email_post_to_subs":false,"_jetpack_newsletter_tier_id":0,"_jetpack_memberships_contains_paywalled_content":false,"_jetpack_memberships_contains_paid_content":false,"footnotes":"","jetpack_publicize_message":"","jetpack_publicize_feature_enabled":true,"jetpack_social_post_already_shared":false,"jetpack_social_options":{"image_generator_settings":{"template":"highway","default_image_id":0,"font":"","enabled":false},"version":2}},"categories":[21],"tags":[],"class_list":["post-41880","post","type-post","status-publish","format-standard","has-post-thumbnail","hentry","category-locales"],"aioseo_notices":[],"views":8,"jetpack_publicize_connections":[],"jetpack_featured_media_url":"https:\/\/i0.wp.com\/elterritorialweb.com.ar\/web\/wp-content\/uploads\/2022\/07\/quimili.jpeg?fit=1280%2C853","jetpack_sharing_enabled":true,"_links":{"self":[{"href":"http:\/\/elterritorialweb.com.ar\/web\/wp-json\/wp\/v2\/posts\/41880","targetHints":{"allow":["GET"]}}],"collection":[{"href":"http:\/\/elterritorialweb.com.ar\/web\/wp-json\/wp\/v2\/posts"}],"about":[{"href":"http:\/\/elterritorialweb.com.ar\/web\/wp-json\/wp\/v2\/types\/post"}],"author":[{"embeddable":true,"href":"http:\/\/elterritorialweb.com.ar\/web\/wp-json\/wp\/v2\/users\/2"}],"replies":[{"embeddable":true,"href":"http:\/\/elterritorialweb.com.ar\/web\/wp-json\/wp\/v2\/comments?post=41880"}],"version-history":[{"count":1,"href":"http:\/\/elterritorialweb.com.ar\/web\/wp-json\/wp\/v2\/posts\/41880\/revisions"}],"predecessor-version":[{"id":41883,"href":"http:\/\/elterritorialweb.com.ar\/web\/wp-json\/wp\/v2\/posts\/41880\/revisions\/41883"}],"wp:featuredmedia":[{"embeddable":true,"href":"http:\/\/elterritorialweb.com.ar\/web\/wp-json\/wp\/v2\/media\/41881"}],"wp:attachment":[{"href":"http:\/\/elterritorialweb.com.ar\/web\/wp-json\/wp\/v2\/media?parent=41880"}],"wp:term":[{"taxonomy":"category","embeddable":true,"href":"http:\/\/elterritorialweb.com.ar\/web\/wp-json\/wp\/v2\/categories?post=41880"},{"taxonomy":"post_tag","embeddable":true,"href":"http:\/\/elterritorialweb.com.ar\/web\/wp-json\/wp\/v2\/tags?post=41880"}],"curies":[{"name":"wp","href":"https:\/\/api.w.org\/{rel}","templated":true}]}}