{"id":41884,"date":"2022-07-06T04:19:44","date_gmt":"2022-07-06T04:19:44","guid":{"rendered":"http:\/\/elterritorialweb.com.ar\/web\/?p=41884"},"modified":"2022-07-06T04:19:44","modified_gmt":"2022-07-06T04:19:44","slug":"actividades-culturales-de-esta-semana-por-el-aniversario-de-la-ciudad","status":"publish","type":"post","link":"http:\/\/elterritorialweb.com.ar\/web\/actividades-culturales-de-esta-semana-por-el-aniversario-de-la-ciudad\/","title":{"rendered":"ACTIVIDADES CULTURALES DE ESTA SEMANA POR EL ANIVERSARIO DE LA CIUDAD"},"content":{"rendered":"\n<p>En una conferencia de prensa, el subsecretario de Cultura, Arq. Rodolfo Legname, inform\u00f3 que, este mi\u00e9rcoles, a partir de las 20:30 horas, actuar\u00e1 la banda \u00abLa Misky Vacil\u00f3n\u00bb en el patio central del palacio municipal. En tanto, el jueves se presentar\u00e1 un libro sobre el mercado del trabajo, a cargo de los reconocidos abogados Agust\u00edn Salvia y Carlos Zurita, en el Centro Cultural del Bicentenario.<\/p>\n\n\n\n<p>Adem\u00e1s, el vienes 8 se inaugurar\u00e1 en el Centro Cultural del Bicentenario la muestra El maravilloso cuerpo humano. \u00abEse mismo d\u00eda, en el centro de la ciudad, en horas de la ma\u00f1ana, academias de baile deleitar\u00e1n a los vecinos y turistas con piezas de folclore y, por la noche, habr\u00e1 un recital en la Retreta de la Plaza Libertad a los fines de revalorizar nuestras tradiciones y conmemorar la Independencia de nuestra Patria\u00bb, se\u00f1al\u00f3.<\/p>\n\n\n\n<p>El funcionario inform\u00f3 que \u00abel s\u00e1bado 9, por la ma\u00f1ana, se realizar\u00e1 el tradicional desfile patrio desde las 9.30. A partir de las 14 horas y hasta la medianoche, en el Parque Oeste, se realizar\u00e1 el festival Santiago es de Todos en donde se presentar\u00e1n Jessica Sirio con una master class de zumba y la cantante Agos Nisi con un recital de m\u00fasica urbana, \u201centre muchas otras sorpresas que se desarrollar\u00e1n a lo largo de una jornada variada de propuestas\u201d.<\/p>\n\n\n\n<p>El festival tambi\u00e9n incluir\u00e1 la presentaci\u00f3n de Agust\u00edn Cartier y Cacho Fr\u00e1gola durante las primeras horas; alrededor de la 17,&nbsp; Jesica Sirio dar\u00e1 su master class y desde las 19 continuar\u00e1 con Magda Darchuk, B\u00e1rbara Katrich, Martina Deffis, Pedro Silva y cerrar\u00e1 la jornada Agos Nisi.<\/p>\n\n\n\n<p>Legname dijo que \u00abpara finalizar la semana, el domingo 10, a las 20 horas, en el F\u00f3rum, se presentar\u00e1 el reconocido m\u00fasico Chango Spasiuk, con entrada gratuitas que ya pueden retirarse en la Casa Arga\u00f1ar\u00e1z Alcorta, de 9 a 12 y de 18 a 21, otorgandose hasta dos por persona\u00bb.<\/p>\n\n\n\n<p>Asimismo record\u00f3 que a todas estas propuestas, se suma la Feria Artesanal que funciona todos los d\u00edas, en el horario de 14 a 24 los lunes, martes, mi\u00e9rcoles y jueves, mientras que los viernes, s\u00e1bados y domingos, el horario de inicio es a las 13. Los fines de semana incluyen una amplia cartelera de m\u00fasicos y artistas locales. Adem\u00e1s se dictan talleres de chacarera durante la siesta todos los d\u00edas.<\/p>\n","protected":false},"excerpt":{"rendered":"<p>En el marco de los festejos por el 469\u00b0 aniversario de la ciudad, la Municipalidad de la Capital contin\u00faa con la realizaci\u00f3n de eventos culturales con entrada libre y gratuita que, durante el resto de la semana, incluir\u00e1 diferentes propuestas musicales, literarias y acad\u00e9micas.<\/p>\n","protected":false},"author":2,"featured_media":41885,"comment_status":"open","ping_status":"open","sticky":false,"template":"","format":"standard","meta":{"om_disable_all_campaigns":false,"_monsterinsights_skip_tracking":false,"_monsterinsights_sitenote_active":false,"_monsterinsights_sitenote_note":"","_monsterinsights_sitenote_category":0,"_uf_show_specific_survey":0,"_uf_disable_surveys":false,"jetpack_post_was_ever_published":false,"_jetpack_newsletter_access":"","_jetpack_dont_email_post_to_subs":false,"_jetpack_newsletter_tier_id":0,"_jetpack_memberships_contains_paywalled_content":false,"_jetpack_memberships_contains_paid_content":false,"footnotes":"","jetpack_publicize_message":"","jetpack_publicize_feature_enabled":true,"jetpack_social_post_already_shared":false,"jetpack_social_options":{"image_generator_settings":{"template":"highway","default_image_id":0,"font":"","enabled":false},"version":2}},"categories":[19],"tags":[],"class_list":["post-41884","post","type-post","status-publish","format-standard","has-post-thumbnail","hentry","category-educacion"],"aioseo_notices":[],"views":10,"jetpack_publicize_connections":[],"jetpack_featured_media_url":"https:\/\/i0.wp.com\/elterritorialweb.com.ar\/web\/wp-content\/uploads\/2022\/07\/santiago-cumple-aniversario.jpg?fit=782%2C500","jetpack_sharing_enabled":true,"_links":{"self":[{"href":"http:\/\/elterritorialweb.com.ar\/web\/wp-json\/wp\/v2\/posts\/41884","targetHints":{"allow":["GET"]}}],"collection":[{"href":"http:\/\/elterritorialweb.com.ar\/web\/wp-json\/wp\/v2\/posts"}],"about":[{"href":"http:\/\/elterritorialweb.com.ar\/web\/wp-json\/wp\/v2\/types\/post"}],"author":[{"embeddable":true,"href":"http:\/\/elterritorialweb.com.ar\/web\/wp-json\/wp\/v2\/users\/2"}],"replies":[{"embeddable":true,"href":"http:\/\/elterritorialweb.com.ar\/web\/wp-json\/wp\/v2\/comments?post=41884"}],"version-history":[{"count":1,"href":"http:\/\/elterritorialweb.com.ar\/web\/wp-json\/wp\/v2\/posts\/41884\/revisions"}],"predecessor-version":[{"id":41886,"href":"http:\/\/elterritorialweb.com.ar\/web\/wp-json\/wp\/v2\/posts\/41884\/revisions\/41886"}],"wp:featuredmedia":[{"embeddable":true,"href":"http:\/\/elterritorialweb.com.ar\/web\/wp-json\/wp\/v2\/media\/41885"}],"wp:attachment":[{"href":"http:\/\/elterritorialweb.com.ar\/web\/wp-json\/wp\/v2\/media?parent=41884"}],"wp:term":[{"taxonomy":"category","embeddable":true,"href":"http:\/\/elterritorialweb.com.ar\/web\/wp-json\/wp\/v2\/categories?post=41884"},{"taxonomy":"post_tag","embeddable":true,"href":"http:\/\/elterritorialweb.com.ar\/web\/wp-json\/wp\/v2\/tags?post=41884"}],"curies":[{"name":"wp","href":"https:\/\/api.w.org\/{rel}","templated":true}]}}