{"id":41887,"date":"2022-07-06T04:34:47","date_gmt":"2022-07-06T04:34:47","guid":{"rendered":"http:\/\/elterritorialweb.com.ar\/web\/?p=41887"},"modified":"2022-07-06T04:38:19","modified_gmt":"2022-07-06T04:38:19","slug":"boca-fue-eliminado-por-penales-ante-corinthians","status":"publish","type":"post","link":"http:\/\/elterritorialweb.com.ar\/web\/boca-fue-eliminado-por-penales-ante-corinthians\/","title":{"rendered":"BOCA FUE ELIMINADO DE LA LIBERTADORES POR CORINTHIANS EN DEFINICI\u00d3N POR PENALES"},"content":{"rendered":"\n<p>Esta eliminaci\u00f3n de Boca, por segundo a\u00f1o consecutivo en los octavos de final de la\u00a0<strong>Copa Libertadores,\u00a0<\/strong>ser\u00e1 recordada como la de la\u00a0<strong>noche nefasta de Dar\u00edo Benedetto,<\/strong>\u00a0que err\u00f3 un penal en el primer tiempo y cuando tuvo el que le hubiera dado el triunfo a Boca en la serie final, lo tir\u00f3 a la segunda bandeja. S\u00ed, sin eufemismos: a la segunda bandeja. Frustraci\u00f3n grande para Boca, que choc\u00f3 durante los 90 minutos contra un firme Corinthians. No pas\u00f3 del 0-0 y en los penales cay\u00f3 6-5.<\/p>\n\n\n\n<figure class=\"wp-block-image size-full is-resized\"><a href=\"https:\/\/i0.wp.com\/elterritorialweb.com.ar\/web\/wp-content\/uploads\/2022\/07\/BOCA.jpg\"><img data-recalc-dims=\"1\" decoding=\"async\" data-src=\"https:\/\/i0.wp.com\/elterritorialweb.com.ar\/web\/wp-content\/uploads\/2022\/07\/BOCA.jpg?resize=640%2C451\" alt=\"\" class=\"wp-image-41891 lazyload\" width=\"640\" height=\"451\" data-srcset=\"https:\/\/i0.wp.com\/elterritorialweb.com.ar\/web\/wp-content\/uploads\/2022\/07\/BOCA.jpg?w=680 680w, https:\/\/i0.wp.com\/elterritorialweb.com.ar\/web\/wp-content\/uploads\/2022\/07\/BOCA.jpg?resize=300%2C211 300w\" data-sizes=\"(max-width: 640px) 100vw, 640px\" src=\"data:image\/svg+xml;base64,PHN2ZyB3aWR0aD0iMSIgaGVpZ2h0PSIxIiB4bWxucz0iaHR0cDovL3d3dy53My5vcmcvMjAwMC9zdmciPjwvc3ZnPg==\" style=\"--smush-placeholder-width: 640px; --smush-placeholder-aspect-ratio: 640\/451;\" \/><\/a><\/figure>\n\n\n\n<p><strong>Desolado, Benedetto no pudo contener las l\u00e1grimas en el final, mientras con gestos le ped\u00eda disculpas a los hinchas que en las tribunas no pod\u00edan creer lo que hab\u00eda pasado.<\/strong>\u00a0Para Boca convirtieron Marcos Rojo, Carlos Izquierdoz, Guillermo Fern\u00e1ndez, Oscar Romero y Alan Varela. Adem\u00e1s de Benedetto,\u00a0<strong>fallaron Sebasti\u00e1n Villa y Juan Ram\u00edrez,\u00a0<\/strong>cuyos remates fueron atajados por Cassio.<\/p>\n\n\n\n<figure class=\"wp-block-image size-full is-resized\"><a href=\"https:\/\/i0.wp.com\/elterritorialweb.com.ar\/web\/wp-content\/uploads\/2022\/07\/BOCA-3.jpg\"><img data-recalc-dims=\"1\" decoding=\"async\" data-src=\"https:\/\/i0.wp.com\/elterritorialweb.com.ar\/web\/wp-content\/uploads\/2022\/07\/BOCA-3.jpg?resize=640%2C512\" alt=\"\" class=\"wp-image-41890 lazyload\" width=\"640\" height=\"512\" data-srcset=\"https:\/\/i0.wp.com\/elterritorialweb.com.ar\/web\/wp-content\/uploads\/2022\/07\/BOCA-3.jpg?w=680 680w, https:\/\/i0.wp.com\/elterritorialweb.com.ar\/web\/wp-content\/uploads\/2022\/07\/BOCA-3.jpg?resize=300%2C240 300w\" data-sizes=\"(max-width: 640px) 100vw, 640px\" src=\"data:image\/svg+xml;base64,PHN2ZyB3aWR0aD0iMSIgaGVpZ2h0PSIxIiB4bWxucz0iaHR0cDovL3d3dy53My5vcmcvMjAwMC9zdmciPjwvc3ZnPg==\" style=\"--smush-placeholder-width: 640px; --smush-placeholder-aspect-ratio: 640\/512;\" \/><\/a><\/figure>\n\n\n\n<p><strong>Agust\u00edn Rossi, que en la ida le hab\u00eda atajado un penal a Guedes, mantuvo su habitual eficacia&nbsp;<\/strong>en la serie al desviar los remates de Ra\u00fal Gustavo y Bruno Melo; tambi\u00e9n roz\u00f3 el de Lucas Pit\u00f3n. Para Corinthians marcaron Fabio Santos, V\u00edctor Castillo, Guedes, Roni, Pit\u00f3n y, el definitivo, Gil. Un recuento que siempre se detendr\u00e1 en Benedetto, a quien Battaglia le dio la confianza del quinto penal. Era el decisivo. Si lo convert\u00eda, Boca se clasificaba por 4-3. La pelota la ataj\u00f3 un hincha apoyado en la baranda de la segunda bandeja. El descalabro de Benedetto termin\u00f3 arrastrando a todo Boca, que qued\u00f3 afuera cuando encar\u00f3 esta revancha como favorito ante un rival muy mermado por las numerosas ausencias.<\/p>\n\n\n\n<figure class=\"wp-block-image size-full\"><a href=\"https:\/\/i0.wp.com\/elterritorialweb.com.ar\/web\/wp-content\/uploads\/2022\/07\/BOCA-1.jpg\"><img data-recalc-dims=\"1\" decoding=\"async\" width=\"640\" height=\"461\" data-src=\"https:\/\/i0.wp.com\/elterritorialweb.com.ar\/web\/wp-content\/uploads\/2022\/07\/BOCA-1.jpg?resize=640%2C461\" alt=\"\" class=\"wp-image-41888 lazyload\" data-srcset=\"https:\/\/i0.wp.com\/elterritorialweb.com.ar\/web\/wp-content\/uploads\/2022\/07\/BOCA-1.jpg?w=680 680w, https:\/\/i0.wp.com\/elterritorialweb.com.ar\/web\/wp-content\/uploads\/2022\/07\/BOCA-1.jpg?resize=300%2C216 300w\" data-sizes=\"(max-width: 640px) 100vw, 640px\" src=\"data:image\/svg+xml;base64,PHN2ZyB3aWR0aD0iMSIgaGVpZ2h0PSIxIiB4bWxucz0iaHR0cDovL3d3dy53My5vcmcvMjAwMC9zdmciPjwvc3ZnPg==\" style=\"--smush-placeholder-width: 640px; --smush-placeholder-aspect-ratio: 640\/461;\" \/><\/a><\/figure>\n\n\n\n<p>Fuente de satisfacciones en la conquista de la \u00faltima<strong>\u00a0Copa Argentina<\/strong>\u00a0y frente a Racing en la\u00a0<strong>Copa de la Liga,\u00a0<\/strong>esta vez Boca encontr\u00f3 en los penales un castigo a su impotencia en los 90 minutos. Benedetto sumaba tres goles en esta Copa Libertadores. El de anoche fue su partido 100 con la camiseta de Boca, un aniversario unido a un dolor incalculable.<\/p>\n\n\n\n<iframe width=\"640\" height=\"360\" data-src=\"http:\/\/www.espn.com\/core\/video\/iframe?id=10600825&#038;endcard=false\" allowfullscreen frameborder=\"0\" src=\"data:image\/svg+xml;base64,PHN2ZyB3aWR0aD0iMSIgaGVpZ2h0PSIxIiB4bWxucz0iaHR0cDovL3d3dy53My5vcmcvMjAwMC9zdmciPjwvc3ZnPg==\" class=\"lazyload\" data-load-mode=\"1\"><\/iframe>\n","protected":false},"excerpt":{"rendered":"<p>Tras el 0-0 en los 90 minutos, el equipo brasile\u00f1o se impuso 6-5 y se clasific\u00f3 a los cuartos de final; el N\u00b0 9 xeneize desperdici\u00f3 un penal en el primer tiempo y otro en la serie<\/p>\n","protected":false},"author":2,"featured_media":41889,"comment_status":"open","ping_status":"open","sticky":false,"template":"","format":"standard","meta":{"om_disable_all_campaigns":false,"_monsterinsights_skip_tracking":false,"_monsterinsights_sitenote_active":false,"_monsterinsights_sitenote_note":"","_monsterinsights_sitenote_category":0,"_uf_show_specific_survey":0,"_uf_disable_surveys":false,"jetpack_post_was_ever_published":false,"_jetpack_newsletter_access":"","_jetpack_dont_email_post_to_subs":false,"_jetpack_newsletter_tier_id":0,"_jetpack_memberships_contains_paywalled_content":false,"_jetpack_memberships_contains_paid_content":false,"footnotes":"","jetpack_publicize_message":"","jetpack_publicize_feature_enabled":true,"jetpack_social_post_already_shared":false,"jetpack_social_options":{"image_generator_settings":{"template":"highway","default_image_id":0,"font":"","enabled":false},"version":2}},"categories":[6],"tags":[],"class_list":["post-41887","post","type-post","status-publish","format-standard","has-post-thumbnail","hentry","category-deportes"],"aioseo_notices":[],"views":9,"jetpack_publicize_connections":[],"jetpack_featured_media_url":"https:\/\/i0.wp.com\/elterritorialweb.com.ar\/web\/wp-content\/uploads\/2022\/07\/BOCA-2.jpg?fit=680%2C468","jetpack_sharing_enabled":true,"_links":{"self":[{"href":"http:\/\/elterritorialweb.com.ar\/web\/wp-json\/wp\/v2\/posts\/41887","targetHints":{"allow":["GET"]}}],"collection":[{"href":"http:\/\/elterritorialweb.com.ar\/web\/wp-json\/wp\/v2\/posts"}],"about":[{"href":"http:\/\/elterritorialweb.com.ar\/web\/wp-json\/wp\/v2\/types\/post"}],"author":[{"embeddable":true,"href":"http:\/\/elterritorialweb.com.ar\/web\/wp-json\/wp\/v2\/users\/2"}],"replies":[{"embeddable":true,"href":"http:\/\/elterritorialweb.com.ar\/web\/wp-json\/wp\/v2\/comments?post=41887"}],"version-history":[{"count":2,"href":"http:\/\/elterritorialweb.com.ar\/web\/wp-json\/wp\/v2\/posts\/41887\/revisions"}],"predecessor-version":[{"id":41894,"href":"http:\/\/elterritorialweb.com.ar\/web\/wp-json\/wp\/v2\/posts\/41887\/revisions\/41894"}],"wp:featuredmedia":[{"embeddable":true,"href":"http:\/\/elterritorialweb.com.ar\/web\/wp-json\/wp\/v2\/media\/41889"}],"wp:attachment":[{"href":"http:\/\/elterritorialweb.com.ar\/web\/wp-json\/wp\/v2\/media?parent=41887"}],"wp:term":[{"taxonomy":"category","embeddable":true,"href":"http:\/\/elterritorialweb.com.ar\/web\/wp-json\/wp\/v2\/categories?post=41887"},{"taxonomy":"post_tag","embeddable":true,"href":"http:\/\/elterritorialweb.com.ar\/web\/wp-json\/wp\/v2\/tags?post=41887"}],"curies":[{"name":"wp","href":"https:\/\/api.w.org\/{rel}","templated":true}]}}