{"id":41907,"date":"2022-07-06T22:37:38","date_gmt":"2022-07-06T22:37:38","guid":{"rendered":"http:\/\/elterritorialweb.com.ar\/web\/?p=41907"},"modified":"2022-07-06T22:37:39","modified_gmt":"2022-07-06T22:37:39","slug":"nediani-visito-el-obrador-san-fernando-y-entrego-indumentaria-a-los-empleados","status":"publish","type":"post","link":"http:\/\/elterritorialweb.com.ar\/web\/nediani-visito-el-obrador-san-fernando-y-entrego-indumentaria-a-los-empleados\/","title":{"rendered":"NEDIANI VISIT\u00d3 EL OBRADOR SAN FERNANDO Y ENTREGO INDUMENTARIA A LOS EMPLEADOS"},"content":{"rendered":"\n<p>En la oportunidad, el jefe comunal visit\u00f3 las instalaciones de mencionada entidad,<br>donde entreg\u00f3 alrededor de 300 uniformes entre todo el personal, para que cada uno de ellos, sea identificado y realice su labor en \u00f3ptimas condiciones.<br>En este sentido, el mandatario estuvo acompa\u00f1ado por autoridades de los gremios bande\u00f1os y por municipales y dijo: \u00abEn esta ma\u00f1ana, entregando las camperas, vestimenta adecuada para la \u00e9poca invernal, pero por sobre todas las cosas, me gusta llegarme por los obradores que de alguna manera son como mi casa y como siempre digo, estos es solo una excusa m\u00e1s para estar en contacto con mis compa\u00f1eros, por los que adem\u00e1s tengo un gran afecto\u00bb.<br>Por otra parte, el secretario de Servicios P\u00fablicos, Cristian Mendoza agradeci\u00f3 \u00abel trabajo comprometido con el que el intendente asumi\u00f3 con la ciudad y con los empleados\u00bb y resalt\u00f3 la importancia de estas acciones que son muy importantes para mantener un dialogo con los<br>Empleados municipales.<br>Cabe destacar que, las entregas de indumentarias se realizaron durante todo el mes en diferentes brigadas y empleados de las \u00e1reas dependientes de la secretaria.<br>Estas acciones son impulsadas en beneficio de que el trabajador cuente con todas las herramientas que optimicen sus tareas.<\/p>\n","protected":false},"excerpt":{"rendered":"<p>El intendente de la ciudad de La Banda, Roger Nediani visit\u00f3 el Obrador San Fernando y realiz\u00f3 la entrega de indumentaria de trabajo a empleados y brigadistas de mencionado.<\/p>\n","protected":false},"author":2,"featured_media":41908,"comment_status":"open","ping_status":"open","sticky":false,"template":"","format":"standard","meta":{"om_disable_all_campaigns":false,"_monsterinsights_skip_tracking":false,"_monsterinsights_sitenote_active":false,"_monsterinsights_sitenote_note":"","_monsterinsights_sitenote_category":0,"_uf_show_specific_survey":0,"_uf_disable_surveys":false,"jetpack_post_was_ever_published":false,"_jetpack_newsletter_access":"","_jetpack_dont_email_post_to_subs":false,"_jetpack_newsletter_tier_id":0,"_jetpack_memberships_contains_paywalled_content":false,"_jetpack_memberships_contains_paid_content":false,"footnotes":"","jetpack_publicize_message":"","jetpack_publicize_feature_enabled":true,"jetpack_social_post_already_shared":false,"jetpack_social_options":{"image_generator_settings":{"template":"highway","default_image_id":0,"font":"","enabled":false},"version":2}},"categories":[21],"tags":[],"class_list":["post-41907","post","type-post","status-publish","format-standard","has-post-thumbnail","hentry","category-locales"],"aioseo_notices":[],"views":8,"jetpack_publicize_connections":[],"jetpack_featured_media_url":"https:\/\/i0.wp.com\/elterritorialweb.com.ar\/web\/wp-content\/uploads\/2022\/07\/IMG-20220706-WA0010.jpg?fit=1280%2C845","jetpack_sharing_enabled":true,"_links":{"self":[{"href":"http:\/\/elterritorialweb.com.ar\/web\/wp-json\/wp\/v2\/posts\/41907","targetHints":{"allow":["GET"]}}],"collection":[{"href":"http:\/\/elterritorialweb.com.ar\/web\/wp-json\/wp\/v2\/posts"}],"about":[{"href":"http:\/\/elterritorialweb.com.ar\/web\/wp-json\/wp\/v2\/types\/post"}],"author":[{"embeddable":true,"href":"http:\/\/elterritorialweb.com.ar\/web\/wp-json\/wp\/v2\/users\/2"}],"replies":[{"embeddable":true,"href":"http:\/\/elterritorialweb.com.ar\/web\/wp-json\/wp\/v2\/comments?post=41907"}],"version-history":[{"count":1,"href":"http:\/\/elterritorialweb.com.ar\/web\/wp-json\/wp\/v2\/posts\/41907\/revisions"}],"predecessor-version":[{"id":41909,"href":"http:\/\/elterritorialweb.com.ar\/web\/wp-json\/wp\/v2\/posts\/41907\/revisions\/41909"}],"wp:featuredmedia":[{"embeddable":true,"href":"http:\/\/elterritorialweb.com.ar\/web\/wp-json\/wp\/v2\/media\/41908"}],"wp:attachment":[{"href":"http:\/\/elterritorialweb.com.ar\/web\/wp-json\/wp\/v2\/media?parent=41907"}],"wp:term":[{"taxonomy":"category","embeddable":true,"href":"http:\/\/elterritorialweb.com.ar\/web\/wp-json\/wp\/v2\/categories?post=41907"},{"taxonomy":"post_tag","embeddable":true,"href":"http:\/\/elterritorialweb.com.ar\/web\/wp-json\/wp\/v2\/tags?post=41907"}],"curies":[{"name":"wp","href":"https:\/\/api.w.org\/{rel}","templated":true}]}}