{"id":41911,"date":"2022-07-06T22:50:21","date_gmt":"2022-07-06T22:50:21","guid":{"rendered":"http:\/\/elterritorialweb.com.ar\/web\/?p=41911"},"modified":"2022-07-06T23:08:20","modified_gmt":"2022-07-06T23:08:20","slug":"el-mercado-union-celebrara-sus-111-anos-con-actividades-especiales","status":"publish","type":"post","link":"http:\/\/elterritorialweb.com.ar\/web\/el-mercado-union-celebrara-sus-111-anos-con-actividades-especiales\/","title":{"rendered":"EL MERCADO UNI\u00d3N CELEBRAR\u00c1 SUS 111 A\u00d1OS CON ACTIVIDADES ESPECIALES"},"content":{"rendered":"\n<p>Desde la direcci\u00f3n del mercado se indic\u00f3 que las celebraciones contar\u00e1n con la participaci\u00f3n del intendente Roger Nediani e invitados especiales para el evento que se desarrollar\u00e1 en inmediaciones del edificio sobre calles Alem y Sarmiento.<br>Durante la ma\u00f1ana se presentar\u00e1 un show musical en vivo, entrega de reconocimientos a empleados y se compartir\u00e1 una chocolatada entre todos los presentes, adem\u00e1s de muchas sorpresas m\u00e1s.<\/p>\n\n\n\n<figure class=\"wp-block-image size-large\"><a href=\"https:\/\/i0.wp.com\/elterritorialweb.com.ar\/web\/wp-content\/uploads\/2022\/07\/IMG-20220706-WA0012.jpg\"><img data-recalc-dims=\"1\" decoding=\"async\" width=\"640\" height=\"942\" data-src=\"https:\/\/i0.wp.com\/elterritorialweb.com.ar\/web\/wp-content\/uploads\/2022\/07\/IMG-20220706-WA0012.jpg?resize=640%2C942\" alt=\"\" class=\"wp-image-41912 lazyload\" data-srcset=\"https:\/\/i0.wp.com\/elterritorialweb.com.ar\/web\/wp-content\/uploads\/2022\/07\/IMG-20220706-WA0012.jpg?resize=696%2C1024 696w, https:\/\/i0.wp.com\/elterritorialweb.com.ar\/web\/wp-content\/uploads\/2022\/07\/IMG-20220706-WA0012.jpg?resize=204%2C300 204w, https:\/\/i0.wp.com\/elterritorialweb.com.ar\/web\/wp-content\/uploads\/2022\/07\/IMG-20220706-WA0012.jpg?resize=768%2C1130 768w, https:\/\/i0.wp.com\/elterritorialweb.com.ar\/web\/wp-content\/uploads\/2022\/07\/IMG-20220706-WA0012.jpg?w=870 870w\" data-sizes=\"(max-width: 640px) 100vw, 640px\" src=\"data:image\/svg+xml;base64,PHN2ZyB3aWR0aD0iMSIgaGVpZ2h0PSIxIiB4bWxucz0iaHR0cDovL3d3dy53My5vcmcvMjAwMC9zdmciPjwvc3ZnPg==\" style=\"--smush-placeholder-width: 640px; --smush-placeholder-aspect-ratio: 640\/942;\" \/><\/a><\/figure>\n\n\n\n<p>Desde la comuna se remarca la importancia del trabajo diario de los puesteros y de cada empleado municipal para seguir adelante en un lugar que no solo aporta y revaloriza los productos locales, sino que tambi\u00e9n lleva a la memoria encuentros y an\u00e9cdotas manteniendo viva la cultura y la historia de la ciudad de La Banda.<\/p>\n","protected":false},"excerpt":{"rendered":"<p>La Municipalidad de La Banda invita a toda la comunidad de la ciudad de La Banda a participar de las actividades de celebraci\u00f3n por el 111 aniversario del Mercado Uni\u00f3n el viernes 8 a las 9.30.<\/p>\n","protected":false},"author":2,"featured_media":24134,"comment_status":"open","ping_status":"open","sticky":false,"template":"","format":"standard","meta":{"om_disable_all_campaigns":false,"_monsterinsights_skip_tracking":false,"_monsterinsights_sitenote_active":false,"_monsterinsights_sitenote_note":"","_monsterinsights_sitenote_category":0,"_uf_show_specific_survey":0,"_uf_disable_surveys":false,"jetpack_post_was_ever_published":false,"_jetpack_newsletter_access":"","_jetpack_dont_email_post_to_subs":false,"_jetpack_newsletter_tier_id":0,"_jetpack_memberships_contains_paywalled_content":false,"_jetpack_memberships_contains_paid_content":false,"footnotes":"","jetpack_publicize_message":"","jetpack_publicize_feature_enabled":true,"jetpack_social_post_already_shared":false,"jetpack_social_options":{"image_generator_settings":{"template":"highway","default_image_id":0,"font":"","enabled":false},"version":2}},"categories":[21],"tags":[],"class_list":["post-41911","post","type-post","status-publish","format-standard","has-post-thumbnail","hentry","category-locales"],"aioseo_notices":[],"views":9,"jetpack_publicize_connections":[],"jetpack_featured_media_url":"https:\/\/i0.wp.com\/elterritorialweb.com.ar\/web\/wp-content\/uploads\/2021\/07\/MERCADO-UNION.jpg?fit=500%2C261","jetpack_sharing_enabled":true,"_links":{"self":[{"href":"http:\/\/elterritorialweb.com.ar\/web\/wp-json\/wp\/v2\/posts\/41911","targetHints":{"allow":["GET"]}}],"collection":[{"href":"http:\/\/elterritorialweb.com.ar\/web\/wp-json\/wp\/v2\/posts"}],"about":[{"href":"http:\/\/elterritorialweb.com.ar\/web\/wp-json\/wp\/v2\/types\/post"}],"author":[{"embeddable":true,"href":"http:\/\/elterritorialweb.com.ar\/web\/wp-json\/wp\/v2\/users\/2"}],"replies":[{"embeddable":true,"href":"http:\/\/elterritorialweb.com.ar\/web\/wp-json\/wp\/v2\/comments?post=41911"}],"version-history":[{"count":1,"href":"http:\/\/elterritorialweb.com.ar\/web\/wp-json\/wp\/v2\/posts\/41911\/revisions"}],"predecessor-version":[{"id":41913,"href":"http:\/\/elterritorialweb.com.ar\/web\/wp-json\/wp\/v2\/posts\/41911\/revisions\/41913"}],"wp:featuredmedia":[{"embeddable":true,"href":"http:\/\/elterritorialweb.com.ar\/web\/wp-json\/wp\/v2\/media\/24134"}],"wp:attachment":[{"href":"http:\/\/elterritorialweb.com.ar\/web\/wp-json\/wp\/v2\/media?parent=41911"}],"wp:term":[{"taxonomy":"category","embeddable":true,"href":"http:\/\/elterritorialweb.com.ar\/web\/wp-json\/wp\/v2\/categories?post=41911"},{"taxonomy":"post_tag","embeddable":true,"href":"http:\/\/elterritorialweb.com.ar\/web\/wp-json\/wp\/v2\/tags?post=41911"}],"curies":[{"name":"wp","href":"https:\/\/api.w.org\/{rel}","templated":true}]}}