{"id":41914,"date":"2022-07-06T23:54:09","date_gmt":"2022-07-06T23:54:09","guid":{"rendered":"http:\/\/elterritorialweb.com.ar\/web\/?p=41914"},"modified":"2022-07-06T23:55:04","modified_gmt":"2022-07-06T23:55:04","slug":"se-realizara-el-torneo-santiago-del-estero-classic-edicion-2022","status":"publish","type":"post","link":"http:\/\/elterritorialweb.com.ar\/web\/se-realizara-el-torneo-santiago-del-estero-classic-edicion-2022\/","title":{"rendered":"SE REALIZAR\u00c1 EL TORNEO \u00abSANTIAGO DEL ESTERO CLASSIC-EDICI\u00d3N 2022\u00bb"},"content":{"rendered":"\n<p>Desde la organizaci\u00f3n informaron que se mismo d\u00eda, de 10 a 13, se realizar\u00e1 la inscripci\u00f3n y control de peso y talla de los atletas provenientes de Jujuy, Salta, Catamarca, Tucum\u00e1n, C\u00f3rdoba y La Rioja, a los que se sumar\u00e1n los representantes de Santiago del Estero.<\/p>\n\n\n\n<p>De la presentaci\u00f3n participaron el director de Gesti\u00f3n P\u00fablica del Nodo, Ricardo Montenegro, y el presidente de la Asociaci\u00f3n Civil, Musculaci\u00f3n y Fitness de Santiago del Estero (Acmufise), Juan Carlos Nuno.<\/p>\n\n\n\n<figure class=\"wp-block-image size-full\"><a href=\"https:\/\/i0.wp.com\/elterritorialweb.com.ar\/web\/wp-content\/uploads\/2022\/07\/FB_IMG_1657150250434.jpg\"><img data-recalc-dims=\"1\" decoding=\"async\" width=\"640\" height=\"413\" data-src=\"https:\/\/i0.wp.com\/elterritorialweb.com.ar\/web\/wp-content\/uploads\/2022\/07\/FB_IMG_1657150250434.jpg?resize=640%2C413\" alt=\"\" class=\"wp-image-41917 lazyload\" data-srcset=\"https:\/\/i0.wp.com\/elterritorialweb.com.ar\/web\/wp-content\/uploads\/2022\/07\/FB_IMG_1657150250434.jpg?w=720 720w, https:\/\/i0.wp.com\/elterritorialweb.com.ar\/web\/wp-content\/uploads\/2022\/07\/FB_IMG_1657150250434.jpg?resize=300%2C194 300w\" data-sizes=\"(max-width: 640px) 100vw, 640px\" src=\"data:image\/svg+xml;base64,PHN2ZyB3aWR0aD0iMSIgaGVpZ2h0PSIxIiB4bWxucz0iaHR0cDovL3d3dy53My5vcmcvMjAwMC9zdmciPjwvc3ZnPg==\" style=\"--smush-placeholder-width: 640px; --smush-placeholder-aspect-ratio: 640\/413;\" \/><\/a><\/figure>\n\n\n\n<p>En ese sentido, Nuno agradeci\u00f3 al Gobierno de Santiago de Estero por el apoyo para realizar este importante evento, donde adem\u00e1s se llevar\u00e1 a cabo la presentaci\u00f3n oficial del seleccionado de atletas santiague\u00f1os que participar\u00e1n en el Campeonato Argentino 2022.<\/p>\n","protected":false},"excerpt":{"rendered":"<p>La cita es el s\u00e1bado 9 de julio en el Nodo Tecnol\u00f3gico con la presencia de exponentes de siete provincias de la disciplina culturismo y fitness.<\/p>\n","protected":false},"author":2,"featured_media":41915,"comment_status":"open","ping_status":"open","sticky":false,"template":"","format":"standard","meta":{"om_disable_all_campaigns":false,"_monsterinsights_skip_tracking":false,"_monsterinsights_sitenote_active":false,"_monsterinsights_sitenote_note":"","_monsterinsights_sitenote_category":0,"_uf_show_specific_survey":0,"_uf_disable_surveys":false,"jetpack_post_was_ever_published":false,"_jetpack_newsletter_access":"","_jetpack_dont_email_post_to_subs":false,"_jetpack_newsletter_tier_id":0,"_jetpack_memberships_contains_paywalled_content":false,"_jetpack_memberships_contains_paid_content":false,"footnotes":"","jetpack_publicize_message":"","jetpack_publicize_feature_enabled":true,"jetpack_social_post_already_shared":false,"jetpack_social_options":{"image_generator_settings":{"template":"highway","default_image_id":0,"font":"","enabled":false},"version":2}},"categories":[6],"tags":[],"class_list":["post-41914","post","type-post","status-publish","format-standard","has-post-thumbnail","hentry","category-deportes"],"aioseo_notices":[],"views":9,"jetpack_publicize_connections":[],"jetpack_featured_media_url":"https:\/\/i0.wp.com\/elterritorialweb.com.ar\/web\/wp-content\/uploads\/2022\/07\/images.jpeg?fit=273%2C185","jetpack_sharing_enabled":true,"_links":{"self":[{"href":"http:\/\/elterritorialweb.com.ar\/web\/wp-json\/wp\/v2\/posts\/41914","targetHints":{"allow":["GET"]}}],"collection":[{"href":"http:\/\/elterritorialweb.com.ar\/web\/wp-json\/wp\/v2\/posts"}],"about":[{"href":"http:\/\/elterritorialweb.com.ar\/web\/wp-json\/wp\/v2\/types\/post"}],"author":[{"embeddable":true,"href":"http:\/\/elterritorialweb.com.ar\/web\/wp-json\/wp\/v2\/users\/2"}],"replies":[{"embeddable":true,"href":"http:\/\/elterritorialweb.com.ar\/web\/wp-json\/wp\/v2\/comments?post=41914"}],"version-history":[{"count":2,"href":"http:\/\/elterritorialweb.com.ar\/web\/wp-json\/wp\/v2\/posts\/41914\/revisions"}],"predecessor-version":[{"id":41919,"href":"http:\/\/elterritorialweb.com.ar\/web\/wp-json\/wp\/v2\/posts\/41914\/revisions\/41919"}],"wp:featuredmedia":[{"embeddable":true,"href":"http:\/\/elterritorialweb.com.ar\/web\/wp-json\/wp\/v2\/media\/41915"}],"wp:attachment":[{"href":"http:\/\/elterritorialweb.com.ar\/web\/wp-json\/wp\/v2\/media?parent=41914"}],"wp:term":[{"taxonomy":"category","embeddable":true,"href":"http:\/\/elterritorialweb.com.ar\/web\/wp-json\/wp\/v2\/categories?post=41914"},{"taxonomy":"post_tag","embeddable":true,"href":"http:\/\/elterritorialweb.com.ar\/web\/wp-json\/wp\/v2\/tags?post=41914"}],"curies":[{"name":"wp","href":"https:\/\/api.w.org\/{rel}","templated":true}]}}