{"id":41920,"date":"2022-07-07T00:25:40","date_gmt":"2022-07-07T00:25:40","guid":{"rendered":"http:\/\/elterritorialweb.com.ar\/web\/?p=41920"},"modified":"2022-07-07T00:25:41","modified_gmt":"2022-07-07T00:25:41","slug":"el-programa-mis-primeros-1-700-dias-en-la-localidad-de-el-colorado","status":"publish","type":"post","link":"http:\/\/elterritorialweb.com.ar\/web\/el-programa-mis-primeros-1-700-dias-en-la-localidad-de-el-colorado\/","title":{"rendered":"EL PROGRAMA \u00abMIS PRIMEROS 1.700 D\u00cdAS\u00bb EN LA LOCALIDAD DE EL COLORADO"},"content":{"rendered":"\n<p>El objetivo del programa es fortalecer nutricionalmente a madres, pu\u00e9rperas y ni\u00f1os hasta los 4 a\u00f1os de edad, para que los peque\u00f1os tengan un mejor desarrollo en una etapa fundamental de sus vidas, mediante la entrega de kits alimentarios para cada tipo de necesidad.<br>El lanzamiento se realiz\u00f3 en la sede de la comisi\u00f3n municipal del lugar, con la presencia del titular del programa, Benjam\u00edn Coria, quien estuvo acompa\u00f1ado por un equipo de nutricionistas y trabajadores sociales. Fueron recibidos por el comisionado de El Colorado, Fabio Gonz\u00e1lez.<\/p>\n\n\n\n<figure class=\"wp-block-image size-large\"><a href=\"https:\/\/i0.wp.com\/elterritorialweb.com.ar\/web\/wp-content\/uploads\/2022\/07\/IMG-20220706-WA0009.jpg\"><img data-recalc-dims=\"1\" decoding=\"async\" width=\"640\" height=\"426\" data-src=\"https:\/\/i0.wp.com\/elterritorialweb.com.ar\/web\/wp-content\/uploads\/2022\/07\/IMG-20220706-WA0009.jpg?resize=640%2C426\" alt=\"\" class=\"wp-image-41922 lazyload\" data-srcset=\"https:\/\/i0.wp.com\/elterritorialweb.com.ar\/web\/wp-content\/uploads\/2022\/07\/IMG-20220706-WA0009.jpg?resize=1024%2C682 1024w, https:\/\/i0.wp.com\/elterritorialweb.com.ar\/web\/wp-content\/uploads\/2022\/07\/IMG-20220706-WA0009.jpg?resize=300%2C200 300w, https:\/\/i0.wp.com\/elterritorialweb.com.ar\/web\/wp-content\/uploads\/2022\/07\/IMG-20220706-WA0009.jpg?resize=768%2C512 768w, https:\/\/i0.wp.com\/elterritorialweb.com.ar\/web\/wp-content\/uploads\/2022\/07\/IMG-20220706-WA0009.jpg?w=1280 1280w\" data-sizes=\"(max-width: 640px) 100vw, 640px\" src=\"data:image\/svg+xml;base64,PHN2ZyB3aWR0aD0iMSIgaGVpZ2h0PSIxIiB4bWxucz0iaHR0cDovL3d3dy53My5vcmcvMjAwMC9zdmciPjwvc3ZnPg==\" style=\"--smush-placeholder-width: 640px; --smush-placeholder-aspect-ratio: 640\/426;\" \/><\/a><\/figure>\n\n\n\n<p>Las familias beneficiadas pertenecen a las localidades de El Colorado, Santa Mar\u00eda, Boyerito, Lote 4, Lote 5 y Rinc\u00f3n del Saladillo.<br>Durante la presentaci\u00f3n, Coria explic\u00f3 que \u00abeste programa va a estar presente en el lugar dentro de los primeros 15 d\u00edas de cada mes, entregando los productos a cada una de las familias\u201d.<br>Pidi\u00f3 adem\u00e1s que inviten a todos los pobladores de la zona para que se sumen a este programa que se ampli\u00f3 para asistir tambi\u00e9n a ni\u00f1os hasta los 7 a\u00f1os, personas con discapacidades y mayores de 65 a\u00f1os.<\/p>\n","protected":false},"excerpt":{"rendered":"<p>El programa \u201cMis Primeros 1.700 D\u00edas\u201d contin\u00faa expandi\u00e9ndose por todo el territorio provincial para llegar a m\u00e1s madres y ni\u00f1os con una mejor nutrici\u00f3n. Este mi\u00e9rcoles fue puesto en marcha en la localidad de El Colorado, departamento Juan Felipe Ibarra.<\/p>\n","protected":false},"author":2,"featured_media":41921,"comment_status":"open","ping_status":"open","sticky":false,"template":"","format":"standard","meta":{"om_disable_all_campaigns":false,"_monsterinsights_skip_tracking":false,"_monsterinsights_sitenote_active":false,"_monsterinsights_sitenote_note":"","_monsterinsights_sitenote_category":0,"_uf_show_specific_survey":0,"_uf_disable_surveys":false,"jetpack_post_was_ever_published":false,"_jetpack_newsletter_access":"","_jetpack_dont_email_post_to_subs":false,"_jetpack_newsletter_tier_id":0,"_jetpack_memberships_contains_paywalled_content":false,"_jetpack_memberships_contains_paid_content":false,"footnotes":"","jetpack_publicize_message":"","jetpack_publicize_feature_enabled":true,"jetpack_social_post_already_shared":false,"jetpack_social_options":{"image_generator_settings":{"template":"highway","default_image_id":0,"font":"","enabled":false},"version":2}},"categories":[3],"tags":[],"class_list":["post-41920","post","type-post","status-publish","format-standard","has-post-thumbnail","hentry","category-salud"],"aioseo_notices":[],"views":10,"jetpack_publicize_connections":[],"jetpack_featured_media_url":"https:\/\/i0.wp.com\/elterritorialweb.com.ar\/web\/wp-content\/uploads\/2022\/07\/IMG-20220706-WA0008.jpg?fit=1280%2C853","jetpack_sharing_enabled":true,"_links":{"self":[{"href":"http:\/\/elterritorialweb.com.ar\/web\/wp-json\/wp\/v2\/posts\/41920","targetHints":{"allow":["GET"]}}],"collection":[{"href":"http:\/\/elterritorialweb.com.ar\/web\/wp-json\/wp\/v2\/posts"}],"about":[{"href":"http:\/\/elterritorialweb.com.ar\/web\/wp-json\/wp\/v2\/types\/post"}],"author":[{"embeddable":true,"href":"http:\/\/elterritorialweb.com.ar\/web\/wp-json\/wp\/v2\/users\/2"}],"replies":[{"embeddable":true,"href":"http:\/\/elterritorialweb.com.ar\/web\/wp-json\/wp\/v2\/comments?post=41920"}],"version-history":[{"count":1,"href":"http:\/\/elterritorialweb.com.ar\/web\/wp-json\/wp\/v2\/posts\/41920\/revisions"}],"predecessor-version":[{"id":41923,"href":"http:\/\/elterritorialweb.com.ar\/web\/wp-json\/wp\/v2\/posts\/41920\/revisions\/41923"}],"wp:featuredmedia":[{"embeddable":true,"href":"http:\/\/elterritorialweb.com.ar\/web\/wp-json\/wp\/v2\/media\/41921"}],"wp:attachment":[{"href":"http:\/\/elterritorialweb.com.ar\/web\/wp-json\/wp\/v2\/media?parent=41920"}],"wp:term":[{"taxonomy":"category","embeddable":true,"href":"http:\/\/elterritorialweb.com.ar\/web\/wp-json\/wp\/v2\/categories?post=41920"},{"taxonomy":"post_tag","embeddable":true,"href":"http:\/\/elterritorialweb.com.ar\/web\/wp-json\/wp\/v2\/tags?post=41920"}],"curies":[{"name":"wp","href":"https:\/\/api.w.org\/{rel}","templated":true}]}}