{"id":41937,"date":"2022-07-07T01:18:42","date_gmt":"2022-07-07T01:18:42","guid":{"rendered":"http:\/\/elterritorialweb.com.ar\/web\/?p=41937"},"modified":"2022-07-07T03:07:25","modified_gmt":"2022-07-07T03:07:25","slug":"41937-2","status":"publish","type":"post","link":"http:\/\/elterritorialweb.com.ar\/web\/41937-2\/","title":{"rendered":"TRAS LA ELIMINACION: BATAGLIA DEJO DE SER T\u00c9CNICO DE BOCA"},"content":{"rendered":"\n<p>Horas de incertidumbre vive el Mundo Boca. Y es que a menos de 24 horas de la eliminaci\u00f3n ante Corinthians por los octavos de final de la Copa Libertadores, Sebasti\u00e1n Battaglia dej\u00f3 de ser el t\u00e9cnico del Xeneize.<\/p>\n\n\n\n<p>En medio de un clima tenso, con acusaciones hacia el Consejo de F\u00fatbol, y los rumores de enemistad con integrantes del plantel, el m\u00e1ximo ganador en la historia del club fue discontinuado de su cargo, poniendo fin de manera inmediata a su ciclo que, a priori, era hasta diciembre de este mismo a\u00f1o.<\/p>\n\n\n\n<p>En las \u00faltimas horas, hab\u00eda comenzado la cl\u00e1sica danza de nombres para sucederlo aunque, el ahora ex DT, parec\u00eda reafirmado en su cargo hasta el final de su contrato.<\/p>\n\n\n\n<figure class=\"wp-block-image size-full\"><a href=\"https:\/\/i0.wp.com\/elterritorialweb.com.ar\/web\/wp-content\/uploads\/2022\/07\/7KG6FIDLJVEKJICX4WSRWWUY4A.jpeg\"><img data-recalc-dims=\"1\" decoding=\"async\" width=\"640\" height=\"427\" data-src=\"https:\/\/i0.wp.com\/elterritorialweb.com.ar\/web\/wp-content\/uploads\/2022\/07\/7KG6FIDLJVEKJICX4WSRWWUY4A.jpeg?resize=640%2C427\" alt=\"\" class=\"wp-image-41941 lazyload\" data-srcset=\"https:\/\/i0.wp.com\/elterritorialweb.com.ar\/web\/wp-content\/uploads\/2022\/07\/7KG6FIDLJVEKJICX4WSRWWUY4A.jpeg?w=1023 1023w, https:\/\/i0.wp.com\/elterritorialweb.com.ar\/web\/wp-content\/uploads\/2022\/07\/7KG6FIDLJVEKJICX4WSRWWUY4A.jpeg?resize=300%2C200 300w, https:\/\/i0.wp.com\/elterritorialweb.com.ar\/web\/wp-content\/uploads\/2022\/07\/7KG6FIDLJVEKJICX4WSRWWUY4A.jpeg?resize=768%2C512 768w\" data-sizes=\"(max-width: 640px) 100vw, 640px\" src=\"data:image\/svg+xml;base64,PHN2ZyB3aWR0aD0iMSIgaGVpZ2h0PSIxIiB4bWxucz0iaHR0cDovL3d3dy53My5vcmcvMjAwMC9zdmciPjwvc3ZnPg==\" style=\"--smush-placeholder-width: 640px; --smush-placeholder-aspect-ratio: 640\/427;\" \/><\/a><\/figure>\n\n\n\n<h3 class=\"wp-block-heading\"><strong>El comunicado de Boca<\/strong><\/h3>\n\n\n\n<p>El Club Atl\u00e9tico Boca Juniors comunica que Sebasti\u00e1n Battaglia deja de ser el entrenador del primer equipo de f\u00fatbol y le agradece su contribuci\u00f3n a lo largo de este ciclo.<\/p>\n\n\n\n<p>El Club Atl\u00e9tico Boca Juniors comunica que Sebasti\u00e1n Battaglia deja de ser el entrenador del primer equipo de f\u00fatbol y le agradece su contribuci\u00f3n a lo largo de este ciclo.<\/p>\n\n\n\n<p>Battaglia, tras su paso por la Reserva, asumi\u00f3 como t\u00e9cnico de la Primera y sum\u00f3 dos t\u00edtulos, como la Copa Argentina y la Copa de la Liga, por lo que todo el club le guardar\u00e1 un eterno agradecimiento por su trabajo. Sebasti\u00e1n, Boca siempre ser\u00e1 tu casa. Muchos \u00e9xitos en tu carrera.<\/p>\n","protected":false},"excerpt":{"rendered":"<p>Luego de la dolorosa ca\u00edda ante el Timao, el m\u00e1ximo ganador en la historia del club dej\u00f3 las riendas del equipo, en medio de una interna con el Consejo de F\u00fatbol y una aparente enemistad con algunos integrantes del plantel<\/p>\n","protected":false},"author":2,"featured_media":26082,"comment_status":"open","ping_status":"open","sticky":false,"template":"","format":"standard","meta":{"om_disable_all_campaigns":false,"_monsterinsights_skip_tracking":false,"_monsterinsights_sitenote_active":false,"_monsterinsights_sitenote_note":"","_monsterinsights_sitenote_category":0,"_uf_show_specific_survey":0,"_uf_disable_surveys":false,"jetpack_post_was_ever_published":false,"_jetpack_newsletter_access":"","_jetpack_dont_email_post_to_subs":false,"_jetpack_newsletter_tier_id":0,"_jetpack_memberships_contains_paywalled_content":false,"_jetpack_memberships_contains_paid_content":false,"footnotes":"","jetpack_publicize_message":"","jetpack_publicize_feature_enabled":true,"jetpack_social_post_already_shared":false,"jetpack_social_options":{"image_generator_settings":{"template":"highway","default_image_id":0,"font":"","enabled":false},"version":2}},"categories":[6,4],"tags":[],"class_list":["post-41937","post","type-post","status-publish","format-standard","has-post-thumbnail","hentry","category-deportes","category-destacadas"],"aioseo_notices":[],"views":14,"jetpack_publicize_connections":[],"jetpack_featured_media_url":"https:\/\/i0.wp.com\/elterritorialweb.com.ar\/web\/wp-content\/uploads\/2021\/08\/BATAGLIA.jpg?fit=680%2C510","jetpack_sharing_enabled":true,"_links":{"self":[{"href":"http:\/\/elterritorialweb.com.ar\/web\/wp-json\/wp\/v2\/posts\/41937","targetHints":{"allow":["GET"]}}],"collection":[{"href":"http:\/\/elterritorialweb.com.ar\/web\/wp-json\/wp\/v2\/posts"}],"about":[{"href":"http:\/\/elterritorialweb.com.ar\/web\/wp-json\/wp\/v2\/types\/post"}],"author":[{"embeddable":true,"href":"http:\/\/elterritorialweb.com.ar\/web\/wp-json\/wp\/v2\/users\/2"}],"replies":[{"embeddable":true,"href":"http:\/\/elterritorialweb.com.ar\/web\/wp-json\/wp\/v2\/comments?post=41937"}],"version-history":[{"count":3,"href":"http:\/\/elterritorialweb.com.ar\/web\/wp-json\/wp\/v2\/posts\/41937\/revisions"}],"predecessor-version":[{"id":41942,"href":"http:\/\/elterritorialweb.com.ar\/web\/wp-json\/wp\/v2\/posts\/41937\/revisions\/41942"}],"wp:featuredmedia":[{"embeddable":true,"href":"http:\/\/elterritorialweb.com.ar\/web\/wp-json\/wp\/v2\/media\/26082"}],"wp:attachment":[{"href":"http:\/\/elterritorialweb.com.ar\/web\/wp-json\/wp\/v2\/media?parent=41937"}],"wp:term":[{"taxonomy":"category","embeddable":true,"href":"http:\/\/elterritorialweb.com.ar\/web\/wp-json\/wp\/v2\/categories?post=41937"},{"taxonomy":"post_tag","embeddable":true,"href":"http:\/\/elterritorialweb.com.ar\/web\/wp-json\/wp\/v2\/tags?post=41937"}],"curies":[{"name":"wp","href":"https:\/\/api.w.org\/{rel}","templated":true}]}}