{"id":41944,"date":"2022-07-07T02:55:01","date_gmt":"2022-07-07T02:55:01","guid":{"rendered":"http:\/\/elterritorialweb.com.ar\/web\/?p=41944"},"modified":"2022-07-07T03:07:01","modified_gmt":"2022-07-07T03:07:01","slug":"en-un-partido-polemico-river-no-pudo-con-velez-y-quedo-eliminado-de-la-copa","status":"publish","type":"post","link":"http:\/\/elterritorialweb.com.ar\/web\/en-un-partido-polemico-river-no-pudo-con-velez-y-quedo-eliminado-de-la-copa\/","title":{"rendered":"EN UN POL\u00c9MICO PARTIDO, RIVER NO PUDO CON VELEZ Y QUED\u00d3 ELIMINADO DE LA COPA"},"content":{"rendered":"\n<p>V\u00e9lez Sarsfield elimin\u00f3 a River Plate al empatarle 0 a 0 en el estadio Monumental y sacar ventaja del 1-0 de la ida en Liniers, y en cuartos de final enfrentar\u00e1 a Talleres, de C\u00f3rdoba, que previamente dej\u00f3 en el camino a Col\u00f3n, de Santa Fe.<\/p>\n\n\n\n<figure class=\"wp-block-image size-full is-resized\"><a href=\"https:\/\/i0.wp.com\/elterritorialweb.com.ar\/web\/wp-content\/uploads\/2022\/07\/river-2.jpg\"><img data-recalc-dims=\"1\" decoding=\"async\" data-src=\"https:\/\/i0.wp.com\/elterritorialweb.com.ar\/web\/wp-content\/uploads\/2022\/07\/river-2.jpg?resize=640%2C426\" alt=\"\" class=\"wp-image-41946 lazyload\" width=\"640\" height=\"426\" data-srcset=\"https:\/\/i0.wp.com\/elterritorialweb.com.ar\/web\/wp-content\/uploads\/2022\/07\/river-2.jpg?w=680 680w, https:\/\/i0.wp.com\/elterritorialweb.com.ar\/web\/wp-content\/uploads\/2022\/07\/river-2.jpg?resize=300%2C200 300w\" data-sizes=\"(max-width: 640px) 100vw, 640px\" src=\"data:image\/svg+xml;base64,PHN2ZyB3aWR0aD0iMSIgaGVpZ2h0PSIxIiB4bWxucz0iaHR0cDovL3d3dy53My5vcmcvMjAwMC9zdmciPjwvc3ZnPg==\" style=\"--smush-placeholder-width: 640px; --smush-placeholder-aspect-ratio: 640\/426;\" \/><\/a><\/figure>\n\n\n\n<p>La noche en el Monumental estuvo justamente envuelta por una gran pol\u00e9mica a ra\u00edz del gol anulado al cordob\u00e9s Mat\u00edas Su\u00e1rez, a instancias del VAR, por el \u00e1rbitro chileno Roberto Tobar, ante una supuesta mano que aparentemente no cometi\u00f3, cuando faltaban 10 minutos para el final.<\/p>\n\n\n\n<p>La repetici\u00f3n en c\u00e1mara lenta, una y otra vez, mostr\u00f3 que el atacante de River no toc\u00f3 la pelota con la mano y le gan\u00f3 la posici\u00f3n de forma l\u00edcita al defensor uruguayo Mat\u00edas De los Santos.<\/p>\n\n\n\n<p>Tobar, que estaba dispuesto a cobrar el gol de River, fue llamado por el VAR y durante largos cinco minutos, ante la presi\u00f3n de un Monumental lleno, anul\u00f3 el gol del ingresado Su\u00e1rez.<\/p>\n\n\n\n<figure class=\"wp-block-image size-full is-resized\"><a href=\"https:\/\/i0.wp.com\/elterritorialweb.com.ar\/web\/wp-content\/uploads\/2022\/07\/river-3.jpg\"><img data-recalc-dims=\"1\" decoding=\"async\" data-src=\"https:\/\/i0.wp.com\/elterritorialweb.com.ar\/web\/wp-content\/uploads\/2022\/07\/river-3.jpg?resize=640%2C426\" alt=\"\" class=\"wp-image-41947 lazyload\" width=\"640\" height=\"426\" data-srcset=\"https:\/\/i0.wp.com\/elterritorialweb.com.ar\/web\/wp-content\/uploads\/2022\/07\/river-3.jpg?w=680 680w, https:\/\/i0.wp.com\/elterritorialweb.com.ar\/web\/wp-content\/uploads\/2022\/07\/river-3.jpg?resize=300%2C200 300w\" data-sizes=\"(max-width: 640px) 100vw, 640px\" src=\"data:image\/svg+xml;base64,PHN2ZyB3aWR0aD0iMSIgaGVpZ2h0PSIxIiB4bWxucz0iaHR0cDovL3d3dy53My5vcmcvMjAwMC9zdmciPjwvc3ZnPg==\" style=\"--smush-placeholder-width: 640px; --smush-placeholder-aspect-ratio: 640\/426;\" \/><\/a><\/figure>\n\n\n\n<p>Con este resultado, V\u00e9lez jugar\u00e1 los cuartos de final ante Talleres, de C\u00f3rdoba. que elimin\u00f3 a Col\u00f3n con el triunfo 2-0 (1-1 en la ida).<\/p>\n\n\n\n<p>River, en el partido 400 de Marcelo Gallardo como entrenador, sali\u00f3 a buscar a V\u00e9lez desde el inicio, urgido por revertir la serie, y a los dos minutos de juego dispuso de una chance muy clara, cuando Braian Romero defini\u00f3 cara a cara ante Lucas Hoyos, luego de una sucesi\u00f3n de toques por el centro, y su remate dio en el palo derecho.<\/p>\n\n\n\n<p>El mediocampo de River se vio revitalizado con el ingreso de Rodrigo Aliendro desde el arranque, el regreso de Nicol\u00e1s De La Cruz y el buen nivel de Enzo P\u00e9rez.<\/p>\n\n\n\n<figure class=\"wp-block-image size-full is-resized\"><a href=\"https:\/\/i0.wp.com\/elterritorialweb.com.ar\/web\/wp-content\/uploads\/2022\/07\/river.jpg\"><img data-recalc-dims=\"1\" decoding=\"async\" data-src=\"https:\/\/i0.wp.com\/elterritorialweb.com.ar\/web\/wp-content\/uploads\/2022\/07\/river.jpg?resize=640%2C427\" alt=\"\" class=\"wp-image-41948 lazyload\" width=\"640\" height=\"427\" data-srcset=\"https:\/\/i0.wp.com\/elterritorialweb.com.ar\/web\/wp-content\/uploads\/2022\/07\/river.jpg?w=679 679w, https:\/\/i0.wp.com\/elterritorialweb.com.ar\/web\/wp-content\/uploads\/2022\/07\/river.jpg?resize=300%2C200 300w\" data-sizes=\"(max-width: 640px) 100vw, 640px\" src=\"data:image\/svg+xml;base64,PHN2ZyB3aWR0aD0iMSIgaGVpZ2h0PSIxIiB4bWxucz0iaHR0cDovL3d3dy53My5vcmcvMjAwMC9zdmciPjwvc3ZnPg==\" style=\"--smush-placeholder-width: 640px; --smush-placeholder-aspect-ratio: 640\/427;\" \/><\/a><\/figure>\n\n\n\n<p>Juli\u00e1n \u00c1lvarez, en su \u00faltimo partido con el club que lo vio nacer (se va a Manchester City), exigi\u00f3 a la defensa velezana constantemente en los minutos iniciales, pero le falt\u00f3 mayor entendimiento con Braian Romero.<\/p>\n\n\n\n<p>V\u00e9lez esper\u00f3 a River. Con la diferencia a favor, el equipo de Alexander Medina jug\u00f3 concentrado, sin ceder espacios y atento a cualquier falla de River.<\/p>\n\n\n\n<p>Con esa estrategia, V\u00e9lez estuvo cerca. El chileno Paulo D\u00edaz cometi\u00f3 dos errores en la salida que propiciaron el remate de Walter Bou primero y Lucas Janson despu\u00e9s. En ambos, Franco Armani resolvi\u00f3 con solventes atajadas.<\/p>\n\n\n\n<p>A diferencia del partido de ida, River jug\u00f3 mucho mejor y evidenci\u00f3 mayor firmeza en la \u00faltima l\u00ednea con el ingreso por david Mart\u00ednez de Jonatan Maidana, el experimentado defensor del mil batallas.<\/p>\n\n\n\n<p>El zaguero gan\u00f3 cada salto, anticipo y pelota dividida en su lucha con Lucas Pratto, quien recibi\u00f3 una ovaci\u00f3n en la previa y en su reemplazo, por su pasado glorioso en la definici\u00f3n de la Copa Libertadores 2018 ante Boca.<\/p>\n\n\n\n<p>River hizo el gasto en el primer tiempo, pero sin premio. Si bien dispuso de la pelota, las llegadas de peligro al arco defendido por Hoyos fueron pocas.<\/p>\n\n\n\n<figure class=\"wp-block-image size-full\"><a href=\"https:\/\/i0.wp.com\/elterritorialweb.com.ar\/web\/wp-content\/uploads\/2022\/07\/RIVER-4.jpg\"><img data-recalc-dims=\"1\" decoding=\"async\" width=\"640\" height=\"360\" data-src=\"https:\/\/i0.wp.com\/elterritorialweb.com.ar\/web\/wp-content\/uploads\/2022\/07\/RIVER-4.jpg?resize=640%2C360\" alt=\"\" class=\"wp-image-41952 lazyload\" data-srcset=\"https:\/\/i0.wp.com\/elterritorialweb.com.ar\/web\/wp-content\/uploads\/2022\/07\/RIVER-4.jpg?w=900 900w, https:\/\/i0.wp.com\/elterritorialweb.com.ar\/web\/wp-content\/uploads\/2022\/07\/RIVER-4.jpg?resize=300%2C169 300w, https:\/\/i0.wp.com\/elterritorialweb.com.ar\/web\/wp-content\/uploads\/2022\/07\/RIVER-4.jpg?resize=768%2C432 768w\" data-sizes=\"(max-width: 640px) 100vw, 640px\" src=\"data:image\/svg+xml;base64,PHN2ZyB3aWR0aD0iMSIgaGVpZ2h0PSIxIiB4bWxucz0iaHR0cDovL3d3dy53My5vcmcvMjAwMC9zdmciPjwvc3ZnPg==\" style=\"--smush-placeholder-width: 640px; --smush-placeholder-aspect-ratio: 640\/360;\" \/><\/a><\/figure>\n\n\n\n<p>Para el segundo tiempo Gallardo mand\u00f3 a la cancha a Juan Fernando Quintero y Mat\u00edas Su\u00e1rez, en su reaparici\u00f3n luego de una lesi\u00f3n, pero el equipo perdi\u00f3 claridad. Los minutos transcurr\u00edan como la persistente llovizna en la fr\u00eda y brumosa noche de Buenos Aires. A medida que el reloj avanzaba, los hinchas de River que coparon el Monumental, empezaron a impacientarse.<\/p>\n\n\n\n<p>Armani y Maidana mantuvieron en partido a River despu\u00e9s. El arquero tap\u00f3 el mano a mano, a los 31 minutos, ante Abel Osorio, y Maidana la despej\u00f3 al c\u00f3rner.<\/p>\n\n\n\n<p>Gallardo movi\u00f3 el banco y mand\u00f3 a Esequiel Barco, el futbolista que lanz\u00f3 el centro por izquierda y encontr\u00f3 el cabezazo de Su\u00e1rez para el 1-0, pero el VAR, de forma inexplicable, anul\u00f3 la jugada.<\/p>\n\n\n\n<p>River luego protest\u00f3 ante Tobar y pidi\u00f3 VAR por dos jugadas puntuales: una presunta mano en el \u00e1rea y un golpe a Beltr\u00e1n del debutante defensor uruguayo Diego God\u00edn, pero no tuvo eco.<\/p>\n\n\n\n<p>La ilusi\u00f3n de River recibi\u00f3 un golpe muy duro que no pudo revertir hasta el pitazo final de Tobar por la resistencia de su rival. El \u00abMillonario\u00bb, aplaudido por su gente y con abucheos al chileno, no pudo quebrar a V\u00e9lez y cuando lo hizo, fue perjudicado.<\/p>\n","protected":false},"excerpt":{"rendered":"<p>El equipo dirigido por Marcelo Gallardo y el \u00abFort\u00edn\u00bb igualaron sin goles en el estadio M\u00e1s Monumental, tras el 1-0 para los dirigidos por Alexander Medina por los octavos de final. Mat\u00edas Su\u00e1rez anot\u00f3 la ventaja en el local pero fue anulado por el VAR. <\/p>\n","protected":false},"author":2,"featured_media":41945,"comment_status":"open","ping_status":"open","sticky":false,"template":"","format":"standard","meta":{"om_disable_all_campaigns":false,"_monsterinsights_skip_tracking":false,"_monsterinsights_sitenote_active":false,"_monsterinsights_sitenote_note":"","_monsterinsights_sitenote_category":0,"_uf_show_specific_survey":0,"_uf_disable_surveys":false,"jetpack_post_was_ever_published":false,"_jetpack_newsletter_access":"","_jetpack_dont_email_post_to_subs":false,"_jetpack_newsletter_tier_id":0,"_jetpack_memberships_contains_paywalled_content":false,"_jetpack_memberships_contains_paid_content":false,"footnotes":"","jetpack_publicize_message":"","jetpack_publicize_feature_enabled":true,"jetpack_social_post_already_shared":false,"jetpack_social_options":{"image_generator_settings":{"template":"highway","default_image_id":0,"font":"","enabled":false},"version":2}},"categories":[6,4],"tags":[],"class_list":["post-41944","post","type-post","status-publish","format-standard","has-post-thumbnail","hentry","category-deportes","category-destacadas"],"aioseo_notices":[],"views":4,"jetpack_publicize_connections":[],"jetpack_featured_media_url":"https:\/\/i0.wp.com\/elterritorialweb.com.ar\/web\/wp-content\/uploads\/2022\/07\/river-1.jpg?fit=679%2C453","jetpack_sharing_enabled":true,"_links":{"self":[{"href":"http:\/\/elterritorialweb.com.ar\/web\/wp-json\/wp\/v2\/posts\/41944","targetHints":{"allow":["GET"]}}],"collection":[{"href":"http:\/\/elterritorialweb.com.ar\/web\/wp-json\/wp\/v2\/posts"}],"about":[{"href":"http:\/\/elterritorialweb.com.ar\/web\/wp-json\/wp\/v2\/types\/post"}],"author":[{"embeddable":true,"href":"http:\/\/elterritorialweb.com.ar\/web\/wp-json\/wp\/v2\/users\/2"}],"replies":[{"embeddable":true,"href":"http:\/\/elterritorialweb.com.ar\/web\/wp-json\/wp\/v2\/comments?post=41944"}],"version-history":[{"count":3,"href":"http:\/\/elterritorialweb.com.ar\/web\/wp-json\/wp\/v2\/posts\/41944\/revisions"}],"predecessor-version":[{"id":41953,"href":"http:\/\/elterritorialweb.com.ar\/web\/wp-json\/wp\/v2\/posts\/41944\/revisions\/41953"}],"wp:featuredmedia":[{"embeddable":true,"href":"http:\/\/elterritorialweb.com.ar\/web\/wp-json\/wp\/v2\/media\/41945"}],"wp:attachment":[{"href":"http:\/\/elterritorialweb.com.ar\/web\/wp-json\/wp\/v2\/media?parent=41944"}],"wp:term":[{"taxonomy":"category","embeddable":true,"href":"http:\/\/elterritorialweb.com.ar\/web\/wp-json\/wp\/v2\/categories?post=41944"},{"taxonomy":"post_tag","embeddable":true,"href":"http:\/\/elterritorialweb.com.ar\/web\/wp-json\/wp\/v2\/tags?post=41944"}],"curies":[{"name":"wp","href":"https:\/\/api.w.org\/{rel}","templated":true}]}}