{"id":41957,"date":"2022-07-08T03:00:35","date_gmt":"2022-07-08T03:00:35","guid":{"rendered":"http:\/\/elterritorialweb.com.ar\/web\/?p=41957"},"modified":"2022-07-08T03:00:35","modified_gmt":"2022-07-08T03:00:35","slug":"ofrecimiento-de-cargos-y-horas-catedra-titulares-y-suplentes-del-primer-grado-del-escalafon-3","status":"publish","type":"post","link":"http:\/\/elterritorialweb.com.ar\/web\/ofrecimiento-de-cargos-y-horas-catedra-titulares-y-suplentes-del-primer-grado-del-escalafon-3\/","title":{"rendered":"OFRECIMIENTO DE CARGOS Y HORAS C\u00c1TEDRA TITULARES Y SUPLENTES DEL PRIMER GRADO DEL ESCALAF\u00d3N"},"content":{"rendered":"\n<p><strong>\u00a0<\/strong><\/p>\n\n\n\n<p>El Consejo General de Educaci\u00f3n comunica a los docentes de los Niveles Inicial, Primario, Secundario y Superior,&nbsp; que a partir&nbsp; de las 00 hs. del d\u00eda Viernes 08&nbsp; y hasta las 23:59 hs. del d\u00eda S\u00e1bado 09 de Julio de 2022, se realizar\u00e1 el OFRECIMIENTO de Cargos y Horas C\u00e1tedra Titulares y Suplentes del primer grado del escalaf\u00f3n de los establecimientos educativos de los&nbsp; Niveles Inicial, Primario, Secundario y Superior en el sistema \u201cConsejo Virtual\u201d, ingresando en el Portal Oficial del CGE www.cgesantiago.gob.ar &#8211; Secci\u00f3n \u201cConsejo virtual\u201d. Los ofrecimientos se realizar\u00e1n conforme al LOM 2022 y las pautas establecidas en la Resoluci\u00f3n N\u00b0 162\/2022, en forma progresiva respetando las medidas sanitarias establecidas para frenar el avance del COVID-19.<\/p>\n\n\n\n<p><strong>Nivel Inicial<\/strong><\/p>\n\n\n\n<p>1.&nbsp;&nbsp;&nbsp;&nbsp;&nbsp;&nbsp;&nbsp; Jard\u00edn de Infantes N\u00b0 49 Ag\u00fcita Dulce &#8211; Regi\u00f3n 1- Santiago del Estero, Dpto. Capital<\/p>\n\n\n\n<p>2.&nbsp;&nbsp;&nbsp;&nbsp;&nbsp;&nbsp;&nbsp; Jard\u00edn de Infantes N\u00b0 890 Barquito &#8211; Regi\u00f3n 1- Santiago del Estero, Dpto. Capital<\/p>\n\n\n\n<p>3.&nbsp;&nbsp;&nbsp;&nbsp;&nbsp;&nbsp;&nbsp; Jard\u00edn de Infantes N\u00b05 42 Ntra. Sra. de Betharram &#8211; Regi\u00f3n 1- Santiago del Estero, Dpto. Capital<\/p>\n\n\n\n<p>4.&nbsp;&nbsp;&nbsp;&nbsp;&nbsp;&nbsp;&nbsp; Jard\u00edn de Infantes N\u00b0 376 Lagrimitas &#8211; Regi\u00f3n 2 &#8211; Atoj Pozo, Dpto. San Mart\u00edn<\/p>\n\n\n\n<p>5.&nbsp;&nbsp;&nbsp;&nbsp;&nbsp;&nbsp;&nbsp; Jard\u00edn de Infantes N\u00b0 797 anexo a Esc. 822 &#8211; Regi\u00f3n 2 &#8211; La Higuera,&nbsp; Dpto. San Mart\u00edn<\/p>\n\n\n\n<p>6.&nbsp;&nbsp;&nbsp;&nbsp;&nbsp;&nbsp;&nbsp; Jard\u00edn de Infantes N\u00b0567- Anexo Esc. 303 Regi\u00f3n 5 &#8211; Miraval, Dpto. Moreno<\/p>\n\n\n\n<p>7.&nbsp;&nbsp;&nbsp;&nbsp;&nbsp;&nbsp;&nbsp; Jard\u00edn de Infantes N\u00b0107 Sayaneritos &#8211; Regi\u00f3n 4 &#8211; Real Sayana, Dpto. Avellaneda<\/p>\n\n\n\n<p>8.&nbsp;&nbsp;&nbsp;&nbsp;&nbsp;&nbsp;&nbsp; Jard\u00edn de Infantes N\u00b0 336 &#8211; Anexo Esc. 7- Regi\u00f3n 7-Villa Guasay\u00e1n, Dpto. Guasay\u00e1n<\/p>\n\n\n\n<p>9.&nbsp;&nbsp;&nbsp;&nbsp;&nbsp;&nbsp;&nbsp; Jard\u00edn de Infantes N\u00b0893 Colorinches &#8211; Regi\u00f3n 3 &#8211; Las Termas, Dpto. R\u00edo Hondo<\/p>\n\n\n\n<p><strong>Nivel Primario<\/strong><\/p>\n\n\n\n<p>1.&nbsp;&nbsp;&nbsp;&nbsp;&nbsp;&nbsp;&nbsp; Escuela N\u00b0 446 Dr. Carlos Coronel &#8211; Jornada Simple &#8211; (Regi\u00f3n II) &#8211; La Banda, Dpto. Banda<\/p>\n\n\n\n<p>2.&nbsp;&nbsp;&nbsp;&nbsp;&nbsp;&nbsp;&nbsp; Escuela Sup. N\u00b0 31 Pedro Pablo Gorostiaga &#8211; Jornada Simple &#8211; (Regi\u00f3n I) -Santiago Del Estero, Dpto. Capital<\/p>\n\n\n\n<p>3.&nbsp;&nbsp;&nbsp;&nbsp;&nbsp;&nbsp;&nbsp; Escuela Sup. N\u00ba 169 Julio A. Roca &#8211; Jornada Simple &#8211; (Regi\u00f3n IV) \u2013 A\u00f1atuya, Dpto. General Taboada<\/p>\n\n\n\n<p>4.&nbsp;&nbsp;&nbsp;&nbsp;&nbsp;&nbsp;&nbsp; Escuela N\u00b0 863 San Isidro Labrador -Jornada Simple &#8211; (Regi\u00f3n II) &#8211; Colonia El Simbolar,&nbsp; Dpto. Robles<\/p>\n\n\n\n<p>5.&nbsp;&nbsp;&nbsp;&nbsp;&nbsp;&nbsp;&nbsp; Escuela N\u00b0 974 &#8211; Jornada Simple &#8211; (Regi\u00f3n II) &#8211; Bajo Grande, Dpto. Banda<\/p>\n\n\n\n<p>6.&nbsp;&nbsp;&nbsp;&nbsp;&nbsp;&nbsp;&nbsp; Escuela N\u00b0 608 &#8211; Jornada Simple &#8211; (Regi\u00f3n II) &#8211; El Pirucho, Dpto. Figueroa<\/p>\n\n\n\n<p>7.&nbsp;&nbsp;&nbsp;&nbsp;&nbsp;&nbsp;&nbsp; Escuela N\u00b0 646 Los Pinos &#8211; Jornada Simple &#8211; (Regi\u00f3n II) &#8211; La Banda, Dpto. Banda<\/p>\n\n\n\n<p>8.&nbsp;&nbsp;&nbsp;&nbsp;&nbsp;&nbsp;&nbsp; Escuela N\u00ba 1240&nbsp; Del Bicentenario -Jornada Simple &#8211; (Regi\u00f3n I) &#8211; Santiago Del Estero, Dpto. Capital<\/p>\n\n\n\n<p>9.&nbsp;&nbsp;&nbsp;&nbsp;&nbsp;&nbsp;&nbsp; Escuela N\u00b0 541 &#8211; Jornada Simple &#8211; (Regi\u00f3n III) &#8211; Rinc\u00f3n Grande, Dpto. Jim\u00e9nez<\/p>\n\n\n\n<p>10.&nbsp;&nbsp;&nbsp;&nbsp;&nbsp; Escuela N\u00b0 862 Madre de La Merced &#8211; Jornada Completa &#8211; Los Pereyra, Dpto. Robles<\/p>\n\n\n\n<p>11.&nbsp;&nbsp;&nbsp;&nbsp;&nbsp; Escuela N\u00b0 71 Fray Juan Grande &#8211; Jornada Simple &#8211; (Regi\u00f3n II) &#8211; La Ca\u00f1ada, Dpto. Figueroa<\/p>\n\n\n\n<p>12.&nbsp;&nbsp;&nbsp;&nbsp;&nbsp; Escuela N\u00b0 878 Federaci\u00f3n Argentina de Trabajadores de Luz y Fuerza -Jornada Completa \u2013 Mansupa, Dpto. R\u00edo Hondo<\/p>\n\n\n\n<p>13.&nbsp;&nbsp;&nbsp;&nbsp;&nbsp; Escuela N\u00b0 982 &#8211; Jornada Simple &#8211; (Regi\u00f3n VIII) \u2013 Sumampa, Dpto. Quebrachos<\/p>\n\n\n\n<p>14.&nbsp;&nbsp;&nbsp;&nbsp;&nbsp; Escuela N\u00ba 103 20 de Junio &#8211; Jornada Simple &#8211; (Regi\u00f3n II) \u2013 Lomitas, Dpto. Robles<\/p>\n\n\n\n<p>15.&nbsp;&nbsp;&nbsp;&nbsp;&nbsp; Centro Exp. N\u00b0 8 Antonino Taboada &#8211; Jornada Simple &#8211; (Regi\u00f3n II)-Clodomira, Dpto. Banda<\/p>\n\n\n\n<p>16.&nbsp;&nbsp;&nbsp;&nbsp;&nbsp; Escuela N\u00ba 1239 Campo Contreras Siglo XXI-Jornada Simple &#8211; (Regi\u00f3n I)-Santiago del Estero, Dpto. Capital<\/p>\n\n\n\n<p>17.&nbsp;&nbsp;&nbsp;&nbsp;&nbsp; Escuela N\u00b0 28 Domingo Faustino Sarmiento &#8211; Jornada Simple &#8211; (Regi\u00f3n I)-Santiago del Estero, Dpto. Capital<\/p>\n\n\n\n<p>18.&nbsp;&nbsp;&nbsp;&nbsp;&nbsp; Escuela N\u00b0 765 Pte. Juan Domingo Per\u00f3n -Jornada Simple- (Regi\u00f3n I)-Santiago del Estero, Dpto. Capital<\/p>\n\n\n\n<p>19.&nbsp;&nbsp;&nbsp;&nbsp;&nbsp; Escuela N\u00b0 675 &#8211; Jornada Simple &#8211; (Regi\u00f3n V)-&nbsp; Suncho Corral, Dpto. J. F. Ibarra<\/p>\n\n\n\n<p>20.&nbsp;&nbsp;&nbsp;&nbsp;&nbsp; Escuela N\u00b0 725 &#8211; Jornada Simple &#8211; (Regi\u00f3n II) &#8211; Palos Quebrados, Dpto. Banda<\/p>\n\n\n\n<p>21.&nbsp;&nbsp;&nbsp;&nbsp;&nbsp; Escuela N\u00b0 1099 Pedro Le\u00f3n Gallo &#8211; Jornada Simple &#8211; (Regi\u00f3n I) \u2013 Loreto, Dpto. Loreto<\/p>\n\n\n\n<p>22.&nbsp;&nbsp;&nbsp;&nbsp;&nbsp; Escuela Superior N\u00ba 204&nbsp; Jos\u00e9 Jacinto Berutti -Jornada Simple &#8211; (Regi\u00f3n IV) \u2013Bandera, Dpto. Belgrano<\/p>\n\n\n\n<p>23.&nbsp;&nbsp;&nbsp;&nbsp;&nbsp; Escuela N\u00b0 832 &#8211; Jornada Simple &#8211; (Regi\u00f3n VIII)-La Paliza, Dpto. Salavina<\/p>\n\n\n\n<p>24.&nbsp;&nbsp;&nbsp;&nbsp;&nbsp; Escuela N\u00b0 737 &#8211; Jornada Simple &#8211; (Regi\u00f3n IV) \u2013 Pinto, Dpto. Aguirre<\/p>\n\n\n\n<p>25.&nbsp;&nbsp;&nbsp;&nbsp;&nbsp; Escuela Infantil N\u00b0 216 Provincia de R\u00edo Negro &#8211; Jornada Simple (Regi\u00f3n III) \u2013 Sotelo, Dpto. R\u00edo Hondo<\/p>\n\n\n\n<p>26.&nbsp;&nbsp;&nbsp;&nbsp;&nbsp; Escuela N\u00b0 824 &#8211; Jornada Simple (Regi\u00f3n I) &#8211; Santiago del Estero, Dpto. Capital<\/p>\n\n\n\n<p>27.&nbsp;&nbsp;&nbsp;&nbsp;&nbsp; Escuela Infantil N\u00ba 146 Ricardo Gutierrez&nbsp; &#8211; Jornada Simple (Regi\u00f3n VII) &#8211; Villa Rosa, Dpto. Guasay\u00e1n<\/p>\n\n\n\n<p><strong>Nivel Secundario<\/strong><\/p>\n\n\n\n<p>1.&nbsp;&nbsp;&nbsp;&nbsp;&nbsp;&nbsp;&nbsp; Colegio Secundario Los Pinos &#8211; La Banda &#8211; Banda<\/p>\n\n\n\n<p>2.&nbsp;&nbsp;&nbsp;&nbsp;&nbsp;&nbsp;&nbsp; Colegio Secundario Trejo y Sanabria &#8211; Suncho Corral &#8211; Ibarra<\/p>\n\n\n\n<p>3.&nbsp;&nbsp;&nbsp;&nbsp;&nbsp;&nbsp;&nbsp; Agrupamiento N\u00ba 86156 &#8211; Herrera &#8211; Avellaneda<\/p>\n\n\n\n<p>4.&nbsp;&nbsp;&nbsp;&nbsp;&nbsp;&nbsp;&nbsp; Escuela T\u00e9cnica N\u00ba 6&nbsp; Cte. Manuel Besares &#8211; La Banda &#8211; Banda<\/p>\n\n\n\n<p>5.&nbsp;&nbsp;&nbsp;&nbsp;&nbsp;&nbsp;&nbsp; Colegio Colonia San Juan &#8211; Colonia San Juan &#8211; Figueroa<\/p>\n\n\n\n<p>6.&nbsp;&nbsp;&nbsp;&nbsp;&nbsp;&nbsp;&nbsp; Escuela Piloto N\u00b0 1 Maximio S. Victoria &#8211; Fern\u00e1ndez &#8211; Robles<\/p>\n\n\n\n<p>7.&nbsp;&nbsp;&nbsp;&nbsp;&nbsp;&nbsp;&nbsp; Escuela T\u00e9cnica N\u00ba 1 &#8211; Santiago Del Estero &#8211; Capital<\/p>\n\n\n\n<p>8.&nbsp;&nbsp;&nbsp;&nbsp;&nbsp;&nbsp;&nbsp; Agrupamiento N\u00ba 019 &#8211; Santo Domingo &#8211; Pellegrini<\/p>\n\n\n\n<p>9.&nbsp;&nbsp;&nbsp;&nbsp;&nbsp;&nbsp;&nbsp; Escuela T\u00e9cnica N\u00ba 12 &#8211; Fern\u00e1ndez &#8211; Robles<\/p>\n\n\n\n<p>10.&nbsp;&nbsp;&nbsp;&nbsp;&nbsp; Colegio Agrot\u00e9cnico N\u00ba 5&nbsp; Fray Francisco de Victoria &#8211; Selva &#8211; Rivadavia<\/p>\n\n\n\n<p>11.&nbsp;&nbsp;&nbsp;&nbsp;&nbsp; Colegio Secundario Ing. Jorge Newbery &#8211; Santiago del Estero &#8211; Capital<\/p>\n\n\n\n<p>12.&nbsp;&nbsp;&nbsp;&nbsp;&nbsp; Colegio Secundario Domingo F. Sarmiento &#8211; Santiago del Estero &#8211; Capital<\/p>\n\n\n\n<p>13.&nbsp;&nbsp;&nbsp;&nbsp;&nbsp; C.E.N.S. N\u00ba 3 &#8211; Termas de R\u00edo Hondo &#8211;&nbsp; R\u00edo Hondo<\/p>\n\n\n\n<p>14.&nbsp;&nbsp;&nbsp;&nbsp;&nbsp; Colegio Secundario Dr. Ren\u00e9 Favaloro&nbsp; &#8211;&nbsp; La Banda &#8211; Banda<\/p>\n\n\n\n<p>15.&nbsp;&nbsp;&nbsp;&nbsp;&nbsp; Colegio Secundario Vilelas &#8211; Vilelas &#8211; Ibarra<\/p>\n\n\n\n<p>16.&nbsp;&nbsp;&nbsp;&nbsp;&nbsp; Escuela Especial Paul Groussac &#8211; Santiago del Estero &#8211; Capital<\/p>\n\n\n\n<p>17.&nbsp;&nbsp;&nbsp;&nbsp;&nbsp; Colegio Secundario del Sesquicentenario &#8211; Termas de R\u00edo Hondo &#8211; R\u00edo Hondo<\/p>\n\n\n\n<p>18.&nbsp;&nbsp;&nbsp;&nbsp;&nbsp; Colegio Secundario&nbsp; Ciudad de La Banda &#8211; La Banda &#8211; Banda<\/p>\n\n\n\n<p>19.&nbsp;&nbsp;&nbsp;&nbsp;&nbsp; Colegio Dr. Juan Francisco Maradona &#8211; Beltr\u00e1n &#8211; Robles<\/p>\n\n\n\n<p><strong>Nivel Superior<\/strong><\/p>\n\n\n\n<p>1-&nbsp;&nbsp;&nbsp;&nbsp;&nbsp;&nbsp;&nbsp; I.F.D. N\u00b0 8 \u2013 Pinto, Dpto. Aguirre<\/p>\n\n\n\n<p>2-&nbsp;&nbsp;&nbsp;&nbsp;&nbsp;&nbsp;&nbsp; I.F.D. N\u00b0 21 \u2013 Bandera Bajada, Dpto. Figueroa<\/p>\n\n\n\n<p>3-&nbsp;&nbsp;&nbsp;&nbsp;&nbsp;&nbsp;&nbsp; I.S.F.D. N\u00b0 1 \u2013 Sgo. del Estero, Dpto. Capital<\/p>\n\n\n\n<p>4-&nbsp;&nbsp;&nbsp;&nbsp;&nbsp;&nbsp;&nbsp; I.F.D. N\u00b0 7 \u2013 Clodomira, Dpto. Banda<\/p>\n\n\n\n<p>5-&nbsp;&nbsp;&nbsp;&nbsp;&nbsp;&nbsp;&nbsp; I.S.F.D.C. N\u00b0 2 \u2013 Termas de R\u00edo Hondo, Dpto. R\u00edo Hondo<\/p>\n\n\n\n<p><strong>Nivel Secundario<\/strong><\/p>\n\n\n\n<p>1-&nbsp;&nbsp;&nbsp;&nbsp;&nbsp;&nbsp;&nbsp; E.S.P.E.A. N\u00b0 1 \u2013 Sgo. del Estero, Dpto. Capital<\/p>\n\n\n\n<p>Nivel&nbsp; Primario (Dpto. de Aplicaci\u00f3n)<\/p>\n\n\n\n<p>1-&nbsp;&nbsp;&nbsp;&nbsp;&nbsp;&nbsp;&nbsp; Escuela Normal Banda- La Banda, Dpto. Banda<\/p>\n","protected":false},"excerpt":{"rendered":"<p>As\u00ed lo informo mediante un comunicado, el Consejo general de Educaci\u00f3n. <\/p>\n","protected":false},"author":2,"featured_media":0,"comment_status":"open","ping_status":"open","sticky":false,"template":"","format":"standard","meta":{"om_disable_all_campaigns":false,"_monsterinsights_skip_tracking":false,"_monsterinsights_sitenote_active":false,"_monsterinsights_sitenote_note":"","_monsterinsights_sitenote_category":0,"_uf_show_specific_survey":0,"_uf_disable_surveys":false,"jetpack_post_was_ever_published":false,"_jetpack_newsletter_access":"","_jetpack_dont_email_post_to_subs":false,"_jetpack_newsletter_tier_id":0,"_jetpack_memberships_contains_paywalled_content":false,"_jetpack_memberships_contains_paid_content":false,"footnotes":"","jetpack_publicize_message":"","jetpack_publicize_feature_enabled":true,"jetpack_social_post_already_shared":false,"jetpack_social_options":{"image_generator_settings":{"template":"highway","default_image_id":0,"font":"","enabled":false},"version":2}},"categories":[19],"tags":[],"class_list":["post-41957","post","type-post","status-publish","format-standard","hentry","category-educacion"],"aioseo_notices":[],"views":15,"jetpack_publicize_connections":[],"jetpack_featured_media_url":"","jetpack_sharing_enabled":true,"_links":{"self":[{"href":"http:\/\/elterritorialweb.com.ar\/web\/wp-json\/wp\/v2\/posts\/41957","targetHints":{"allow":["GET"]}}],"collection":[{"href":"http:\/\/elterritorialweb.com.ar\/web\/wp-json\/wp\/v2\/posts"}],"about":[{"href":"http:\/\/elterritorialweb.com.ar\/web\/wp-json\/wp\/v2\/types\/post"}],"author":[{"embeddable":true,"href":"http:\/\/elterritorialweb.com.ar\/web\/wp-json\/wp\/v2\/users\/2"}],"replies":[{"embeddable":true,"href":"http:\/\/elterritorialweb.com.ar\/web\/wp-json\/wp\/v2\/comments?post=41957"}],"version-history":[{"count":1,"href":"http:\/\/elterritorialweb.com.ar\/web\/wp-json\/wp\/v2\/posts\/41957\/revisions"}],"predecessor-version":[{"id":41959,"href":"http:\/\/elterritorialweb.com.ar\/web\/wp-json\/wp\/v2\/posts\/41957\/revisions\/41959"}],"wp:attachment":[{"href":"http:\/\/elterritorialweb.com.ar\/web\/wp-json\/wp\/v2\/media?parent=41957"}],"wp:term":[{"taxonomy":"category","embeddable":true,"href":"http:\/\/elterritorialweb.com.ar\/web\/wp-json\/wp\/v2\/categories?post=41957"},{"taxonomy":"post_tag","embeddable":true,"href":"http:\/\/elterritorialweb.com.ar\/web\/wp-json\/wp\/v2\/tags?post=41957"}],"curies":[{"name":"wp","href":"https:\/\/api.w.org\/{rel}","templated":true}]}}