{"id":41960,"date":"2022-07-08T03:09:04","date_gmt":"2022-07-08T03:09:04","guid":{"rendered":"http:\/\/elterritorialweb.com.ar\/web\/?p=41960"},"modified":"2022-07-08T03:09:05","modified_gmt":"2022-07-08T03:09:05","slug":"el-sindicato-argentino-de-musicos-se-suma-a-la-marcha-de-los-bombos","status":"publish","type":"post","link":"http:\/\/elterritorialweb.com.ar\/web\/el-sindicato-argentino-de-musicos-se-suma-a-la-marcha-de-los-bombos\/","title":{"rendered":"EL SINDICATO ARGENTINO DE M\u00daSICOS SE SUMA A LA MARCHA DE LOS BOMBOS"},"content":{"rendered":"\n<p>El punto de partida ser\u00e1 el s\u00e1bado 16 desde el m\u00e1stil que est\u00e1 frente al barrio Autonom\u00eda. La concentraci\u00f3n comenzar\u00e1 a las 6 de la ma\u00f1ana con la actuaci\u00f3n de una larga lista de m\u00fasicos.<\/p>\n\n\n\n<p>El anuncio se realiz\u00f3 este jueves en una conferencia de prensa encabezada por la delegada del Sadem, Rossy D\u00edaz, quien explic\u00f3: \u201cLa zona del recorrido de los trabajadores del escenario ser\u00e1 por calle Libertad, haciendo distintas paradas en homenaje a nuestros artistas que nos han acompa\u00f1ado en toda la etapa tan dif\u00edcil de pandemia y a los artistas j\u00f3venes\u201d.<\/p>\n\n\n\n<p>Tambi\u00e9n de la conferencia participaron otros miembros del Sindicato Argentino de M\u00fasicos, quienes manifestaron su agradecimiento al Gobierno de la provincia por colaborar con los trabajadores del escenario a trav\u00e9s de un plan de emergencia.<\/p>\n","protected":false},"excerpt":{"rendered":"<p>El Sindicato Argentino de M\u00fasicos (Sadem) convoc\u00f3 a todos los trabajadores del escenario y a la comunidad en general a participar de la caravana que partir\u00e1 del sector oeste de la ciudad Capital para engrosar la Marcha de los Bombos organizada para el s\u00e1bado 16 de julio, como parte de los festejos por el 469\u00b0 Aniversario de la \u201cMadre de Ciudades\u201d.<\/p>\n","protected":false},"author":2,"featured_media":41961,"comment_status":"open","ping_status":"open","sticky":false,"template":"","format":"standard","meta":{"om_disable_all_campaigns":false,"_monsterinsights_skip_tracking":false,"_monsterinsights_sitenote_active":false,"_monsterinsights_sitenote_note":"","_monsterinsights_sitenote_category":0,"_uf_show_specific_survey":0,"_uf_disable_surveys":false,"jetpack_post_was_ever_published":false,"_jetpack_newsletter_access":"","_jetpack_dont_email_post_to_subs":false,"_jetpack_newsletter_tier_id":0,"_jetpack_memberships_contains_paywalled_content":false,"_jetpack_memberships_contains_paid_content":false,"footnotes":"","jetpack_publicize_message":"","jetpack_publicize_feature_enabled":true,"jetpack_social_post_already_shared":false,"jetpack_social_options":{"image_generator_settings":{"template":"highway","default_image_id":0,"font":"","enabled":false},"version":2}},"categories":[21],"tags":[],"class_list":["post-41960","post","type-post","status-publish","format-standard","has-post-thumbnail","hentry","category-locales"],"aioseo_notices":[],"views":5,"jetpack_publicize_connections":[],"jetpack_featured_media_url":"https:\/\/i0.wp.com\/elterritorialweb.com.ar\/web\/wp-content\/uploads\/2022\/07\/marcha.jpeg?fit=1280%2C830","jetpack_sharing_enabled":true,"_links":{"self":[{"href":"http:\/\/elterritorialweb.com.ar\/web\/wp-json\/wp\/v2\/posts\/41960","targetHints":{"allow":["GET"]}}],"collection":[{"href":"http:\/\/elterritorialweb.com.ar\/web\/wp-json\/wp\/v2\/posts"}],"about":[{"href":"http:\/\/elterritorialweb.com.ar\/web\/wp-json\/wp\/v2\/types\/post"}],"author":[{"embeddable":true,"href":"http:\/\/elterritorialweb.com.ar\/web\/wp-json\/wp\/v2\/users\/2"}],"replies":[{"embeddable":true,"href":"http:\/\/elterritorialweb.com.ar\/web\/wp-json\/wp\/v2\/comments?post=41960"}],"version-history":[{"count":1,"href":"http:\/\/elterritorialweb.com.ar\/web\/wp-json\/wp\/v2\/posts\/41960\/revisions"}],"predecessor-version":[{"id":41962,"href":"http:\/\/elterritorialweb.com.ar\/web\/wp-json\/wp\/v2\/posts\/41960\/revisions\/41962"}],"wp:featuredmedia":[{"embeddable":true,"href":"http:\/\/elterritorialweb.com.ar\/web\/wp-json\/wp\/v2\/media\/41961"}],"wp:attachment":[{"href":"http:\/\/elterritorialweb.com.ar\/web\/wp-json\/wp\/v2\/media?parent=41960"}],"wp:term":[{"taxonomy":"category","embeddable":true,"href":"http:\/\/elterritorialweb.com.ar\/web\/wp-json\/wp\/v2\/categories?post=41960"},{"taxonomy":"post_tag","embeddable":true,"href":"http:\/\/elterritorialweb.com.ar\/web\/wp-json\/wp\/v2\/tags?post=41960"}],"curies":[{"name":"wp","href":"https:\/\/api.w.org\/{rel}","templated":true}]}}