{"id":41963,"date":"2022-07-08T03:19:01","date_gmt":"2022-07-08T03:19:01","guid":{"rendered":"http:\/\/elterritorialweb.com.ar\/web\/?p=41963"},"modified":"2022-07-08T03:19:01","modified_gmt":"2022-07-08T03:19:01","slug":"zamora-acompano-a-los-santiaguenos-que-exponen-en-la-feria-caminos-y-sabores","status":"publish","type":"post","link":"http:\/\/elterritorialweb.com.ar\/web\/zamora-acompano-a-los-santiaguenos-que-exponen-en-la-feria-caminos-y-sabores\/","title":{"rendered":"ZAMORA ACOMPA\u00d1\u00d3 A LOS SANTIAGUE\u00d1OS QUE EXPONEN EN LA FERIA CAMINOS Y SABORES"},"content":{"rendered":"\n<p>El stand santiague\u00f1o funciona gracias al trabajo y la coordinaci\u00f3n de la Casa de Santiago en Buenos Aires, a cargo del secretario Bernardo Abruzzese, quien acompa\u00f1\u00f3 a Zamora durante el recorrido.<\/p>\n\n\n\n<figure class=\"wp-block-image size-full\"><a href=\"https:\/\/i0.wp.com\/elterritorialweb.com.ar\/web\/wp-content\/uploads\/2022\/07\/zamora-en-la-rural-1.jpg\"><img data-recalc-dims=\"1\" decoding=\"async\" width=\"640\" height=\"427\" data-src=\"https:\/\/i0.wp.com\/elterritorialweb.com.ar\/web\/wp-content\/uploads\/2022\/07\/zamora-en-la-rural-1.jpg?resize=640%2C427\" alt=\"\" class=\"wp-image-41965 lazyload\" data-srcset=\"https:\/\/i0.wp.com\/elterritorialweb.com.ar\/web\/wp-content\/uploads\/2022\/07\/zamora-en-la-rural-1.jpg?w=1024 1024w, https:\/\/i0.wp.com\/elterritorialweb.com.ar\/web\/wp-content\/uploads\/2022\/07\/zamora-en-la-rural-1.jpg?resize=300%2C200 300w, https:\/\/i0.wp.com\/elterritorialweb.com.ar\/web\/wp-content\/uploads\/2022\/07\/zamora-en-la-rural-1.jpg?resize=768%2C512 768w\" data-sizes=\"(max-width: 640px) 100vw, 640px\" src=\"data:image\/svg+xml;base64,PHN2ZyB3aWR0aD0iMSIgaGVpZ2h0PSIxIiB4bWxucz0iaHR0cDovL3d3dy53My5vcmcvMjAwMC9zdmciPjwvc3ZnPg==\" style=\"--smush-placeholder-width: 640px; --smush-placeholder-aspect-ratio: 640\/427;\" \/><\/a><\/figure>\n\n\n\n<p>En este espacio federal, que fue presentado tambi\u00e9n como \u201cEl Gran Mercado Argentino\u201d, se pueden encontrar a productores de todos los rincones de Santiago del Estero, quienes exhiben y comercializan sus productos para mostrarse ante el p\u00fablico de todo el pa\u00eds.<\/p>\n\n\n\n<figure class=\"wp-block-image size-full\"><a href=\"https:\/\/i0.wp.com\/elterritorialweb.com.ar\/web\/wp-content\/uploads\/2022\/07\/zamora-en-la-rural-2.jpg\"><img data-recalc-dims=\"1\" decoding=\"async\" width=\"640\" height=\"427\" data-src=\"https:\/\/i0.wp.com\/elterritorialweb.com.ar\/web\/wp-content\/uploads\/2022\/07\/zamora-en-la-rural-2.jpg?resize=640%2C427\" alt=\"\" class=\"wp-image-41966 lazyload\" data-srcset=\"https:\/\/i0.wp.com\/elterritorialweb.com.ar\/web\/wp-content\/uploads\/2022\/07\/zamora-en-la-rural-2.jpg?w=1024 1024w, https:\/\/i0.wp.com\/elterritorialweb.com.ar\/web\/wp-content\/uploads\/2022\/07\/zamora-en-la-rural-2.jpg?resize=300%2C200 300w, https:\/\/i0.wp.com\/elterritorialweb.com.ar\/web\/wp-content\/uploads\/2022\/07\/zamora-en-la-rural-2.jpg?resize=768%2C512 768w\" data-sizes=\"(max-width: 640px) 100vw, 640px\" src=\"data:image\/svg+xml;base64,PHN2ZyB3aWR0aD0iMSIgaGVpZ2h0PSIxIiB4bWxucz0iaHR0cDovL3d3dy53My5vcmcvMjAwMC9zdmciPjwvc3ZnPg==\" style=\"--smush-placeholder-width: 640px; --smush-placeholder-aspect-ratio: 640\/427;\" \/><\/a><\/figure>\n\n\n\n<p>La Feria Caminos y Sabores propone un recorrido con m\u00e1s de 450 productores y 40 chef, que recibir\u00e1n a los visitantes en el mayor mercado de gastronom\u00eda, artesan\u00eda y turismo de la Argentina.<\/p>\n","protected":false},"excerpt":{"rendered":"<p>El gobernador Gerardo Zamora visit\u00f3 este jueves el espacio institucional que Santiago del Estero tiene en la Feria \u201cCaminos y Sabores\u201d, en la jornada inaugural del evento que permanecer\u00e1 abierto hasta el domingo 10 de julio en el predio de Rural de Palermo, en la ciudad de Buenos Aires.<\/p>\n","protected":false},"author":2,"featured_media":41964,"comment_status":"open","ping_status":"open","sticky":false,"template":"","format":"standard","meta":{"om_disable_all_campaigns":false,"_monsterinsights_skip_tracking":false,"_monsterinsights_sitenote_active":false,"_monsterinsights_sitenote_note":"","_monsterinsights_sitenote_category":0,"_uf_show_specific_survey":0,"_uf_disable_surveys":false,"jetpack_post_was_ever_published":false,"_jetpack_newsletter_access":"","_jetpack_dont_email_post_to_subs":false,"_jetpack_newsletter_tier_id":0,"_jetpack_memberships_contains_paywalled_content":false,"_jetpack_memberships_contains_paid_content":false,"footnotes":"","jetpack_publicize_message":"","jetpack_publicize_feature_enabled":true,"jetpack_social_post_already_shared":false,"jetpack_social_options":{"image_generator_settings":{"template":"highway","default_image_id":0,"font":"","enabled":false},"version":2}},"categories":[21],"tags":[],"class_list":["post-41963","post","type-post","status-publish","format-standard","has-post-thumbnail","hentry","category-locales"],"aioseo_notices":[],"views":6,"jetpack_publicize_connections":[],"jetpack_featured_media_url":"https:\/\/i0.wp.com\/elterritorialweb.com.ar\/web\/wp-content\/uploads\/2022\/07\/zamora-en-la-rural.jpg?fit=1024%2C683","jetpack_sharing_enabled":true,"_links":{"self":[{"href":"http:\/\/elterritorialweb.com.ar\/web\/wp-json\/wp\/v2\/posts\/41963","targetHints":{"allow":["GET"]}}],"collection":[{"href":"http:\/\/elterritorialweb.com.ar\/web\/wp-json\/wp\/v2\/posts"}],"about":[{"href":"http:\/\/elterritorialweb.com.ar\/web\/wp-json\/wp\/v2\/types\/post"}],"author":[{"embeddable":true,"href":"http:\/\/elterritorialweb.com.ar\/web\/wp-json\/wp\/v2\/users\/2"}],"replies":[{"embeddable":true,"href":"http:\/\/elterritorialweb.com.ar\/web\/wp-json\/wp\/v2\/comments?post=41963"}],"version-history":[{"count":1,"href":"http:\/\/elterritorialweb.com.ar\/web\/wp-json\/wp\/v2\/posts\/41963\/revisions"}],"predecessor-version":[{"id":41967,"href":"http:\/\/elterritorialweb.com.ar\/web\/wp-json\/wp\/v2\/posts\/41963\/revisions\/41967"}],"wp:featuredmedia":[{"embeddable":true,"href":"http:\/\/elterritorialweb.com.ar\/web\/wp-json\/wp\/v2\/media\/41964"}],"wp:attachment":[{"href":"http:\/\/elterritorialweb.com.ar\/web\/wp-json\/wp\/v2\/media?parent=41963"}],"wp:term":[{"taxonomy":"category","embeddable":true,"href":"http:\/\/elterritorialweb.com.ar\/web\/wp-json\/wp\/v2\/categories?post=41963"},{"taxonomy":"post_tag","embeddable":true,"href":"http:\/\/elterritorialweb.com.ar\/web\/wp-json\/wp\/v2\/tags?post=41963"}],"curies":[{"name":"wp","href":"https:\/\/api.w.org\/{rel}","templated":true}]}}