{"id":41971,"date":"2022-07-08T03:35:51","date_gmt":"2022-07-08T03:35:51","guid":{"rendered":"http:\/\/elterritorialweb.com.ar\/web\/?p=41971"},"modified":"2022-07-08T03:36:13","modified_gmt":"2022-07-08T03:36:13","slug":"cerruti-el-programa-economico-fue-ratificado-y-sigue-su-rumbo","status":"publish","type":"post","link":"http:\/\/elterritorialweb.com.ar\/web\/cerruti-el-programa-economico-fue-ratificado-y-sigue-su-rumbo\/","title":{"rendered":"CERRUTI: \u00abEL PROGRAMA ECON\u00d3MICO FUE RATIFICADO Y SIGUE SU RUMBO\u00bb"},"content":{"rendered":"\n<p>En su habitual conferencia de prensa a los acreditados en la Casa Rosada, esta vez realizada a la tarde, destac\u00f3 el crecimiento de la actividad industrial, 11,9% interanual en mayo con respecto a 2021, y de la construcci\u00f3n que se expandi\u00f3 19,9% en el mismo periodo. \u201cYa se recuperaron y se crearon 450 mil empleos en la construcci\u00f3n\u201d, resalt\u00f3 y agreg\u00f3: \u201cDe los 16 sectores manufactureros, 15 sectores crecieron, esto significa un incremento del 5,7% en el acumulado entre enero y mayo del 2022\u201d.<\/p>\n\n\n\n<p>En ese sentido, resalt\u00f3, que la ministra de Econom\u00eda, Silvina Batakis, \u201cdijo lo mismo que venimos sosteniendo: hay que elegir a d\u00f3nde se dirigen los d\u00f3lares y para qu\u00e9 tipo de importaciones\u201d. Y remarc\u00f3 que \u201cel gobierno prioriza los medicamentos, los fertilizantes para el campo, las autopartes para la industria automotriz. Todo aquello que haga que crezca el trabajo y la producci\u00f3n\u201d.<\/p>\n\n\n\n<p>Con respecto al empleo, adelant\u00f3 que \u201cma\u00f1ana vamos a tener n\u00fameros muy estimulantes con respecto a la creaci\u00f3n de empleo privado, registrado, en blanco y baja del desempleo\u201d, y reafirm\u00f3 que \u201cel gobierno est\u00e1 conforme con el grado de crecimiento y de desarrollo que estamos logrando\u201d.<\/p>\n\n\n\n<p>Cerruti tambi\u00e9n se refiri\u00f3 al aumento de la inflaci\u00f3n en el pa\u00eds y en el mundo. \u201cEste gobierno lo toma como prioridad y sabe que hay una bater\u00eda de medidas que hay que tomar y en simult\u00e1neo. No es solamente una medida, la inflaci\u00f3n, adem\u00e1s de ser multicausal en la Argentina, lleva muchos a\u00f1os y tiene ahora un componente externo muy fuerte\u201d, explic\u00f3.<\/p>\n\n\n\n<p>Por \u00faltimo, afirm\u00f3 que la ministra y el equipo de Comercio Interior est\u00e1n trabajando para que \u201cacaben r\u00e1pidamente las maniobras especulativas y que todos entiendan que cuando estamos hablando de los precios de los productos, estamos hablando de los alimentos de los argentinos y las argentinas\u201d.<\/p>\n","protected":false},"excerpt":{"rendered":"<p>La portavoz de la Presidencia, Gabriela Cerruti, ratific\u00f3 hoy que el programa econ\u00f3mico \u201csigue su rumbo\u201d y que \u201cincluye como prioridad la lucha contra la inflaci\u00f3n y el cuidado de la mesa de los argentinos\u201d.<\/p>\n","protected":false},"author":2,"featured_media":41972,"comment_status":"open","ping_status":"open","sticky":false,"template":"","format":"standard","meta":{"om_disable_all_campaigns":false,"_monsterinsights_skip_tracking":false,"_monsterinsights_sitenote_active":false,"_monsterinsights_sitenote_note":"","_monsterinsights_sitenote_category":0,"_uf_show_specific_survey":0,"_uf_disable_surveys":false,"jetpack_post_was_ever_published":false,"_jetpack_newsletter_access":"","_jetpack_dont_email_post_to_subs":false,"_jetpack_newsletter_tier_id":0,"_jetpack_memberships_contains_paywalled_content":false,"_jetpack_memberships_contains_paid_content":false,"footnotes":"","jetpack_publicize_message":"","jetpack_publicize_feature_enabled":true,"jetpack_social_post_already_shared":false,"jetpack_social_options":{"image_generator_settings":{"template":"highway","default_image_id":0,"font":"","enabled":false},"version":2}},"categories":[4,18],"tags":[],"class_list":["post-41971","post","type-post","status-publish","format-standard","has-post-thumbnail","hentry","category-destacadas","category-politica"],"aioseo_notices":[],"views":5,"jetpack_publicize_connections":[],"jetpack_featured_media_url":"https:\/\/i0.wp.com\/elterritorialweb.com.ar\/web\/wp-content\/uploads\/2022\/07\/cerruti2.jpg?fit=1940%2C1293","jetpack_sharing_enabled":true,"_links":{"self":[{"href":"http:\/\/elterritorialweb.com.ar\/web\/wp-json\/wp\/v2\/posts\/41971","targetHints":{"allow":["GET"]}}],"collection":[{"href":"http:\/\/elterritorialweb.com.ar\/web\/wp-json\/wp\/v2\/posts"}],"about":[{"href":"http:\/\/elterritorialweb.com.ar\/web\/wp-json\/wp\/v2\/types\/post"}],"author":[{"embeddable":true,"href":"http:\/\/elterritorialweb.com.ar\/web\/wp-json\/wp\/v2\/users\/2"}],"replies":[{"embeddable":true,"href":"http:\/\/elterritorialweb.com.ar\/web\/wp-json\/wp\/v2\/comments?post=41971"}],"version-history":[{"count":1,"href":"http:\/\/elterritorialweb.com.ar\/web\/wp-json\/wp\/v2\/posts\/41971\/revisions"}],"predecessor-version":[{"id":41973,"href":"http:\/\/elterritorialweb.com.ar\/web\/wp-json\/wp\/v2\/posts\/41971\/revisions\/41973"}],"wp:featuredmedia":[{"embeddable":true,"href":"http:\/\/elterritorialweb.com.ar\/web\/wp-json\/wp\/v2\/media\/41972"}],"wp:attachment":[{"href":"http:\/\/elterritorialweb.com.ar\/web\/wp-json\/wp\/v2\/media?parent=41971"}],"wp:term":[{"taxonomy":"category","embeddable":true,"href":"http:\/\/elterritorialweb.com.ar\/web\/wp-json\/wp\/v2\/categories?post=41971"},{"taxonomy":"post_tag","embeddable":true,"href":"http:\/\/elterritorialweb.com.ar\/web\/wp-json\/wp\/v2\/tags?post=41971"}],"curies":[{"name":"wp","href":"https:\/\/api.w.org\/{rel}","templated":true}]}}