{"id":41977,"date":"2022-07-08T03:52:30","date_gmt":"2022-07-08T03:52:30","guid":{"rendered":"http:\/\/elterritorialweb.com.ar\/web\/?p=41977"},"modified":"2022-07-08T03:52:31","modified_gmt":"2022-07-08T03:52:31","slug":"crece-el-apoyo-a-la-candidatura-de-roger-nediani-como-intendente-en-la-banda","status":"publish","type":"post","link":"http:\/\/elterritorialweb.com.ar\/web\/crece-el-apoyo-a-la-candidatura-de-roger-nediani-como-intendente-en-la-banda\/","title":{"rendered":"CRECE EL APOYO A LA CANDIDATURA DE ROGER NEDIANI COMO INTENDENTE EN LA BANDA"},"content":{"rendered":"\n<p>La misma fue organizada por el Movimiento Popular de La Resistencia encabezada por su referente provincial Soledad Arias y su delegada Cristina Carabajal y referente provincial de mujeres Eugenia Ruiz; Agrupaci\u00f3n Fuerza de la Militancia integrada por Bruno D\u00edaz y \u00c1ngel \u201cPeta\u201d Paz y la Agrupaci\u00f3n 6 de Abril quienes agradecieron la participaci\u00f3n de los candidatos y dirigentes.<br>En la oportunidad, el candidato Roger Nediani dijo que \u201csumamos cada vez m\u00e1s esfuerzo para La Banda y el apoyo nos impulsa a seguir trabajando por m\u00e1s obras, m\u00e1s trabajo, y m\u00e1s prosperidad para todos\u201d. Adem\u00e1s, dijo, \u201c\u201cEs el refugio para albergar a todos los vecinos\u201d.<br>Posteriormente, Gabriel Santill\u00e1n agradeci\u00f3 a las compa\u00f1eras por el trabajo incansable que realizan d\u00eda a d\u00eda, tanto en el \u00e1mbito pol\u00edtico como social; resaltando adem\u00e1s las pol\u00edticas educativas, de medio ambiente, el apoyo brindado a los artistas como as\u00ed tambi\u00e9n a las econom\u00edas populares. \u201cEsta es una militancia de ideas pol\u00edticas y debemos resaltar un proyecto pol\u00edtico que mejor se encause en las necesidades del pueblo bande\u00f1o\u201d.<br>Finalmente, Roger Nediani enfatiz\u00f3 que el local est\u00e1 abierto para todos aquellos que quieran participar, presentando proyectos, propuestas, ideas en un ambiente de total libertad.<br>Sostuvo que la educaci\u00f3n es la herramienta de transformaci\u00f3n de los pueblos por el cual se concret\u00f3 desde el municipio: Jard\u00edn de Primera Infancia, escuela primaria, secundaria y la primera escuela rob\u00f3tica del pa\u00eds. \u201cEllo significa apostar al presente y al futuro que se viene\u201d.<br>\u201cNuestro proyecto se basa en caminar juntos a un futuro mejor, con un gobierno de di\u00e1logo, fortaleciendo los v\u00ednculos entre nosotros, los vecinos, las instituciones y las organizaciones, tanto del \u00e1mbito provincial como nacional; a fin de aunar criterios y buscando las mejores soluciones para la ciudad\u201c.<br>Cabe destacar, que el cuadro art\u00edstico de la noche estuvo a cargo de Mat\u00edas Trullenque y La Nueva Cumbia quien hizo danzar al p\u00fablico con su ritmo.<\/p>\n","protected":false},"excerpt":{"rendered":"<p>El candidato a intendente por el Frente Renovador y Progresista, Roger Nediani junto a su compa\u00f1ero de f\u00f3rmula Gabriel Santill\u00e1n inaugur\u00f3 una nueva sede partidaria, situada en Av. Besares entre calles Garay y Lavalle.<\/p>\n","protected":false},"author":2,"featured_media":41978,"comment_status":"open","ping_status":"open","sticky":false,"template":"","format":"standard","meta":{"om_disable_all_campaigns":false,"_monsterinsights_skip_tracking":false,"_monsterinsights_sitenote_active":false,"_monsterinsights_sitenote_note":"","_monsterinsights_sitenote_category":0,"_uf_show_specific_survey":0,"_uf_disable_surveys":false,"jetpack_post_was_ever_published":false,"_jetpack_newsletter_access":"","_jetpack_dont_email_post_to_subs":false,"_jetpack_newsletter_tier_id":0,"_jetpack_memberships_contains_paywalled_content":false,"_jetpack_memberships_contains_paid_content":false,"footnotes":"","jetpack_publicize_message":"","jetpack_publicize_feature_enabled":true,"jetpack_social_post_already_shared":false,"jetpack_social_options":{"image_generator_settings":{"template":"highway","default_image_id":0,"font":"","enabled":false},"version":2}},"categories":[18],"tags":[],"class_list":["post-41977","post","type-post","status-publish","format-standard","has-post-thumbnail","hentry","category-politica"],"aioseo_notices":[],"views":11,"jetpack_publicize_connections":[],"jetpack_featured_media_url":"https:\/\/i0.wp.com\/elterritorialweb.com.ar\/web\/wp-content\/uploads\/2022\/07\/WhatsApp-Image-2022-07-07-at-9.07.38-PM.jpeg?fit=1599%2C948","jetpack_sharing_enabled":true,"_links":{"self":[{"href":"http:\/\/elterritorialweb.com.ar\/web\/wp-json\/wp\/v2\/posts\/41977","targetHints":{"allow":["GET"]}}],"collection":[{"href":"http:\/\/elterritorialweb.com.ar\/web\/wp-json\/wp\/v2\/posts"}],"about":[{"href":"http:\/\/elterritorialweb.com.ar\/web\/wp-json\/wp\/v2\/types\/post"}],"author":[{"embeddable":true,"href":"http:\/\/elterritorialweb.com.ar\/web\/wp-json\/wp\/v2\/users\/2"}],"replies":[{"embeddable":true,"href":"http:\/\/elterritorialweb.com.ar\/web\/wp-json\/wp\/v2\/comments?post=41977"}],"version-history":[{"count":1,"href":"http:\/\/elterritorialweb.com.ar\/web\/wp-json\/wp\/v2\/posts\/41977\/revisions"}],"predecessor-version":[{"id":41979,"href":"http:\/\/elterritorialweb.com.ar\/web\/wp-json\/wp\/v2\/posts\/41977\/revisions\/41979"}],"wp:featuredmedia":[{"embeddable":true,"href":"http:\/\/elterritorialweb.com.ar\/web\/wp-json\/wp\/v2\/media\/41978"}],"wp:attachment":[{"href":"http:\/\/elterritorialweb.com.ar\/web\/wp-json\/wp\/v2\/media?parent=41977"}],"wp:term":[{"taxonomy":"category","embeddable":true,"href":"http:\/\/elterritorialweb.com.ar\/web\/wp-json\/wp\/v2\/categories?post=41977"},{"taxonomy":"post_tag","embeddable":true,"href":"http:\/\/elterritorialweb.com.ar\/web\/wp-json\/wp\/v2\/tags?post=41977"}],"curies":[{"name":"wp","href":"https:\/\/api.w.org\/{rel}","templated":true}]}}