{"id":41980,"date":"2022-07-08T03:59:34","date_gmt":"2022-07-08T03:59:34","guid":{"rendered":"http:\/\/elterritorialweb.com.ar\/web\/?p=41980"},"modified":"2022-07-08T03:59:35","modified_gmt":"2022-07-08T03:59:35","slug":"el-gobierno-renovo-el-programa-de-precios-cuidados-y-la-canasta-de-frutas-y-verduras-hasta-octubre","status":"publish","type":"post","link":"http:\/\/elterritorialweb.com.ar\/web\/el-gobierno-renovo-el-programa-de-precios-cuidados-y-la-canasta-de-frutas-y-verduras-hasta-octubre\/","title":{"rendered":"EL GOBIERNO RENOV\u00d3 EL PROGRAMA DE PRECIOS CUIDADOS Y LA CANASTA DE FRUTAS Y VERDURAS HASTA OCTUBRE"},"content":{"rendered":"\n<p>El Gobierno nacional renov\u00f3 el programa Precios Cuidados y la canasta de frutas y verduras hasta octubre, con una pauta de aumento promedio trimestral de 9,3%, que ser\u00e1 de 3,3% en julio; 3,2% en agosto y 2,5% en septiembre, se anunci\u00f3 en forma oficial.<\/p>\n\n\n\n<p>En esta nueva etapa, que entra en vigencia d<strong>esde este viernes y que tendr\u00e1 vigencia hasta el 7 de octubre<\/strong>, el programa abarca a 949 productos representativos de la canasta del consumo promedio en diversos rubros y categor\u00edas.<\/p>\n\n\n\n<p>Forman parte de Precios Cuidados productos de los rubros almac\u00e9n, limpieza, perfumer\u00eda, cuidado e higiene personal, art\u00edculos para beb\u00e9s, productos frescos (fiambres, pastas frescas, tapas de empanadas y de tartas), congelados y bebidas.<\/p>\n\n\n\n<p>Adem\u00e1s de Precios Cuidados, el Gobierno nacional actualiz\u00f3 tambi\u00e9n&nbsp;<strong>la canasta de frutas y verduras<\/strong>: los productos seleccionados y los precios acordados para este mes hasta el 7 de agosto son (por kilo): papa ($63), cebolla ($105), tomate ($210), lechuga ($170), y manzana ($190).<\/p>\n\n\n\n<p>La canasta de frutas y verduras a valores de referencia estar\u00e1 disponible en supermercados del \u00c1rea Metropolitana Buenos Aires (AMBA), entre los que se destacan&nbsp;<strong>D\u00eda, Walmart, Changomas, Jumbo, Vea, Disco, Coto, Carrefour y Makro<\/strong>.<\/p>\n\n\n\n<p>Fuentes de Comercio Interior precisaron que el acuerdo fue supervisado por Mart\u00edn Pollera, el funcionario designado por la ministra de Econom\u00eda, Silvina Batakis, para asumir la conducci\u00f3n de la cartera, en reemplazo de Guillermo Hang.<\/p>\n\n\n\n<p>Tambi\u00e9n se\u00f1alaron que contin\u00faan trabajando para acordar con las empresas l\u00e1cteas una canasta con los productos m\u00e1s representativos y consumidos de ese rubro, al tiempo que contin\u00faan las reuniones con los frigor\u00edficos para la renovaci\u00f3n de Cortes Cuidados, lo que permitir\u00e1 incrementar la cantidad de productos comprendidos en el programa.<\/p>\n\n\n\n<p>La cantidad de productos comprendidos en el nuevo programa es menor que el anunciado en la renovaci\u00f3n concretada a principios de abril pasado, cuando\u00a0<strong>se anunciaron 1.321 art\u00edculos<\/strong>.<\/p>\n\n\n\n<p>En esta edici\u00f3n,&nbsp;<strong>de manera inicial ser\u00e1n 949 productos, a los que prev\u00e9n sumar los l\u00e1cteos que a\u00fan se encuentran en etapa de negociaci\u00f3n<\/strong>.<\/p>\n\n\n\n<p>Con esta renovaci\u00f3n, se busca acortar la brecha entre los productos acordados y los no acordados para que el programa logre su objetivo de ser una referencia de precios para que las y los consumidores realicen la mejor elecci\u00f3n posible cuando hacen las compras, otorgando mayor previsibilidad al gasto de las familias y al mismo tiempo garantizar el abastecimiento.<\/p>\n\n\n\n<p>Precios Cuidados estar\u00e1 disponible todos los d\u00edas de la semana en cadenas de supermercados minoristas de todo el pa\u00eds como Jumbo, Vea, Disco, Changom\u00e1s, Coto, Carrefour, D\u00eda, Josimar, La An\u00f3nima, Libertad, Cooperativa Obrera, S\u00faper Santiago, Supermercado Himisa, Beltran, Bl\u00fc, Borbotti, El Solar, El Zorz\u00f3n, \u00danico, El Abastecedor y Alfa.<\/p>\n\n\n\n<p>El mi\u00e9rcoles, la ministra Batakis confirm\u00f3 la continuidad del programa Precios Cuidados.<\/p>\n\n\n\n<p>\u00abVamos a buscar un acuerdo con los formadores de precios pero lo fundamental es encontrar una soluci\u00f3n. Hay una situaci\u00f3n de incertidumbre y estamos trabajando con una canasta de bienes y servicios que vamos a anunciar\u00bb, dijo en un reportaje en el canal Todo Noticias.<\/p>\n\n\n\n<p>La jefa del Palacio de Hacienda expres\u00f3 que \u00abla inflaci\u00f3n en la Argentina tiene muchas causas, esto es muy compartido por muchos economistas en la Argentina\u00bb y reconoci\u00f3 que \u00abla gente ha encontrado en el d\u00f3lar la preservaci\u00f3n de sus ahorros\u00bb.<\/p>\n\n\n\n<p>Las negociaciones para la renovaci\u00f3n del programa Precios Cuidados fueron iniciadas por Guillermo Hang, el funcionario designado por el ex ministro Mart\u00edn Guzm\u00e1n hace un mes al frente de Comercio Interior.<\/p>\n\n\n\n<p>El mi\u00e9rcoles fuentes de la cartera de Comercio Interior confirmaron el alejamiento de Hang del cargo y la designaci\u00f3n de Pollera como nuevo titular del \u00e1rea.<\/p>\n","protected":false},"excerpt":{"rendered":"<p>En esta nueva etapa, que entra en vigencia desde este viernes, se incluyeron 949 productos representativos de la canasta del consumo promedio.<\/p>\n","protected":false},"author":2,"featured_media":41981,"comment_status":"open","ping_status":"open","sticky":false,"template":"","format":"standard","meta":{"om_disable_all_campaigns":false,"_monsterinsights_skip_tracking":false,"_monsterinsights_sitenote_active":false,"_monsterinsights_sitenote_note":"","_monsterinsights_sitenote_category":0,"_uf_show_specific_survey":0,"_uf_disable_surveys":false,"jetpack_post_was_ever_published":false,"_jetpack_newsletter_access":"","_jetpack_dont_email_post_to_subs":false,"_jetpack_newsletter_tier_id":0,"_jetpack_memberships_contains_paywalled_content":false,"_jetpack_memberships_contains_paid_content":false,"footnotes":"","jetpack_publicize_message":"","jetpack_publicize_feature_enabled":true,"jetpack_social_post_already_shared":false,"jetpack_social_options":{"image_generator_settings":{"template":"highway","default_image_id":0,"font":"","enabled":false},"version":2}},"categories":[4,2],"tags":[],"class_list":["post-41980","post","type-post","status-publish","format-standard","has-post-thumbnail","hentry","category-destacadas","category-economia"],"aioseo_notices":[],"views":4,"jetpack_publicize_connections":[],"jetpack_featured_media_url":"https:\/\/i0.wp.com\/elterritorialweb.com.ar\/web\/wp-content\/uploads\/2022\/07\/PRECIOS-CUIDADOS.jpg?fit=1200%2C675","jetpack_sharing_enabled":true,"_links":{"self":[{"href":"http:\/\/elterritorialweb.com.ar\/web\/wp-json\/wp\/v2\/posts\/41980","targetHints":{"allow":["GET"]}}],"collection":[{"href":"http:\/\/elterritorialweb.com.ar\/web\/wp-json\/wp\/v2\/posts"}],"about":[{"href":"http:\/\/elterritorialweb.com.ar\/web\/wp-json\/wp\/v2\/types\/post"}],"author":[{"embeddable":true,"href":"http:\/\/elterritorialweb.com.ar\/web\/wp-json\/wp\/v2\/users\/2"}],"replies":[{"embeddable":true,"href":"http:\/\/elterritorialweb.com.ar\/web\/wp-json\/wp\/v2\/comments?post=41980"}],"version-history":[{"count":1,"href":"http:\/\/elterritorialweb.com.ar\/web\/wp-json\/wp\/v2\/posts\/41980\/revisions"}],"predecessor-version":[{"id":41982,"href":"http:\/\/elterritorialweb.com.ar\/web\/wp-json\/wp\/v2\/posts\/41980\/revisions\/41982"}],"wp:featuredmedia":[{"embeddable":true,"href":"http:\/\/elterritorialweb.com.ar\/web\/wp-json\/wp\/v2\/media\/41981"}],"wp:attachment":[{"href":"http:\/\/elterritorialweb.com.ar\/web\/wp-json\/wp\/v2\/media?parent=41980"}],"wp:term":[{"taxonomy":"category","embeddable":true,"href":"http:\/\/elterritorialweb.com.ar\/web\/wp-json\/wp\/v2\/categories?post=41980"},{"taxonomy":"post_tag","embeddable":true,"href":"http:\/\/elterritorialweb.com.ar\/web\/wp-json\/wp\/v2\/tags?post=41980"}],"curies":[{"name":"wp","href":"https:\/\/api.w.org\/{rel}","templated":true}]}}