{"id":42028,"date":"2022-07-09T23:41:25","date_gmt":"2022-07-09T23:41:25","guid":{"rendered":"http:\/\/elterritorialweb.com.ar\/web\/?p=42028"},"modified":"2022-07-09T23:41:26","modified_gmt":"2022-07-09T23:41:26","slug":"san-lorenzo-agudizo-el-presente-boca","status":"publish","type":"post","link":"http:\/\/elterritorialweb.com.ar\/web\/san-lorenzo-agudizo-el-presente-boca\/","title":{"rendered":"SAN LORENZO AGUDIZ\u00d3 EL PRESENTE BOCA"},"content":{"rendered":"\n<p>San Lorenzo venci\u00f3 a Boca por 2 a 1 como local y se qued\u00f3 con el cl\u00e1sico, en el marco de la s\u00e9ptima fecha de la Liga Profesional de F\u00fatbol (LPF).<\/p>\n\n\n\n<p>Los goles del \u00abCicl\u00f3n\u00bb los hicieron Agust\u00edn Giay (37m. PT) y Adam Bareiro (10m. ST), que adem\u00e1s fall\u00f3 un penal, y en la visita anot\u00f3 Marcos Rojo (27m. PT).<\/p>\n\n\n\n<figure class=\"wp-block-image size-full\"><a href=\"https:\/\/i0.wp.com\/elterritorialweb.com.ar\/web\/wp-content\/uploads\/2022\/07\/FXP7pfSWQAc9eFv.jpeg\"><img data-recalc-dims=\"1\" decoding=\"async\" width=\"640\" height=\"447\" data-src=\"https:\/\/i0.wp.com\/elterritorialweb.com.ar\/web\/wp-content\/uploads\/2022\/07\/FXP7pfSWQAc9eFv.jpeg?resize=640%2C447\" alt=\"\" class=\"wp-image-42030 lazyload\" data-srcset=\"https:\/\/i0.wp.com\/elterritorialweb.com.ar\/web\/wp-content\/uploads\/2022\/07\/FXP7pfSWQAc9eFv.jpeg?w=680 680w, https:\/\/i0.wp.com\/elterritorialweb.com.ar\/web\/wp-content\/uploads\/2022\/07\/FXP7pfSWQAc9eFv.jpeg?resize=300%2C210 300w\" data-sizes=\"(max-width: 640px) 100vw, 640px\" src=\"data:image\/svg+xml;base64,PHN2ZyB3aWR0aD0iMSIgaGVpZ2h0PSIxIiB4bWxucz0iaHR0cDovL3d3dy53My5vcmcvMjAwMC9zdmciPjwvc3ZnPg==\" style=\"--smush-placeholder-width: 640px; --smush-placeholder-aspect-ratio: 640\/447;\" \/><\/a><\/figure>\n\n\n\n<p><strong>San Lorenzo, que no ganaba como local desde el 13 de diciembre del a\u00f1o pasado cuando dobleg\u00f3 a Newell&#8217;s Old Boys de Rosario (3-2), lleg\u00f3 a los 10 puntos en el campeonato y sue\u00f1a con la Copa Sudamericana del 2023.<\/strong><\/p>\n\n\n\n<p><strong>Boca<\/strong>, en cambio, contin\u00faa la mala racha &#8211;<strong>tres ca\u00eddas en fila<\/strong>&#8211; y se queda en nueve unidades, lejos de la punta.<\/p>\n\n\n\n<figure class=\"wp-block-image size-full\"><a href=\"https:\/\/i0.wp.com\/elterritorialweb.com.ar\/web\/wp-content\/uploads\/2022\/07\/FXP34whWAAIed_1.jpeg\"><img data-recalc-dims=\"1\" decoding=\"async\" width=\"640\" height=\"427\" data-src=\"https:\/\/i0.wp.com\/elterritorialweb.com.ar\/web\/wp-content\/uploads\/2022\/07\/FXP34whWAAIed_1.jpeg?resize=640%2C427\" alt=\"\" class=\"wp-image-42031 lazyload\" data-srcset=\"https:\/\/i0.wp.com\/elterritorialweb.com.ar\/web\/wp-content\/uploads\/2022\/07\/FXP34whWAAIed_1.jpeg?w=680 680w, https:\/\/i0.wp.com\/elterritorialweb.com.ar\/web\/wp-content\/uploads\/2022\/07\/FXP34whWAAIed_1.jpeg?resize=300%2C200 300w\" data-sizes=\"(max-width: 640px) 100vw, 640px\" src=\"data:image\/svg+xml;base64,PHN2ZyB3aWR0aD0iMSIgaGVpZ2h0PSIxIiB4bWxucz0iaHR0cDovL3d3dy53My5vcmcvMjAwMC9zdmciPjwvc3ZnPg==\" style=\"--smush-placeholder-width: 640px; --smush-placeholder-aspect-ratio: 640\/427;\" \/><\/a><\/figure>\n\n\n\n<h3 class=\"wp-block-heading\">Un partido din\u00e1mico<\/h3>\n\n\n\n<p>San Lorenzo y Boca plantearon un partido din\u00e1mico en los primeros minutos, con Nahuel Barrios como l\u00edder ofensivo en el due\u00f1o de casa y con Sebasti\u00e1n Villa y \u00d3scar Romero siendo abanderados en la visita.<\/p>\n\n\n\n<p>El local se plant\u00f3 con una l\u00ednea de tres, que se transform\u00f3 en una de cinco a la hora de defenderse para ensanchar el fondo y tapar as\u00ed las subidas de Frank Fabra por la izquierda y de Luis Adv\u00edncula por la derecha.La primera clara estuvo en los pies de Adam Bareiro tras una indecisi\u00f3n entre la dupla central \u00abxeneize\u00bb pero el paraguayo qued\u00f3 mal perfilado y defini\u00f3 mansamente a las manos de Agust\u00edn Rossi.Boca comenz\u00f3 a mostrarse predominante cuando destrab\u00f3 la l\u00ednea de cinco al fondo de la mano de Fabra, que pas\u00f3 bien al ataque y lastim\u00f3 al encontrar los huecos a espaldas de Nicol\u00e1s Fern\u00e1ndez Mercau. El capit\u00e1n Marcos Rojo conect\u00f3 un tiro libre de Villa luego de anticipar a Jalil El\u00edas y a Sebasti\u00e1n Torrico, que sali\u00f3 a destiempo con los pu\u00f1os, y abri\u00f3 el partido para el equipo de Hugo Ibarra.El festejo dej\u00f3 en claro la postura del plantel sobre la salida de Carlos Izquierdoz. El ex Estudiantes de La Plata fue a abrazar a su compa\u00f1ero y se sac\u00f3 la cinta en una demostraci\u00f3n de respeto por el ahora central suplente.Poco le dur\u00f3 la alegr\u00eda al \u00abXeneize\u00bb, es que Giay atac\u00f3 a espalda de Fabra -la mayor falencia del colombiano- y despu\u00e9s de un rebote estamp\u00f3 el merecido empate en el Bajo Flores.<\/p>\n\n\n\n<figure class=\"wp-block-image size-full\"><a href=\"https:\/\/i0.wp.com\/elterritorialweb.com.ar\/web\/wp-content\/uploads\/2022\/07\/FXQHgXdWIAIqeE8.jpeg\"><img data-recalc-dims=\"1\" decoding=\"async\" width=\"640\" height=\"640\" data-src=\"https:\/\/i0.wp.com\/elterritorialweb.com.ar\/web\/wp-content\/uploads\/2022\/07\/FXQHgXdWIAIqeE8.jpeg?resize=640%2C640\" alt=\"\" class=\"wp-image-42033 lazyload\" data-srcset=\"https:\/\/i0.wp.com\/elterritorialweb.com.ar\/web\/wp-content\/uploads\/2022\/07\/FXQHgXdWIAIqeE8.jpeg?w=680 680w, https:\/\/i0.wp.com\/elterritorialweb.com.ar\/web\/wp-content\/uploads\/2022\/07\/FXQHgXdWIAIqeE8.jpeg?resize=300%2C300 300w, https:\/\/i0.wp.com\/elterritorialweb.com.ar\/web\/wp-content\/uploads\/2022\/07\/FXQHgXdWIAIqeE8.jpeg?resize=150%2C150 150w\" data-sizes=\"(max-width: 640px) 100vw, 640px\" src=\"data:image\/svg+xml;base64,PHN2ZyB3aWR0aD0iMSIgaGVpZ2h0PSIxIiB4bWxucz0iaHR0cDovL3d3dy53My5vcmcvMjAwMC9zdmciPjwvc3ZnPg==\" style=\"--smush-placeholder-width: 640px; --smush-placeholder-aspect-ratio: 640\/640;\" \/><\/a><\/figure>\n\n\n\n<h3 class=\"wp-block-heading\">Pol\u00e9mica con el VA<strong>R<\/strong><\/h3>\n\n\n\n<p>La tarde agreg\u00f3 su primera pol\u00e9mica cuando el \u00e1rbitro, Fernando Espinoza, luego de revisar una jugada a instancia del VAR, le anul\u00f3 el segundo al local. Es que en el inicio se observ\u00f3 una falta de Siro Rosan\u00e9 sobre Alan Varela y el \u00e1rbitro determin\u00f3 que result\u00f3 clave en el desarrollo del avance que termin\u00f3 en el ahogado grito de gol de Fern\u00e1ndez Mercau.Sin embargo, la revancha para San Lorenzo lleg\u00f3 de la cabeza de Bareiro, que aprovech\u00f3 la asistencia de Ezequiel Cerutti, la figura del partido, para vencer a un Rossi pasado y a una defensa visitante que ofreci\u00f3 un sinf\u00edn de posibilidades.<\/p>\n\n\n\n<figure class=\"wp-block-image size-full\"><a href=\"https:\/\/i0.wp.com\/elterritorialweb.com.ar\/web\/wp-content\/uploads\/2022\/07\/FXP3B92XgAAAIcA.jpeg\"><img data-recalc-dims=\"1\" decoding=\"async\" width=\"640\" height=\"640\" data-src=\"https:\/\/i0.wp.com\/elterritorialweb.com.ar\/web\/wp-content\/uploads\/2022\/07\/FXP3B92XgAAAIcA.jpeg?resize=640%2C640\" alt=\"\" class=\"wp-image-42035 lazyload\" data-srcset=\"https:\/\/i0.wp.com\/elterritorialweb.com.ar\/web\/wp-content\/uploads\/2022\/07\/FXP3B92XgAAAIcA.jpeg?w=680 680w, https:\/\/i0.wp.com\/elterritorialweb.com.ar\/web\/wp-content\/uploads\/2022\/07\/FXP3B92XgAAAIcA.jpeg?resize=300%2C300 300w, https:\/\/i0.wp.com\/elterritorialweb.com.ar\/web\/wp-content\/uploads\/2022\/07\/FXP3B92XgAAAIcA.jpeg?resize=150%2C150 150w\" data-sizes=\"(max-width: 640px) 100vw, 640px\" src=\"data:image\/svg+xml;base64,PHN2ZyB3aWR0aD0iMSIgaGVpZ2h0PSIxIiB4bWxucz0iaHR0cDovL3d3dy53My5vcmcvMjAwMC9zdmciPjwvc3ZnPg==\" style=\"--smush-placeholder-width: 640px; --smush-placeholder-aspect-ratio: 640\/640;\" \/><\/a><\/figure>\n\n\n\n<p>La diferencia notoria pas\u00f3 por la intensidad con la que se enfrentaron en los duelos mano a mano los futbolistas de San Lorenzo frente a los de Boca. Es que los due\u00f1os de casa fueron a cada pelota como si fuera la \u00faltima, en contrapartida a ciertas displicencias marcadas en la visita, sobre todo en los momentos defensivos.<\/p>\n\n\n\n<p><strong>Boca no hall\u00f3 los caminos, a pesar de las intenciones de \u00d3scar Romero, el \u00fanico destacado en una tarde complicada que le dej\u00f3 la tercera derrota en fila en el campeonato y muchas dudas de cara a futuro<\/strong>.<\/p>\n\n\n\n<p>La contracara fue&nbsp;<strong>San Lorenzo, que vivi\u00f3 una tarde so\u00f1ada y de desahogo despu\u00e9s de varias malas<\/strong>. El festejo de los hinchas as\u00ed lo dej\u00f3 demostrado.<\/p>\n","protected":false},"excerpt":{"rendered":"<p>El \u00abCicl\u00f3n\u00bb se impuso 2-1 a Boca en el Nuevo Gas\u00f3metro. Los dirigidos por Ins\u00faa ca\u00edan en el primer tiempo luego que Marcos Rojo abriera el marcador para la visita, pero con goles de Giay en la primera parte y de Bareiro en el complemento logr\u00f3 dar vuelta el resultado.<\/p>\n","protected":false},"author":2,"featured_media":42029,"comment_status":"open","ping_status":"open","sticky":false,"template":"","format":"standard","meta":{"om_disable_all_campaigns":false,"_monsterinsights_skip_tracking":false,"_monsterinsights_sitenote_active":false,"_monsterinsights_sitenote_note":"","_monsterinsights_sitenote_category":0,"_uf_show_specific_survey":0,"_uf_disable_surveys":false,"jetpack_post_was_ever_published":false,"_jetpack_newsletter_access":"","_jetpack_dont_email_post_to_subs":false,"_jetpack_newsletter_tier_id":0,"_jetpack_memberships_contains_paywalled_content":false,"_jetpack_memberships_contains_paid_content":false,"footnotes":"","jetpack_publicize_message":"","jetpack_publicize_feature_enabled":true,"jetpack_social_post_already_shared":false,"jetpack_social_options":{"image_generator_settings":{"template":"highway","default_image_id":0,"font":"","enabled":false},"version":2}},"categories":[6],"tags":[],"class_list":["post-42028","post","type-post","status-publish","format-standard","has-post-thumbnail","hentry","category-deportes"],"aioseo_notices":[],"views":8,"jetpack_publicize_connections":[],"jetpack_featured_media_url":"https:\/\/i0.wp.com\/elterritorialweb.com.ar\/web\/wp-content\/uploads\/2022\/07\/FXQHmD_X0AEfOMR.jpeg?fit=680%2C453","jetpack_sharing_enabled":true,"_links":{"self":[{"href":"http:\/\/elterritorialweb.com.ar\/web\/wp-json\/wp\/v2\/posts\/42028","targetHints":{"allow":["GET"]}}],"collection":[{"href":"http:\/\/elterritorialweb.com.ar\/web\/wp-json\/wp\/v2\/posts"}],"about":[{"href":"http:\/\/elterritorialweb.com.ar\/web\/wp-json\/wp\/v2\/types\/post"}],"author":[{"embeddable":true,"href":"http:\/\/elterritorialweb.com.ar\/web\/wp-json\/wp\/v2\/users\/2"}],"replies":[{"embeddable":true,"href":"http:\/\/elterritorialweb.com.ar\/web\/wp-json\/wp\/v2\/comments?post=42028"}],"version-history":[{"count":1,"href":"http:\/\/elterritorialweb.com.ar\/web\/wp-json\/wp\/v2\/posts\/42028\/revisions"}],"predecessor-version":[{"id":42036,"href":"http:\/\/elterritorialweb.com.ar\/web\/wp-json\/wp\/v2\/posts\/42028\/revisions\/42036"}],"wp:featuredmedia":[{"embeddable":true,"href":"http:\/\/elterritorialweb.com.ar\/web\/wp-json\/wp\/v2\/media\/42029"}],"wp:attachment":[{"href":"http:\/\/elterritorialweb.com.ar\/web\/wp-json\/wp\/v2\/media?parent=42028"}],"wp:term":[{"taxonomy":"category","embeddable":true,"href":"http:\/\/elterritorialweb.com.ar\/web\/wp-json\/wp\/v2\/categories?post=42028"},{"taxonomy":"post_tag","embeddable":true,"href":"http:\/\/elterritorialweb.com.ar\/web\/wp-json\/wp\/v2\/tags?post=42028"}],"curies":[{"name":"wp","href":"https:\/\/api.w.org\/{rel}","templated":true}]}}