{"id":42038,"date":"2022-07-09T23:53:58","date_gmt":"2022-07-09T23:53:58","guid":{"rendered":"http:\/\/elterritorialweb.com.ar\/web\/?p=42038"},"modified":"2022-07-10T03:31:54","modified_gmt":"2022-07-10T03:31:54","slug":"42038-2","status":"publish","type":"post","link":"http:\/\/elterritorialweb.com.ar\/web\/42038-2\/","title":{"rendered":"LAS SERIES M\u00c1S DESTACADAS DE JULIO"},"content":{"rendered":"\n<p><strong>1 de julio<\/strong><\/p>\n\n\n\n<h3 class=\"wp-block-heading\">La lista terminal<\/h3>\n\n\n\n<p>(Estreno) &#8211; Amazon Prime Video<\/p>\n\n\n\n<p>Chris Pratt encabeza esta historia de acci\u00f3n y thriller psicol\u00f3gico como James Reece, un comandante de las Fuerzas Especiales de la Marina estadounidense que, tras una brutal emboscada que mata a todo su equipo en una misi\u00f3n, vuelve a su hogar con recuerdos confusos sobre el hecho.<\/p>\n\n\n\n<p>Sin poder confiar en s\u00ed mismo ni en quienes lo rodean, el protagonista se ver\u00e1 involucrado en una peligrosa trama de enga\u00f1os y secretos militares a la que deber\u00e1 sobrevivir mientras intenta descifrar qu\u00e9 ocurri\u00f3 verdaderamente en aquella operaci\u00f3n que lo cambi\u00f3 todo. Basados en el best-seller de Jack Carr, sus ocho episodios tambi\u00e9n cuentan con Taylor Kitsch, Constance Wu y Jai Courtney en el elenco.<\/p>\n\n\n\n<figure class=\"wp-block-embed is-type-video is-provider-youtube wp-block-embed-youtube wp-embed-aspect-16-9 wp-has-aspect-ratio\"><div class=\"wp-block-embed__wrapper\">\n<iframe title=\"La Lista Terminal - Tr\u00e1iler oficial | Prime Video\" width=\"640\" height=\"360\" data-src=\"https:\/\/www.youtube.com\/embed\/El0rtJ71nQk?feature=oembed\" frameborder=\"0\" allow=\"accelerometer; autoplay; clipboard-write; encrypted-media; gyroscope; picture-in-picture; web-share\" referrerpolicy=\"strict-origin-when-cross-origin\" allowfullscreen src=\"data:image\/svg+xml;base64,PHN2ZyB3aWR0aD0iMSIgaGVpZ2h0PSIxIiB4bWxucz0iaHR0cDovL3d3dy53My5vcmcvMjAwMC9zdmciPjwvc3ZnPg==\" class=\"lazyload\" data-load-mode=\"1\"><\/iframe>\n<\/div><\/figure>\n\n\n\n<h3 class=\"wp-block-heading\">Stranger Things<\/h3>\n\n\n\n<p>(Temporada 4 &#8211; Parte 2) &#8211; Netflix<\/p>\n\n\n\n<p>Compuesto por dos episodios de una extensi\u00f3n digna de dos largometrajes (85 y 140 minutos respectivamente), el Volumen 2 de la cuarta temporada de \u201cStranger Things\u201d llega a Netflix para dar un cierre -no definitivo, pues la acci\u00f3n seguir\u00e1 en la quinta y \u00faltima entrega- a la aventura m\u00e1s peligrosa y potencialmente mortal de Once (Millie Bobby Brown) y el resto de sus amigos del pueblo ficticio de Hawkins, Indiana.<\/p>\n\n\n\n<p>La serie de los hermanos Matt y Ross Duffer ofrece un desenlace de temporada de dimensiones \u00e9picas con el esperado cara a cara frente al enemigo tenebroso m\u00e1s poderoso hasta el momento, fuertes revelaciones y el acostumbrado homenaje al cine y la cultura pop de los 80.<\/p>\n\n\n\n<figure class=\"wp-block-embed is-type-video is-provider-youtube wp-block-embed-youtube wp-embed-aspect-16-9 wp-has-aspect-ratio\"><div class=\"wp-block-embed__wrapper\">\n<iframe title=\"Stranger Things 4 | Volumen 2: Tr\u00e1iler | Netflix\" width=\"640\" height=\"360\" data-src=\"https:\/\/www.youtube.com\/embed\/d0JYlUTbv1A?feature=oembed\" frameborder=\"0\" allow=\"accelerometer; autoplay; clipboard-write; encrypted-media; gyroscope; picture-in-picture; web-share\" referrerpolicy=\"strict-origin-when-cross-origin\" allowfullscreen src=\"data:image\/svg+xml;base64,PHN2ZyB3aWR0aD0iMSIgaGVpZ2h0PSIxIiB4bWxucz0iaHR0cDovL3d3dy53My5vcmcvMjAwMC9zdmciPjwvc3ZnPg==\" class=\"lazyload\" data-load-mode=\"1\"><\/iframe>\n<\/div><\/figure>\n\n\n\n<p><strong>8 de julio<\/strong><\/p>\n\n\n\n<h3 class=\"wp-block-heading\">Supernova<\/h3>\n\n\n\n<p>(Estreno) &#8211; Amazon Prime Video y El Nueve<\/p>\n\n\n\n<p>Dirigida por Ana Katz, esta nueva comedia dram\u00e1tica retrata un momento clave para Nicolasa (Johanna Chiefo), June (Ruggero Pasquarelli) y Mim\u00ed (Carolina Kopelioff), tres personajes que, cerca de los 30, hacen frente a los mandatos sociales, a sus propios deseos y frustraciones y a la vida en la gran ciudad.<\/p>\n\n\n\n<p>Nancy Dupl\u00e1a, In\u00e9s Est\u00e9vez, Diego Cremonesi, Marina Bellati y Luis Ziembrowski completan el elenco de esta trama de cuatro episodios de media hora cada uno, en la que distintos e hilarantes eventos marcan un quiebre en las vidas de los j\u00f3venes y, como consecuencia, tambi\u00e9n en las de sus familiares, amantes y amigos.<\/p>\n\n\n\n<figure class=\"wp-block-embed is-type-video is-provider-youtube wp-block-embed-youtube wp-embed-aspect-16-9 wp-has-aspect-ratio\"><div class=\"wp-block-embed__wrapper\">\n<iframe title=\"Supernova | Trailer Oficial | Prime Video\" width=\"640\" height=\"360\" data-src=\"https:\/\/www.youtube.com\/embed\/4EA4U9fCcfk?feature=oembed\" frameborder=\"0\" allow=\"accelerometer; autoplay; clipboard-write; encrypted-media; gyroscope; picture-in-picture; web-share\" referrerpolicy=\"strict-origin-when-cross-origin\" allowfullscreen src=\"data:image\/svg+xml;base64,PHN2ZyB3aWR0aD0iMSIgaGVpZ2h0PSIxIiB4bWxucz0iaHR0cDovL3d3dy53My5vcmcvMjAwMC9zdmciPjwvc3ZnPg==\" class=\"lazyload\" data-load-mode=\"1\"><\/iframe>\n<\/div><\/figure>\n\n\n\n<p><strong>10 de julio<\/strong><\/p>\n\n\n\n<h3 class=\"wp-block-heading\">The Girl from Plainville<\/h3>\n\n\n\n<p>(Estreno) &#8211; Starzplay<\/p>\n\n\n\n<p>Con el protag\u00f3nico de Elle Fanning, \u201cThe Girl from Plainville\u201d es una miniserie inspirada por la historia real de un caso sin precedentes ocurrido en 2014, en el que un adolescente estadounidense se quit\u00f3 la vida impulsado por su novia, que lo alentaba a suicidarse a trav\u00e9s de mensajes de texto.<\/p>\n\n\n\n<p>La serie de ocho episodios explora la relaci\u00f3n entre la chica, Michelle Carter (Fanning), y la v\u00edctima, Conrad Roy III (Colton Ryan), los hechos que condujeron a la muerte de este \u00faltimo y la condena posterior de la joven bajo la calificaci\u00f3n de \u201chomicidio involuntario\u201d.<\/p>\n\n\n\n<figure class=\"wp-block-embed is-type-video is-provider-youtube wp-block-embed-youtube wp-embed-aspect-16-9 wp-has-aspect-ratio\"><div class=\"wp-block-embed__wrapper\">\nhttps:\/\/youtu.be\/N4Ica44GIb0\n<\/div><\/figure>\n\n\n\n<p><strong>14 de julio<\/strong><\/p>\n\n\n\n<h3 class=\"wp-block-heading\">Resident Evil<\/h3>\n\n\n\n<p>(Estreno) &#8211; Netflix<\/p>\n\n\n\n<p>El exitoso videojuego de acci\u00f3n y horror que luego continu\u00f3 captando seguidores en todo el mundo con su saga de seis pel\u00edculas protagonizadas por Milla Jovovich ahora tiene una nueva adaptaci\u00f3n en formato serie de ocho episodios, con la misma trama pero situada en un nuevo universo.<\/p>\n\n\n\n<p>Entre dos l\u00edneas de tiempo, la historia sigue la complicada adolescencia de Jade (Ella Balinska) y Billie Wesker (Adeline Rudolph), dos gemelas e hijas de un ejecutivo de la oscura Corporaci\u00f3n Umbrella. Catorce a\u00f1os m\u00e1s tarde, y cargando con tr\u00e1gicas memorias de su pasado, Jade lucha por sobrevivir en un mundo plagado de criaturas sedientas de sangre.<\/p>\n\n\n\n<figure class=\"wp-block-embed is-type-video is-provider-youtube wp-block-embed-youtube wp-embed-aspect-16-9 wp-has-aspect-ratio\"><div class=\"wp-block-embed__wrapper\">\nhttps:\/\/youtu.be\/Vp-jpVrQdNA\n<\/div><\/figure>\n\n\n\n<p><strong>17 de julio<\/strong><\/p>\n\n\n\n<h3 class=\"wp-block-heading\">Mar\u00eda Marta, el crimen del country<\/h3>\n\n\n\n<p>(Estreno) &#8211; HBO Max y HBO<\/p>\n\n\n\n<p>Uno de los episodios criminales m\u00e1s impactantes de la historia argentina, ocurrido en 2002 en el barrio privado Carmel de Pilar, es llevado a la pantalla chica en forma de miniserie de ocho episodios, con Laura Novoa y Jorge Marrale como Mar\u00eda Marta Garc\u00eda Belsunce y su esposo, Carlos Carrascosa.<\/p>\n\n\n\n<p>Una v\u00edctima de alta sociedad, familiares y vecinos sospechosos y una investigaci\u00f3n con muchos errores son algunos de los elementos que transformaron al caso en un relato debatido como pocos por la Justicia y la sociedad, y que en esta serie es ficcionado para recrear lo que sucedi\u00f3 antes, durante y despu\u00e9s de su asesinato. Carlos Belloso, Muriel Santa Ana, Mike Amigorena, Ana Celentano y Nicol\u00e1s Francella completan el elenco.<\/p>\n\n\n\n<figure class=\"wp-block-embed is-type-video is-provider-youtube wp-block-embed-youtube wp-embed-aspect-16-9 wp-has-aspect-ratio\"><div class=\"wp-block-embed__wrapper\">\n<iframe title=\"Mar\u00eda Marta: El crimen del country | Trailer Oficial | HBO Latinoam\u00e9rica\" width=\"640\" height=\"360\" data-src=\"https:\/\/www.youtube.com\/embed\/fyuyP5uFaPo?feature=oembed\" frameborder=\"0\" allow=\"accelerometer; autoplay; clipboard-write; encrypted-media; gyroscope; picture-in-picture; web-share\" referrerpolicy=\"strict-origin-when-cross-origin\" allowfullscreen src=\"data:image\/svg+xml;base64,PHN2ZyB3aWR0aD0iMSIgaGVpZ2h0PSIxIiB4bWxucz0iaHR0cDovL3d3dy53My5vcmcvMjAwMC9zdmciPjwvc3ZnPg==\" class=\"lazyload\" data-load-mode=\"1\"><\/iframe>\n<\/div><\/figure>\n\n\n\n<p><strong>21 de julio<\/strong><\/p>\n\n\n\n<h3 class=\"wp-block-heading\">I Love That for You<\/h3>\n\n\n\n<p>(Estreno) &#8211; Paramount+<\/p>\n\n\n\n<p>Inspirada en su propia historia de lucha contra un diagn\u00f3stico de leucemia infantil, la actriz y comediante Vanessa Bayer protagoniza -junto a sus colegas Molly Shannon y Jenifer Lewis- esta sitcom en la que encarna a Joanna Gold, una joven que sue\u00f1a con convertirse en presentadora de un canal de compras de televisi\u00f3n.<\/p>\n\n\n\n<p>Mientras intenta despegarse de la etiqueta de \u201cla chica con c\u00e1ncer\u201d y convertirse en una adulta independiente, Joanna buscar\u00e1 hacerse un lugar en un ambiente altamente competitivo en el que encontrar\u00e1 alianzas y enemistades que la obligan a montar una enorme mentira para cumplir con su meta.<\/p>\n\n\n\n<figure class=\"wp-block-embed is-type-video is-provider-youtube wp-block-embed-youtube wp-embed-aspect-16-9 wp-has-aspect-ratio\"><div class=\"wp-block-embed__wrapper\">\n<iframe title=\"I Love That For You (2022) Official Trailer | SHOWTIME\" width=\"640\" height=\"360\" data-src=\"https:\/\/www.youtube.com\/embed\/zjdhfiGA8BU?feature=oembed\" frameborder=\"0\" allow=\"accelerometer; autoplay; clipboard-write; encrypted-media; gyroscope; picture-in-picture; web-share\" referrerpolicy=\"strict-origin-when-cross-origin\" allowfullscreen src=\"data:image\/svg+xml;base64,PHN2ZyB3aWR0aD0iMSIgaGVpZ2h0PSIxIiB4bWxucz0iaHR0cDovL3d3dy53My5vcmcvMjAwMC9zdmciPjwvc3ZnPg==\" class=\"lazyload\" data-load-mode=\"1\"><\/iframe>\n<\/div><\/figure>\n\n\n\n<p><strong>26 de julio<\/strong><\/p>\n\n\n\n<h3 class=\"wp-block-heading\">Santa Evita<\/h3>\n\n\n\n<p>(Estreno) &#8211; Star+<\/p>\n\n\n\n<p>Basada en la reconocida novela del periodista y escritor Tom\u00e1s Eloy Mart\u00ednez y con los protag\u00f3nicos de Natalia Oreiro y Dar\u00edo Grandinetti, la producci\u00f3n local sigue la historia del secuestro y profanaci\u00f3n de los restos embalsamados de la entonces esposa de Juan Domingo Per\u00f3n tras el golpe de Estado c\u00edvico-militar de 1955.<\/p>\n\n\n\n<p>Dirigida por Rodrigo Garc\u00eda -hijo del colombiano Gabriel Garc\u00eda M\u00e1rquez- y con la participaci\u00f3n de Ernesto Alterio, Diego Vel\u00e1zquez y el catal\u00e1n Francesc Orella, la serie de siete episodios reconstruye la relaci\u00f3n entre el expresidente y la actriz, luego dirigente pol\u00edtica, as\u00ed como el entramado de responsables que derrocaron a Per\u00f3n durante su segundo mandato y que raptaron el cad\u00e1ver de la malograda Evita del edificio de la CGT en el que era velada.<\/p>\n\n\n\n<figure class=\"wp-block-embed is-type-video is-provider-youtube wp-block-embed-youtube wp-embed-aspect-16-9 wp-has-aspect-ratio\"><div class=\"wp-block-embed__wrapper\">\nhttps:\/\/youtu.be\/8ebGiExFS7M\n<\/div><\/figure>\n\n\n\n<p><strong>29 de julio<\/strong><\/p>\n\n\n\n<h3 class=\"wp-block-heading\">Paper Girls<\/h3>\n\n\n\n<p>(Estreno) &#8211; Amazon Prime Video<\/p>\n\n\n\n<p>En las primeras horas despu\u00e9s de la noche de Halloween de 1988, Erin (Riley Lai Nelet), Mac (Sofia Rosinsky), Tiffany (Camryn Jones) y KJ (Fina Strazza), cuatro adolescentes repartidoras de diarios, est\u00e1n en su ruta de entrega cuando quedan atrapadas en un enfrentamiento entre viajeros del tiempo que est\u00e1n en guerra.<\/p>\n\n\n\n<p>Transportadas al futuro, las protagonistas deber\u00e1n hallar la forma de volver al pasado, en un viaje que las obligar\u00e1 a superar sus diferencias y aprender a confiar en s\u00ed mismas mientras conocen a sus versiones adultas y son perseguidas por un poderoso grupo de individuos que intentan detenerlas en su cometido. La serie, basada en el c\u00f3mic hom\u00f3nimo de Brian K. Vaughan, tambi\u00e9n cuenta con apariciones de Ali Wong, Nate Corddry y Adina Porter.<\/p>\n\n\n\n<figure class=\"wp-block-embed is-type-video is-provider-youtube wp-block-embed-youtube wp-embed-aspect-16-9 wp-has-aspect-ratio\"><div class=\"wp-block-embed__wrapper\">\n<iframe title=\"Paper Girls - Teaser Oficial | Prime Video Espa\u00f1a\" width=\"640\" height=\"360\" data-src=\"https:\/\/www.youtube.com\/embed\/GmEemdNHlXY?feature=oembed\" frameborder=\"0\" allow=\"accelerometer; autoplay; clipboard-write; encrypted-media; gyroscope; picture-in-picture; web-share\" referrerpolicy=\"strict-origin-when-cross-origin\" allowfullscreen src=\"data:image\/svg+xml;base64,PHN2ZyB3aWR0aD0iMSIgaGVpZ2h0PSIxIiB4bWxucz0iaHR0cDovL3d3dy53My5vcmcvMjAwMC9zdmciPjwvc3ZnPg==\" class=\"lazyload\" data-load-mode=\"1\"><\/iframe>\n<\/div><\/figure>\n","protected":false},"excerpt":{"rendered":"<p>Las diferentes plataformas anunciaron sus estrenos para este mes, entre los que destacan varios t\u00edtulos argentinos como \u201cSupernova\u201d, \u201cMar\u00eda Marta, el crimen del country\u201d y \u201cSanta Evita\u201d. <\/p>\n","protected":false},"author":2,"featured_media":42059,"comment_status":"open","ping_status":"open","sticky":false,"template":"","format":"standard","meta":{"om_disable_all_campaigns":false,"_monsterinsights_skip_tracking":false,"_monsterinsights_sitenote_active":false,"_monsterinsights_sitenote_note":"","_monsterinsights_sitenote_category":0,"_uf_show_specific_survey":0,"_uf_disable_surveys":false,"jetpack_post_was_ever_published":false,"_jetpack_newsletter_access":"","_jetpack_dont_email_post_to_subs":false,"_jetpack_newsletter_tier_id":0,"_jetpack_memberships_contains_paywalled_content":false,"_jetpack_memberships_contains_paid_content":false,"footnotes":"","jetpack_publicize_message":"","jetpack_publicize_feature_enabled":true,"jetpack_social_post_already_shared":false,"jetpack_social_options":{"image_generator_settings":{"template":"highway","default_image_id":0,"font":"","enabled":false},"version":2}},"categories":[4,20],"tags":[],"class_list":["post-42038","post","type-post","status-publish","format-standard","has-post-thumbnail","hentry","category-destacadas","category-especysociales"],"aioseo_notices":[],"views":11,"jetpack_publicize_connections":[],"jetpack_featured_media_url":"https:\/\/i0.wp.com\/elterritorialweb.com.ar\/web\/wp-content\/uploads\/2022\/07\/62bf37053e786_450.jpg?fit=450%2C253","jetpack_sharing_enabled":true,"_links":{"self":[{"href":"http:\/\/elterritorialweb.com.ar\/web\/wp-json\/wp\/v2\/posts\/42038","targetHints":{"allow":["GET"]}}],"collection":[{"href":"http:\/\/elterritorialweb.com.ar\/web\/wp-json\/wp\/v2\/posts"}],"about":[{"href":"http:\/\/elterritorialweb.com.ar\/web\/wp-json\/wp\/v2\/types\/post"}],"author":[{"embeddable":true,"href":"http:\/\/elterritorialweb.com.ar\/web\/wp-json\/wp\/v2\/users\/2"}],"replies":[{"embeddable":true,"href":"http:\/\/elterritorialweb.com.ar\/web\/wp-json\/wp\/v2\/comments?post=42038"}],"version-history":[{"count":16,"href":"http:\/\/elterritorialweb.com.ar\/web\/wp-json\/wp\/v2\/posts\/42038\/revisions"}],"predecessor-version":[{"id":42060,"href":"http:\/\/elterritorialweb.com.ar\/web\/wp-json\/wp\/v2\/posts\/42038\/revisions\/42060"}],"wp:featuredmedia":[{"embeddable":true,"href":"http:\/\/elterritorialweb.com.ar\/web\/wp-json\/wp\/v2\/media\/42059"}],"wp:attachment":[{"href":"http:\/\/elterritorialweb.com.ar\/web\/wp-json\/wp\/v2\/media?parent=42038"}],"wp:term":[{"taxonomy":"category","embeddable":true,"href":"http:\/\/elterritorialweb.com.ar\/web\/wp-json\/wp\/v2\/categories?post=42038"},{"taxonomy":"post_tag","embeddable":true,"href":"http:\/\/elterritorialweb.com.ar\/web\/wp-json\/wp\/v2\/tags?post=42038"}],"curies":[{"name":"wp","href":"https:\/\/api.w.org\/{rel}","templated":true}]}}