{"id":42072,"date":"2022-07-10T18:54:25","date_gmt":"2022-07-10T18:54:25","guid":{"rendered":"http:\/\/elterritorialweb.com.ar\/web\/?p=42072"},"modified":"2022-07-10T19:01:29","modified_gmt":"2022-07-10T19:01:29","slug":"destacada-participacion-de-la-escuela-de-patin-quimsa-en-la-copa-amistad","status":"publish","type":"post","link":"http:\/\/elterritorialweb.com.ar\/web\/destacada-participacion-de-la-escuela-de-patin-quimsa-en-la-copa-amistad\/","title":{"rendered":"DESTACADA PARTICIPACI\u00d3N DE LA ESCUELA DE PAT\u00cdN QUIMSA EN LA COPA AMISTAD"},"content":{"rendered":"\n<p>En la Copa Amistad, no solo particip\u00f3 la Escuela Pat\u00edn Quimsa, tambi\u00e9n dijeron presente, Sirio Liban\u00e9s y On Wheels de Santiago del Estero y de la Ciudad de La Banda el Club San Carlos, Patin\u00f3dromo y Ol\u00edmpico de La Banda.<br>Dicha competencia fue fiscalizada por jueces de Tucum\u00e1n y de Santiago del Estero.<br>Participaron 140 patinadores en Disciplinas Libres y Show.<\/p>\n\n\n\n<figure class=\"wp-block-image size-large\"><a href=\"https:\/\/i0.wp.com\/elterritorialweb.com.ar\/web\/wp-content\/uploads\/2022\/07\/IMG-20220710-WA0026.jpg\"><img data-recalc-dims=\"1\" decoding=\"async\" width=\"640\" height=\"480\" data-src=\"https:\/\/i0.wp.com\/elterritorialweb.com.ar\/web\/wp-content\/uploads\/2022\/07\/IMG-20220710-WA0026.jpg?resize=640%2C480\" alt=\"\" class=\"wp-image-42073 lazyload\" data-srcset=\"https:\/\/i0.wp.com\/elterritorialweb.com.ar\/web\/wp-content\/uploads\/2022\/07\/IMG-20220710-WA0026.jpg?resize=1024%2C768 1024w, https:\/\/i0.wp.com\/elterritorialweb.com.ar\/web\/wp-content\/uploads\/2022\/07\/IMG-20220710-WA0026.jpg?resize=300%2C225 300w, https:\/\/i0.wp.com\/elterritorialweb.com.ar\/web\/wp-content\/uploads\/2022\/07\/IMG-20220710-WA0026.jpg?resize=768%2C576 768w, https:\/\/i0.wp.com\/elterritorialweb.com.ar\/web\/wp-content\/uploads\/2022\/07\/IMG-20220710-WA0026.jpg?w=1280 1280w\" data-sizes=\"(max-width: 640px) 100vw, 640px\" src=\"data:image\/svg+xml;base64,PHN2ZyB3aWR0aD0iMSIgaGVpZ2h0PSIxIiB4bWxucz0iaHR0cDovL3d3dy53My5vcmcvMjAwMC9zdmciPjwvc3ZnPg==\" style=\"--smush-placeholder-width: 640px; --smush-placeholder-aspect-ratio: 640\/480;\" \/><\/a><\/figure>\n\n\n\n<p>Los resultados obtenidos fueron los siguientes:<br>Puestos Categor\u00eda Apellido Nombre<br>1ero C 3ra Mayores Correa, Priscila<br>1ero Formativa 10 a\u00f1os Salvatierra, Luc\u00eda<br>1ero Exhibici\u00f3n 6 a\u00f1os Arias, Zoe<br>1ero Exhibici\u00f3n 10 a\u00f1os Lara, Isabella<br>1ero Exhibici\u00f3n tiritas 7 a\u00f1os Palavecino, Mayte<br>1ero C 4ta 13 a\u00f1os Chaparro, Julieta<br>1ero Incentivaci\u00f3n 11 a\u00f1os Saavedra, Lucero<br>1ero Exhibici\u00f3n 8 a\u00f1os Andrada Montero, Constanza<br>1ero Exhibici\u00f3n A 8 a\u00f1os Paz, Alexia<br>1ero C 5ta 13 a\u00f1os G\u00f3mez, Aylen<br>1ero Exhibici\u00f3n 5 a\u00f1os S\u00e1nchez, Luciana<br>1ero Exhibici\u00f3n 7 a\u00f1os Tejerina, Martina<br>1ero Exhibici\u00f3n 9 a\u00f1os Caldera Paz, M\u00eda<br>1ero Exhibici\u00f3n A 15 a\u00f1os P\u00e9rez, Rita<br>1ero Exhibici\u00f3n 11 a\u00f1os Zorichich, Valentina<br>1ero C 5ta 11 a\u00f1os Su\u00e1rez, Jazm\u00edn<br>1ero . C 4ta 11 a\u00f1os Barraza, Brisa<br>1ero Incentivaci\u00f3n 12 a\u00f1os V\u00e9lez, Josefina<br>1ero Incentivaci\u00f3n 13 a\u00f1os Jim\u00e9nez, Renata<br>1ero C 5ta 15 a\u00f1os D\u00edaz Urtubey, Zohee<br>2do C 4ta 11 a\u00f1os Ruiz P\u00e9rez, Angly<br>2do C 5ta 10 a\u00f1os Cornejo Urquiza, Martina<br>2do Exhibici\u00f3n 10 a\u00f1os S\u00e1ndez, Milena<br>2do Exhibici\u00f3n 9 a\u00f1os S\u00e1ndez, G\u00e9nesis<br>2do Exhibici\u00f3n 7 a\u00f1os Ju\u00e1rez, Luc\u00eda<br>2do Exhibici\u00f3n 6 a\u00f1os Ledesma, Sof\u00eda<br>2do Exhibici\u00f3n 8 a\u00f1os Taboada, Guillermina<br>2do Incentivaci\u00f3n 7 a\u00f1os Wagner, Sof\u00eda<br>2do Exhibici\u00f3n 11 a\u00f1os Leguizam\u00f3n, Luana<br>2do Formativa 9 a\u00f1os Amicucci, Matilde<br>2do Incentivaci\u00f3n 11 a\u00f1os Rojas, Milena<br>2do Exhibici\u00f3n 8 a\u00f1os Ju\u00e1rez, Nahiara<br>2do Exhibici\u00f3n 5 a\u00f1os Barraza, Xiomara<br>3er Exhibici\u00f3n 8 a\u00f1os Cerusico, Antonella<br>3er Exhibici\u00f3n 11 a\u00f1os Ju\u00e1rez, Dayana<br>3er Formativa 10 a\u00f1os Ledesma, Lucero<br>3er Exhibici\u00f3n 8 a\u00f1os Salto, Catalina<br>3er Exhibici\u00f3n 10 a\u00f1os Parisi, Lourdes<br>3er Exhibici\u00f3n 5 a\u00f1os Villalba, Briana<br>4to Incentivaci\u00f3n 8 a\u00f1os Ruiz P\u00e9rez, Nahiara<br>4to Exhibici\u00f3n 10 a\u00f1os Flores, Briana.<\/p>\n\n\n\n<figure class=\"wp-block-image size-large\"><a href=\"https:\/\/i0.wp.com\/elterritorialweb.com.ar\/web\/wp-content\/uploads\/2022\/07\/IMG-20220710-WA0027.jpg\"><img data-recalc-dims=\"1\" decoding=\"async\" width=\"640\" height=\"853\" data-src=\"https:\/\/i0.wp.com\/elterritorialweb.com.ar\/web\/wp-content\/uploads\/2022\/07\/IMG-20220710-WA0027.jpg?resize=640%2C853\" alt=\"\" class=\"wp-image-42077 lazyload\" data-srcset=\"https:\/\/i0.wp.com\/elterritorialweb.com.ar\/web\/wp-content\/uploads\/2022\/07\/IMG-20220710-WA0027.jpg?resize=768%2C1024 768w, https:\/\/i0.wp.com\/elterritorialweb.com.ar\/web\/wp-content\/uploads\/2022\/07\/IMG-20220710-WA0027.jpg?resize=225%2C300 225w, https:\/\/i0.wp.com\/elterritorialweb.com.ar\/web\/wp-content\/uploads\/2022\/07\/IMG-20220710-WA0027.jpg?w=960 960w\" data-sizes=\"(max-width: 640px) 100vw, 640px\" src=\"data:image\/svg+xml;base64,PHN2ZyB3aWR0aD0iMSIgaGVpZ2h0PSIxIiB4bWxucz0iaHR0cDovL3d3dy53My5vcmcvMjAwMC9zdmciPjwvc3ZnPg==\" style=\"--smush-placeholder-width: 640px; --smush-placeholder-aspect-ratio: 640\/853;\" \/><\/a><\/figure>\n\n\n\n<p>POR CONSULTAS E INSCRIPCIONES:<br>Fan Page: Patin Quimsa<br>Instagram: @quimsa patin<br>Wsp: (0385) 154-385-676<\/p>\n\n\n\n<p>POR CONSULTAS E INSCRIPCIONES:<br>Fan Page: Patin Quimsa<br>Instagram: @quimsa patin<br>Wsp: (0385) 154-385-676<\/p>\n","protected":false},"excerpt":{"rendered":"<p>La Escuela de Pat\u00edn Quimsa a cargo de la Profesora Florencia Cella tuvo una destacad\u00edsima actuaci\u00f3n en la Copa Quimsa que se llev\u00f3 a cabo en el Nodo Tecnol\u00f3gico, obteniendo 20 Primeros Puestos, 13 Segundos Puestos, 6 Terceros Puestos y 2 Cuartos Puestos.<\/p>\n","protected":false},"author":2,"featured_media":42076,"comment_status":"open","ping_status":"open","sticky":false,"template":"","format":"standard","meta":{"om_disable_all_campaigns":false,"_monsterinsights_skip_tracking":false,"_monsterinsights_sitenote_active":false,"_monsterinsights_sitenote_note":"","_monsterinsights_sitenote_category":0,"_uf_show_specific_survey":0,"_uf_disable_surveys":false,"jetpack_post_was_ever_published":false,"_jetpack_newsletter_access":"","_jetpack_dont_email_post_to_subs":false,"_jetpack_newsletter_tier_id":0,"_jetpack_memberships_contains_paywalled_content":false,"_jetpack_memberships_contains_paid_content":false,"footnotes":"","jetpack_publicize_message":"","jetpack_publicize_feature_enabled":true,"jetpack_social_post_already_shared":false,"jetpack_social_options":{"image_generator_settings":{"template":"highway","default_image_id":0,"font":"","enabled":false},"version":2}},"categories":[6],"tags":[],"class_list":["post-42072","post","type-post","status-publish","format-standard","has-post-thumbnail","hentry","category-deportes"],"aioseo_notices":[],"views":68,"jetpack_publicize_connections":[],"jetpack_featured_media_url":"https:\/\/i0.wp.com\/elterritorialweb.com.ar\/web\/wp-content\/uploads\/2022\/07\/IMG-20220710-WA0028.jpg?fit=1280%2C960","jetpack_sharing_enabled":true,"_links":{"self":[{"href":"http:\/\/elterritorialweb.com.ar\/web\/wp-json\/wp\/v2\/posts\/42072","targetHints":{"allow":["GET"]}}],"collection":[{"href":"http:\/\/elterritorialweb.com.ar\/web\/wp-json\/wp\/v2\/posts"}],"about":[{"href":"http:\/\/elterritorialweb.com.ar\/web\/wp-json\/wp\/v2\/types\/post"}],"author":[{"embeddable":true,"href":"http:\/\/elterritorialweb.com.ar\/web\/wp-json\/wp\/v2\/users\/2"}],"replies":[{"embeddable":true,"href":"http:\/\/elterritorialweb.com.ar\/web\/wp-json\/wp\/v2\/comments?post=42072"}],"version-history":[{"count":2,"href":"http:\/\/elterritorialweb.com.ar\/web\/wp-json\/wp\/v2\/posts\/42072\/revisions"}],"predecessor-version":[{"id":42081,"href":"http:\/\/elterritorialweb.com.ar\/web\/wp-json\/wp\/v2\/posts\/42072\/revisions\/42081"}],"wp:featuredmedia":[{"embeddable":true,"href":"http:\/\/elterritorialweb.com.ar\/web\/wp-json\/wp\/v2\/media\/42076"}],"wp:attachment":[{"href":"http:\/\/elterritorialweb.com.ar\/web\/wp-json\/wp\/v2\/media?parent=42072"}],"wp:term":[{"taxonomy":"category","embeddable":true,"href":"http:\/\/elterritorialweb.com.ar\/web\/wp-json\/wp\/v2\/categories?post=42072"},{"taxonomy":"post_tag","embeddable":true,"href":"http:\/\/elterritorialweb.com.ar\/web\/wp-json\/wp\/v2\/tags?post=42072"}],"curies":[{"name":"wp","href":"https:\/\/api.w.org\/{rel}","templated":true}]}}