{"id":42084,"date":"2022-07-10T19:54:56","date_gmt":"2022-07-10T19:54:56","guid":{"rendered":"http:\/\/elterritorialweb.com.ar\/web\/?p=42084"},"modified":"2022-07-10T20:11:01","modified_gmt":"2022-07-10T20:11:01","slug":"gran-remontada-de-central-cordoba-ante-estudiantes-de-la-plata-tras-estar-dos-goles-abajo","status":"publish","type":"post","link":"http:\/\/elterritorialweb.com.ar\/web\/gran-remontada-de-central-cordoba-ante-estudiantes-de-la-plata-tras-estar-dos-goles-abajo\/","title":{"rendered":"GRAN REMONTADA DE CENTRAL C\u00d3RDOBA ANTE ESTUDIANTES, TRAS ESTAR DOS GOLES ABAJO"},"content":{"rendered":"\n<p><strong>Central C\u00f3rdoba<\/strong>&nbsp;logr\u00f3 rescatar un empate muy valioso, al remontar el partido ante&nbsp;<strong>Estudiantes en La Plata<\/strong>&nbsp;y terminar 2-2 en uno de los encuentros correspondientes a la 7\u00aa fecha del torneo de la&nbsp;<strong>Liga Profesional de F\u00fatbol<\/strong>.<\/p>\n\n\n\n<figure class=\"wp-block-image size-large\"><a href=\"https:\/\/i0.wp.com\/elterritorialweb.com.ar\/web\/wp-content\/uploads\/2022\/07\/IMG-20220710-WA0041-1.jpg\"><img data-recalc-dims=\"1\" decoding=\"async\" width=\"640\" height=\"427\" data-src=\"https:\/\/i0.wp.com\/elterritorialweb.com.ar\/web\/wp-content\/uploads\/2022\/07\/IMG-20220710-WA0041-1.jpg?resize=640%2C427\" alt=\"\" class=\"wp-image-42096 lazyload\" data-srcset=\"https:\/\/i0.wp.com\/elterritorialweb.com.ar\/web\/wp-content\/uploads\/2022\/07\/IMG-20220710-WA0041-1.jpg?resize=1024%2C683 1024w, https:\/\/i0.wp.com\/elterritorialweb.com.ar\/web\/wp-content\/uploads\/2022\/07\/IMG-20220710-WA0041-1.jpg?resize=300%2C200 300w, https:\/\/i0.wp.com\/elterritorialweb.com.ar\/web\/wp-content\/uploads\/2022\/07\/IMG-20220710-WA0041-1.jpg?resize=768%2C512 768w, https:\/\/i0.wp.com\/elterritorialweb.com.ar\/web\/wp-content\/uploads\/2022\/07\/IMG-20220710-WA0041-1.jpg?w=1124 1124w\" data-sizes=\"(max-width: 640px) 100vw, 640px\" src=\"data:image\/svg+xml;base64,PHN2ZyB3aWR0aD0iMSIgaGVpZ2h0PSIxIiB4bWxucz0iaHR0cDovL3d3dy53My5vcmcvMjAwMC9zdmciPjwvc3ZnPg==\" style=\"--smush-placeholder-width: 640px; --smush-placeholder-aspect-ratio: 640\/427;\" \/><\/a><\/figure>\n\n\n\n<p>Para el local marcaron&nbsp;<strong>Leandro D\u00edaz<\/strong>&nbsp;(11m.) y el uruguayo&nbsp;<strong>Manuel Castro<\/strong>&nbsp;(36m.) en el primer tiempo; mientras que para la visita descont\u00f3&nbsp;<strong>Gonzalo Torres<\/strong>&nbsp;antes del descanso (46m.) y empat\u00f3&nbsp;<strong>Alejandro Mart\u00ednez<\/strong>&nbsp;(22m.), de penal en la segunda etapa.<\/p>\n\n\n\n<figure class=\"wp-block-image size-large\"><a href=\"https:\/\/i0.wp.com\/elterritorialweb.com.ar\/web\/wp-content\/uploads\/2022\/07\/IMG-20220710-WA0040.jpg\"><img data-recalc-dims=\"1\" decoding=\"async\" width=\"640\" height=\"427\" data-src=\"https:\/\/i0.wp.com\/elterritorialweb.com.ar\/web\/wp-content\/uploads\/2022\/07\/IMG-20220710-WA0040.jpg?resize=640%2C427\" alt=\"\" class=\"wp-image-42094 lazyload\" data-srcset=\"https:\/\/i0.wp.com\/elterritorialweb.com.ar\/web\/wp-content\/uploads\/2022\/07\/IMG-20220710-WA0040.jpg?resize=1024%2C683 1024w, https:\/\/i0.wp.com\/elterritorialweb.com.ar\/web\/wp-content\/uploads\/2022\/07\/IMG-20220710-WA0040.jpg?resize=300%2C200 300w, https:\/\/i0.wp.com\/elterritorialweb.com.ar\/web\/wp-content\/uploads\/2022\/07\/IMG-20220710-WA0040.jpg?resize=768%2C512 768w, https:\/\/i0.wp.com\/elterritorialweb.com.ar\/web\/wp-content\/uploads\/2022\/07\/IMG-20220710-WA0040.jpg?w=1124 1124w\" data-sizes=\"(max-width: 640px) 100vw, 640px\" src=\"data:image\/svg+xml;base64,PHN2ZyB3aWR0aD0iMSIgaGVpZ2h0PSIxIiB4bWxucz0iaHR0cDovL3d3dy53My5vcmcvMjAwMC9zdmciPjwvc3ZnPg==\" style=\"--smush-placeholder-width: 640px; --smush-placeholder-aspect-ratio: 640\/427;\" \/><\/a><\/figure>\n\n\n\n<p>Estudiantes, flamante clasificado a los cuartos de final de la Copa Libertadores, cort\u00f3 una racha de tres derrotas consecutivas en la LPF, aunque lleva cuatro partidos sin victorias.<\/p>\n\n\n\n<figure class=\"wp-block-image size-large\"><a href=\"https:\/\/i0.wp.com\/elterritorialweb.com.ar\/web\/wp-content\/uploads\/2022\/07\/IMG-20220710-WA0009.jpg\"><img data-recalc-dims=\"1\" decoding=\"async\" width=\"640\" height=\"504\" data-src=\"https:\/\/i0.wp.com\/elterritorialweb.com.ar\/web\/wp-content\/uploads\/2022\/07\/IMG-20220710-WA0009.jpg?resize=640%2C504\" alt=\"\" class=\"wp-image-42092 lazyload\" data-srcset=\"https:\/\/i0.wp.com\/elterritorialweb.com.ar\/web\/wp-content\/uploads\/2022\/07\/IMG-20220710-WA0009.jpg?resize=1024%2C807 1024w, https:\/\/i0.wp.com\/elterritorialweb.com.ar\/web\/wp-content\/uploads\/2022\/07\/IMG-20220710-WA0009.jpg?resize=300%2C236 300w, https:\/\/i0.wp.com\/elterritorialweb.com.ar\/web\/wp-content\/uploads\/2022\/07\/IMG-20220710-WA0009.jpg?resize=768%2C605 768w, https:\/\/i0.wp.com\/elterritorialweb.com.ar\/web\/wp-content\/uploads\/2022\/07\/IMG-20220710-WA0009.jpg?w=1080 1080w\" data-sizes=\"(max-width: 640px) 100vw, 640px\" src=\"data:image\/svg+xml;base64,PHN2ZyB3aWR0aD0iMSIgaGVpZ2h0PSIxIiB4bWxucz0iaHR0cDovL3d3dy53My5vcmcvMjAwMC9zdmciPjwvc3ZnPg==\" style=\"--smush-placeholder-width: 640px; --smush-placeholder-aspect-ratio: 640\/504;\" \/><\/a><\/figure>\n\n\n\n<p>Central C\u00f3rdoba, que llevaba de perder como local de Argentinos Juniors, afront\u00f3 este encuentro con DT interino (<strong>Adri\u00e1n Adrover<\/strong>) tras la salida de Sergio Rondina.<\/p>\n\n\n\n<figure class=\"wp-block-image size-large\"><a href=\"https:\/\/i0.wp.com\/elterritorialweb.com.ar\/web\/wp-content\/uploads\/2022\/07\/IMG-20220710-WA0014.jpg\"><img data-recalc-dims=\"1\" decoding=\"async\" width=\"640\" height=\"427\" data-src=\"https:\/\/i0.wp.com\/elterritorialweb.com.ar\/web\/wp-content\/uploads\/2022\/07\/IMG-20220710-WA0014.jpg?resize=640%2C427\" alt=\"\" class=\"wp-image-42089 lazyload\" data-srcset=\"https:\/\/i0.wp.com\/elterritorialweb.com.ar\/web\/wp-content\/uploads\/2022\/07\/IMG-20220710-WA0014.jpg?resize=1024%2C683 1024w, https:\/\/i0.wp.com\/elterritorialweb.com.ar\/web\/wp-content\/uploads\/2022\/07\/IMG-20220710-WA0014.jpg?resize=300%2C200 300w, https:\/\/i0.wp.com\/elterritorialweb.com.ar\/web\/wp-content\/uploads\/2022\/07\/IMG-20220710-WA0014.jpg?resize=768%2C512 768w, https:\/\/i0.wp.com\/elterritorialweb.com.ar\/web\/wp-content\/uploads\/2022\/07\/IMG-20220710-WA0014.jpg?resize=1536%2C1024 1536w, https:\/\/i0.wp.com\/elterritorialweb.com.ar\/web\/wp-content\/uploads\/2022\/07\/IMG-20220710-WA0014.jpg?w=1600 1600w, https:\/\/i0.wp.com\/elterritorialweb.com.ar\/web\/wp-content\/uploads\/2022\/07\/IMG-20220710-WA0014.jpg?w=1280 1280w\" data-sizes=\"(max-width: 640px) 100vw, 640px\" src=\"data:image\/svg+xml;base64,PHN2ZyB3aWR0aD0iMSIgaGVpZ2h0PSIxIiB4bWxucz0iaHR0cDovL3d3dy53My5vcmcvMjAwMC9zdmciPjwvc3ZnPg==\" style=\"--smush-placeholder-width: 640px; --smush-placeholder-aspect-ratio: 640\/427;\" \/><\/a><\/figure>\n\n\n\n<p>Un din\u00e1mico y entretenido primer tiempo jugaron en La Plata, con dos chances para cada uno en los primeros minutos. De entrada sorprendieron los santiague\u00f1os pero fall\u00f3&nbsp;<strong>Gonz\u00e1lez Metilli<\/strong>&nbsp;en la definici\u00f3n con&nbsp;<strong>And\u00fajar&nbsp;<\/strong>fuera de acci\u00f3n. A los 6,&nbsp;<strong>Toselli&nbsp;<\/strong>le sac\u00f3 un zurdazo a&nbsp;<strong>Zapiola&nbsp;<\/strong>y un minuto m\u00e1s tarde el arquero se luci\u00f3 ante un cabezazo de&nbsp;<strong>Lollo<\/strong>.<\/p>\n\n\n\n<figure class=\"wp-block-image size-large\"><a href=\"https:\/\/i0.wp.com\/elterritorialweb.com.ar\/web\/wp-content\/uploads\/2022\/07\/IMG-20220710-WA0017.jpg\"><img data-recalc-dims=\"1\" decoding=\"async\" width=\"640\" height=\"427\" data-src=\"https:\/\/i0.wp.com\/elterritorialweb.com.ar\/web\/wp-content\/uploads\/2022\/07\/IMG-20220710-WA0017.jpg?resize=640%2C427\" alt=\"\" class=\"wp-image-42088 lazyload\" data-srcset=\"https:\/\/i0.wp.com\/elterritorialweb.com.ar\/web\/wp-content\/uploads\/2022\/07\/IMG-20220710-WA0017.jpg?resize=1024%2C683 1024w, https:\/\/i0.wp.com\/elterritorialweb.com.ar\/web\/wp-content\/uploads\/2022\/07\/IMG-20220710-WA0017.jpg?resize=300%2C200 300w, https:\/\/i0.wp.com\/elterritorialweb.com.ar\/web\/wp-content\/uploads\/2022\/07\/IMG-20220710-WA0017.jpg?resize=768%2C512 768w, https:\/\/i0.wp.com\/elterritorialweb.com.ar\/web\/wp-content\/uploads\/2022\/07\/IMG-20220710-WA0017.jpg?resize=1536%2C1024 1536w, https:\/\/i0.wp.com\/elterritorialweb.com.ar\/web\/wp-content\/uploads\/2022\/07\/IMG-20220710-WA0017.jpg?w=1600 1600w, https:\/\/i0.wp.com\/elterritorialweb.com.ar\/web\/wp-content\/uploads\/2022\/07\/IMG-20220710-WA0017.jpg?w=1280 1280w\" data-sizes=\"(max-width: 640px) 100vw, 640px\" src=\"data:image\/svg+xml;base64,PHN2ZyB3aWR0aD0iMSIgaGVpZ2h0PSIxIiB4bWxucz0iaHR0cDovL3d3dy53My5vcmcvMjAwMC9zdmciPjwvc3ZnPg==\" style=\"--smush-placeholder-width: 640px; --smush-placeholder-aspect-ratio: 640\/427;\" \/><\/a><\/figure>\n\n\n\n<p>A los 8 los visitantes construyeron una buena contra con&nbsp;<strong>Mart\u00ednez&nbsp;<\/strong>por izquierda que&nbsp;<strong>Leguizam\u00f3n&nbsp;<\/strong>la termin\u00f3 mal. Dos minutos despu\u00e9s,&nbsp;<strong>Zapiola&nbsp;<\/strong>presion\u00f3 a&nbsp;<strong>G\u00f3mez&nbsp;<\/strong>sobre un lateral, le gan\u00f3 la posici\u00f3n, construy\u00f3 una buena acci\u00f3n individual y habilit\u00f3 a&nbsp;<strong>D\u00edaz&nbsp;<\/strong>que por el segundo palo solo la tuvo que empujar para el 1 a 0.<\/p>\n\n\n\n<figure class=\"wp-block-image size-large\"><a href=\"https:\/\/i0.wp.com\/elterritorialweb.com.ar\/web\/wp-content\/uploads\/2022\/07\/IMG-20220710-WA0016.jpg\"><img data-recalc-dims=\"1\" decoding=\"async\" width=\"640\" height=\"427\" data-src=\"https:\/\/i0.wp.com\/elterritorialweb.com.ar\/web\/wp-content\/uploads\/2022\/07\/IMG-20220710-WA0016.jpg?resize=640%2C427\" alt=\"\" class=\"wp-image-42087 lazyload\" data-srcset=\"https:\/\/i0.wp.com\/elterritorialweb.com.ar\/web\/wp-content\/uploads\/2022\/07\/IMG-20220710-WA0016.jpg?resize=1024%2C683 1024w, https:\/\/i0.wp.com\/elterritorialweb.com.ar\/web\/wp-content\/uploads\/2022\/07\/IMG-20220710-WA0016.jpg?resize=300%2C200 300w, https:\/\/i0.wp.com\/elterritorialweb.com.ar\/web\/wp-content\/uploads\/2022\/07\/IMG-20220710-WA0016.jpg?resize=768%2C512 768w, https:\/\/i0.wp.com\/elterritorialweb.com.ar\/web\/wp-content\/uploads\/2022\/07\/IMG-20220710-WA0016.jpg?resize=1536%2C1024 1536w, https:\/\/i0.wp.com\/elterritorialweb.com.ar\/web\/wp-content\/uploads\/2022\/07\/IMG-20220710-WA0016.jpg?w=1600 1600w, https:\/\/i0.wp.com\/elterritorialweb.com.ar\/web\/wp-content\/uploads\/2022\/07\/IMG-20220710-WA0016.jpg?w=1280 1280w\" data-sizes=\"(max-width: 640px) 100vw, 640px\" src=\"data:image\/svg+xml;base64,PHN2ZyB3aWR0aD0iMSIgaGVpZ2h0PSIxIiB4bWxucz0iaHR0cDovL3d3dy53My5vcmcvMjAwMC9zdmciPjwvc3ZnPg==\" style=\"--smush-placeholder-width: 640px; --smush-placeholder-aspect-ratio: 640\/427;\" \/><\/a><\/figure>\n\n\n\n<p>Estudiantes se hizo dominador, ajust\u00f3 marcas y a los 35\u00a0<strong>D\u00edaz\u00a0<\/strong>la pele\u00f3 en el medio, asisti\u00f3 a\u00a0<strong>Castro<\/strong>, que la baj\u00f3 de pecho y con un derechazo fuerte puso el 2 a 0.<\/p>\n\n\n\n<figure class=\"wp-block-image\"><img data-recalc-dims=\"1\" decoding=\"async\" data-src=\"https:\/\/i0.wp.com\/www.diariopanorama.com\/fotos\/notas\/2022\/07\/10\/central-cordoba-estudiantes-419522-134914.jpg?w=640&#038;ssl=1\" alt=\" \" src=\"data:image\/svg+xml;base64,PHN2ZyB3aWR0aD0iMSIgaGVpZ2h0PSIxIiB4bWxucz0iaHR0cDovL3d3dy53My5vcmcvMjAwMC9zdmciPjwvc3ZnPg==\" class=\"lazyload\" \/><\/figure>\n\n\n\n<p>En el final&nbsp;<strong>D\u00edaz&nbsp;<\/strong>desperdici\u00f3 una clara chance para el tercero y en la contra&nbsp;<strong>Metilli&nbsp;<\/strong>habilit\u00f3 a&nbsp;<strong>Torres&nbsp;<\/strong>que cabece\u00f3,&nbsp;<strong>And\u00fajar&nbsp;<\/strong>dio rebote y luego la empuj\u00f3 al gol para el descuento.<\/p>\n\n\n\n<figure class=\"wp-block-embed is-type-video is-provider-youtube wp-block-embed-youtube wp-embed-aspect-16-9 wp-has-aspect-ratio\"><div class=\"wp-block-embed__wrapper\">\n<iframe title=\"\u00a1El PINCHA y EL FERROVIARIO empataron en un PARTIDAZO! | Estudiantes 2-2 Central C\u00f3rdoba | Resumen\" width=\"640\" height=\"360\" data-src=\"https:\/\/www.youtube.com\/embed\/NLdVmhkFeKs?feature=oembed\" frameborder=\"0\" allow=\"accelerometer; autoplay; clipboard-write; encrypted-media; gyroscope; picture-in-picture; web-share\" referrerpolicy=\"strict-origin-when-cross-origin\" allowfullscreen src=\"data:image\/svg+xml;base64,PHN2ZyB3aWR0aD0iMSIgaGVpZ2h0PSIxIiB4bWxucz0iaHR0cDovL3d3dy53My5vcmcvMjAwMC9zdmciPjwvc3ZnPg==\" class=\"lazyload\" data-load-mode=\"1\"><\/iframe>\n<\/div><\/figure>\n\n\n\n<p>En el complemento todo fue parecido.&nbsp;<strong>Estudiantes&nbsp;<\/strong>en ataque y&nbsp;<strong>Central C\u00f3rdoba<\/strong>&nbsp;parado de contra. A los de&nbsp;<strong>Zielinski&nbsp;<\/strong>les falt\u00f3 capacidad de definici\u00f3n y de contra a los 18 qued\u00f3 mal parado,&nbsp;<strong>M\u00e1s&nbsp;<\/strong>le cometi\u00f3 penal a&nbsp;<strong>Montes&nbsp;<\/strong>y&nbsp;<strong>Mart\u00ednez&nbsp;<\/strong>lo cambi\u00f3 por gol y empate.<\/p>\n\n\n\n<p><strong>Estudiantes&nbsp;<\/strong>busc\u00f3 y busc\u00f3 pero le falt\u00f3 precisi\u00f3n y siempre qued\u00f3 expuesto para la r\u00e9plica rival. Tuvo dos chances claras&nbsp;<strong>Heredia<\/strong>, que defini\u00f3 mal, tuvo un par&nbsp;<strong>Diaz&nbsp;<\/strong>y la \u00faltima&nbsp;<strong>Zuqui&nbsp;<\/strong>remat\u00f3 por arriba del travesa\u00f1o.<\/p>\n","protected":false},"excerpt":{"rendered":"<p>El Ferroviario perd\u00eda por dos goles, pero reaccion\u00f3 y termin\u00f3 empatando 2-2, logrando as\u00ed un valioso empate como visitante en La Plata.<\/p>\n","protected":false},"author":2,"featured_media":42093,"comment_status":"open","ping_status":"open","sticky":false,"template":"","format":"standard","meta":{"om_disable_all_campaigns":false,"_monsterinsights_skip_tracking":false,"_monsterinsights_sitenote_active":false,"_monsterinsights_sitenote_note":"","_monsterinsights_sitenote_category":0,"_uf_show_specific_survey":0,"_uf_disable_surveys":false,"jetpack_post_was_ever_published":false,"_jetpack_newsletter_access":"","_jetpack_dont_email_post_to_subs":false,"_jetpack_newsletter_tier_id":0,"_jetpack_memberships_contains_paywalled_content":false,"_jetpack_memberships_contains_paid_content":false,"footnotes":"","jetpack_publicize_message":"","jetpack_publicize_feature_enabled":true,"jetpack_social_post_already_shared":false,"jetpack_social_options":{"image_generator_settings":{"template":"highway","default_image_id":0,"font":"","enabled":false},"version":2}},"categories":[6],"tags":[],"class_list":["post-42084","post","type-post","status-publish","format-standard","has-post-thumbnail","hentry","category-deportes"],"aioseo_notices":[],"views":21,"jetpack_publicize_connections":[],"jetpack_featured_media_url":"https:\/\/i0.wp.com\/elterritorialweb.com.ar\/web\/wp-content\/uploads\/2022\/07\/IMG-20220710-WA0034.jpg?fit=1080%2C721","jetpack_sharing_enabled":true,"_links":{"self":[{"href":"http:\/\/elterritorialweb.com.ar\/web\/wp-json\/wp\/v2\/posts\/42084","targetHints":{"allow":["GET"]}}],"collection":[{"href":"http:\/\/elterritorialweb.com.ar\/web\/wp-json\/wp\/v2\/posts"}],"about":[{"href":"http:\/\/elterritorialweb.com.ar\/web\/wp-json\/wp\/v2\/types\/post"}],"author":[{"embeddable":true,"href":"http:\/\/elterritorialweb.com.ar\/web\/wp-json\/wp\/v2\/users\/2"}],"replies":[{"embeddable":true,"href":"http:\/\/elterritorialweb.com.ar\/web\/wp-json\/wp\/v2\/comments?post=42084"}],"version-history":[{"count":5,"href":"http:\/\/elterritorialweb.com.ar\/web\/wp-json\/wp\/v2\/posts\/42084\/revisions"}],"predecessor-version":[{"id":42105,"href":"http:\/\/elterritorialweb.com.ar\/web\/wp-json\/wp\/v2\/posts\/42084\/revisions\/42105"}],"wp:featuredmedia":[{"embeddable":true,"href":"http:\/\/elterritorialweb.com.ar\/web\/wp-json\/wp\/v2\/media\/42093"}],"wp:attachment":[{"href":"http:\/\/elterritorialweb.com.ar\/web\/wp-json\/wp\/v2\/media?parent=42084"}],"wp:term":[{"taxonomy":"category","embeddable":true,"href":"http:\/\/elterritorialweb.com.ar\/web\/wp-json\/wp\/v2\/categories?post=42084"},{"taxonomy":"post_tag","embeddable":true,"href":"http:\/\/elterritorialweb.com.ar\/web\/wp-json\/wp\/v2\/tags?post=42084"}],"curies":[{"name":"wp","href":"https:\/\/api.w.org\/{rel}","templated":true}]}}