{"id":42107,"date":"2022-07-10T21:34:00","date_gmt":"2022-07-10T21:34:00","guid":{"rendered":"http:\/\/elterritorialweb.com.ar\/web\/?p=42107"},"modified":"2022-07-10T21:58:04","modified_gmt":"2022-07-10T21:58:04","slug":"men-al-ruh-santiago-gran-cena-show-con-el-maestro-mario-kirlis-2","status":"publish","type":"post","link":"http:\/\/elterritorialweb.com.ar\/web\/men-al-ruh-santiago-gran-cena-show-con-el-maestro-mario-kirlis-2\/","title":{"rendered":"\u00abMEN AL RUH SANTIAGO\u00bb GRAN CENA SHOW CON EL MAESTRO MARIO KIRLIS"},"content":{"rendered":"\n<p>El Maestro Mario Kirlis, junto a la orquesta Al Kamar, conformado por Fernando Beserra de Tucum\u00e1n y Sebasti\u00e1n D\u00edaz de Salta, y El\u00edas Bitar, de Santiago del Estero como m\u00fasico invitado, se presentar\u00e1 en la Madre de Ciudades, los d\u00edas 30 y 31 de julio. <\/p>\n\n\n\n<p>Consultada a la organizadora del evento <strong>Adriana Jim\u00e9nez Fazzio, <\/strong>nos<strong> <\/strong>informo que <em>\u00abLa Modalidad ser\u00e1 \u00abCena-Show\u00bb con m\u00fasica y bailarinas solistas y academias de danza \u00e1rabe en vivo. Las bailarinas y las academias que estar\u00e1n como invitadas provienen de diferentes provincias como ser Salta, Tucum\u00e1n, la Rioja y Santiago del Estero\u00bb<\/em>.<\/p>\n\n\n\n<p><em>\u00abEl mismo S\u00e1bado 30 de Julio, en el horario de 15:30hs. se realizar\u00e1 un workshop a cargo de el Maestro Mario Kirlis junto a la Maestra Janet Dom\u00ednguez, de la provincia de Tucum\u00e1n. Quien cuenta con una gran e impecable trayectoria no solo en el \u00e1mbito de la danza \u00e1rabe\u00bb<\/em> a\u00f1adi\u00f3 Jim\u00e9nez Fazzio.<\/p>\n\n\n\n<p>Desde la organizaci\u00f3n tambi\u00e9n informaron que se agotaron las entradas para el d\u00eda s\u00e1bado 30 mientras que para el domingo 31 de Julio, a\u00fan quedan localidades disponibles, que solo se podr\u00e1n adquirir de forma anticipada, emitidas por la organizadora del evento y no s\u00e9 vender\u00e1n entradas en la puerta, sin excepci\u00f3n, advirtieron.<\/p>\n\n\n\n<p>Cabe destacar que para participar del workshop solicitar la informaci\u00f3n con la organizadora a trav\u00e9s de sus redes sociales o su n\u00famero de tel\u00e9fono.<\/p>\n\n\n\n<p><strong>SOBRE LA PROFESORA JANET DOM\u00cdNGUEZ <\/strong><\/p>\n\n\n\n<p>Argentina, a los 17 a\u00f1os recibe el t\u00edtulo de profesora de Danzas Arabes egresada del estudio Dancers que dirige el maestro Yamil Annum.<\/p>\n\n\n\n<p>Fund\u00f3 su academia llamada Jhasna en la cual mantiene su rol de directora profesora y core\u00f3grafa hace 19 a\u00f1os, donde adem\u00e1s de sus alumnos regulares concurren bailarines de distintos puntos a capacitarse.<\/p>\n\n\n\n<p>Janet se perfeccion\u00f3 con reconocidos exponentes como Amir Thaleb, Saida, Maiada, Gisel Salom\u00e9, Mario kirlis, Bozenka (E.E.U.U) Lulu Sabongie (Brasil) Mohamed al Sayed (Egipto) entre muchos otros. <\/p>\n\n\n\n<p>Recibi\u00f3 su certificaci\u00f3n como instructora en disciplinas de ejercicios en preparaci\u00f3n f\u00edsica amante del arte en general, se capacito en diferentes modalidades como acrobacias en piso, acrobacias a\u00e9reas, estilos urbanos, caribe\u00f1os, flamenco, teatro comedia, musical etc\u00e9tera.<\/p>\n\n\n\n<p>Dicta seminario y es jurado en distintos eventos nacionales e internacionales su entrega y dedicaci\u00f3n la llev\u00f3 a recorrer todo su pa\u00eds.<\/p>\n\n\n\n<p>Organizadora desde el 2005 del Gran certamen nacional \u00abUnidos por la Danza\u00bb uno de los m\u00e1s reconocidos y grandes del noroeste argentino el cual convoca a grandes talentos de todo el pa\u00eds.17 a\u00f1os de Trayectoria como Organizadora.<\/p>\n\n\n\n<p>Convocan a participar de diversos programas televisivos y medios de comunicaci\u00f3n.Fue becada por CIAD para representar tucum\u00e1n Argentina en vi\u00f1a del mar Chile y Brasil, premiada por la misma entidad como la mejor bailarina de las Am\u00e9ricas en el que compiti\u00f3 con bailarines de m\u00e1s de 10 pa\u00edses, en el mismo a\u00f1o recibe por ellos el galard\u00f3n de mejor bailarina belly dance del circuito CIAD (m\u00e1s de 14 pa\u00edses en competencia).<\/p>\n\n\n\n<p>Bailarina y docente de gran experiencia en concursos evaluativos actualmente con una agenda Internacional,ha sido ganadora de 56 medallas consecutivas de oro a lo largo de sus a\u00f1os de competidora en categor\u00eda profesional,Ha participado de importantes carteleras en teatro de revistas con reconocidos famosos del espect\u00e1culo argentino.<\/p>\n\n\n\n<p>Figura y primer bailarina de la orquesta Oriental Al Kamar con qui\u00e9n comparti\u00f3 tapa de disco en tres oportunidades en las que vendieron m\u00e1s de 50000 copias, este a\u00f1o estrenaron el tema \u00abJanet dance\u00bb m\u00fasica compuesta exclusivamente para ella y a disposici\u00f3n del disfrute de todos.Janet hace 22 a\u00f1os que realiza su trabajo como bailarina showman lo cual le permiti\u00f3 y permite pisar innumerables escenarios.<\/p>\n\n\n\n<p>La destaca su gran sello y estilo personal una creativa en su modalidad ya que su conocimiento general en el arte hace que su danza se enriquezca cada vez mucho m\u00e1s<\/p>\n","protected":false},"excerpt":{"rendered":"<p>Se presentar\u00e1 el s\u00e1bado 30 de Julio en Costumbres Bar y el domingo 31 en Sasha Club Resto Bar.<\/p>\n","protected":false},"author":2,"featured_media":42108,"comment_status":"open","ping_status":"open","sticky":false,"template":"","format":"standard","meta":{"om_disable_all_campaigns":false,"_monsterinsights_skip_tracking":false,"_monsterinsights_sitenote_active":false,"_monsterinsights_sitenote_note":"","_monsterinsights_sitenote_category":0,"_uf_show_specific_survey":0,"_uf_disable_surveys":false,"jetpack_post_was_ever_published":false,"_jetpack_newsletter_access":"","_jetpack_dont_email_post_to_subs":false,"_jetpack_newsletter_tier_id":0,"_jetpack_memberships_contains_paywalled_content":false,"_jetpack_memberships_contains_paid_content":false,"footnotes":"","jetpack_publicize_message":"","jetpack_publicize_feature_enabled":true,"jetpack_social_post_already_shared":false,"jetpack_social_options":{"image_generator_settings":{"template":"highway","default_image_id":0,"font":"","enabled":false},"version":2}},"categories":[20],"tags":[],"class_list":["post-42107","post","type-post","status-publish","format-standard","has-post-thumbnail","hentry","category-especysociales"],"aioseo_notices":[],"views":63,"jetpack_publicize_connections":[],"jetpack_featured_media_url":"https:\/\/i0.wp.com\/elterritorialweb.com.ar\/web\/wp-content\/uploads\/2022\/07\/images-2.jpeg?fit=259%2C194","jetpack_sharing_enabled":true,"_links":{"self":[{"href":"http:\/\/elterritorialweb.com.ar\/web\/wp-json\/wp\/v2\/posts\/42107","targetHints":{"allow":["GET"]}}],"collection":[{"href":"http:\/\/elterritorialweb.com.ar\/web\/wp-json\/wp\/v2\/posts"}],"about":[{"href":"http:\/\/elterritorialweb.com.ar\/web\/wp-json\/wp\/v2\/types\/post"}],"author":[{"embeddable":true,"href":"http:\/\/elterritorialweb.com.ar\/web\/wp-json\/wp\/v2\/users\/2"}],"replies":[{"embeddable":true,"href":"http:\/\/elterritorialweb.com.ar\/web\/wp-json\/wp\/v2\/comments?post=42107"}],"version-history":[{"count":3,"href":"http:\/\/elterritorialweb.com.ar\/web\/wp-json\/wp\/v2\/posts\/42107\/revisions"}],"predecessor-version":[{"id":42113,"href":"http:\/\/elterritorialweb.com.ar\/web\/wp-json\/wp\/v2\/posts\/42107\/revisions\/42113"}],"wp:featuredmedia":[{"embeddable":true,"href":"http:\/\/elterritorialweb.com.ar\/web\/wp-json\/wp\/v2\/media\/42108"}],"wp:attachment":[{"href":"http:\/\/elterritorialweb.com.ar\/web\/wp-json\/wp\/v2\/media?parent=42107"}],"wp:term":[{"taxonomy":"category","embeddable":true,"href":"http:\/\/elterritorialweb.com.ar\/web\/wp-json\/wp\/v2\/categories?post=42107"},{"taxonomy":"post_tag","embeddable":true,"href":"http:\/\/elterritorialweb.com.ar\/web\/wp-json\/wp\/v2\/tags?post=42107"}],"curies":[{"name":"wp","href":"https:\/\/api.w.org\/{rel}","templated":true}]}}