{"id":42124,"date":"2022-07-10T23:28:49","date_gmt":"2022-07-10T23:28:49","guid":{"rendered":"http:\/\/elterritorialweb.com.ar\/web\/?p=42124"},"modified":"2022-07-10T23:28:50","modified_gmt":"2022-07-10T23:28:50","slug":"racing-le-gano-a-independiente-y-se-adueno-del-clasico-de-avellaneda","status":"publish","type":"post","link":"http:\/\/elterritorialweb.com.ar\/web\/racing-le-gano-a-independiente-y-se-adueno-del-clasico-de-avellaneda\/","title":{"rendered":"RACING LE GAN\u00d3 A INDEPENDIENTE Y SE ADUE\u00d1\u00d3 DEL CL\u00c1SICO DE AVELLANEDA"},"content":{"rendered":"\n<p>Racing Club se impuso por 1 a 0 ante Independiente en el cl\u00e1sico de Avellaneda, jugado este domingo en el estadio Presidente Per\u00f3n y v\u00e1lido por la s\u00e9ptima jornada de la Liga Profesional de F\u00fatbol (LPF).<\/p>\n\n\n\n<p>El gol del triunfo fue anotado por el delantero Gabriel Hauche, a los ocho minutos de la primera etapa, mediante una acrob\u00e1tica chilena.<\/p>\n\n\n\n<figure class=\"wp-block-image size-full\"><a href=\"https:\/\/i0.wp.com\/elterritorialweb.com.ar\/web\/wp-content\/uploads\/2022\/07\/FXU-t0iXkAcc0gi.jpeg\"><img data-recalc-dims=\"1\" decoding=\"async\" width=\"640\" height=\"427\" data-src=\"https:\/\/i0.wp.com\/elterritorialweb.com.ar\/web\/wp-content\/uploads\/2022\/07\/FXU-t0iXkAcc0gi.jpeg?resize=640%2C427\" alt=\"\" class=\"wp-image-42128 lazyload\" data-srcset=\"https:\/\/i0.wp.com\/elterritorialweb.com.ar\/web\/wp-content\/uploads\/2022\/07\/FXU-t0iXkAcc0gi.jpeg?w=680 680w, https:\/\/i0.wp.com\/elterritorialweb.com.ar\/web\/wp-content\/uploads\/2022\/07\/FXU-t0iXkAcc0gi.jpeg?resize=300%2C200 300w\" data-sizes=\"(max-width: 640px) 100vw, 640px\" src=\"data:image\/svg+xml;base64,PHN2ZyB3aWR0aD0iMSIgaGVpZ2h0PSIxIiB4bWxucz0iaHR0cDovL3d3dy53My5vcmcvMjAwMC9zdmciPjwvc3ZnPg==\" style=\"--smush-placeholder-width: 640px; --smush-placeholder-aspect-ratio: 640\/427;\" \/><\/a><\/figure>\n\n\n\n<p>La victoria dej\u00f3 a Racing en la tercera ubicaci\u00f3n con 13 puntos (al igual que Platense y Uni\u00f3n de Santa Fe), a dos de Newell&#8217;s Old Boys (15), mientras que Independiente, a ra\u00edz de la derrota, se mantiene con siete unidades.<\/p>\n\n\n\n<p>En el comienzo del partido, la visita arranc\u00f3 mejor con precisi\u00f3n y prolijidad en los pases, gracias a la buena labor de Iv\u00e1n Marcone y Lucas Romero como responsables de la circulaci\u00f3n de la pelota.<\/p>\n\n\n\n<figure class=\"wp-block-image size-full\"><a href=\"https:\/\/i0.wp.com\/elterritorialweb.com.ar\/web\/wp-content\/uploads\/2022\/07\/FXU80rfWIAI7JP5.jpeg\"><img data-recalc-dims=\"1\" decoding=\"async\" width=\"640\" height=\"402\" data-src=\"https:\/\/i0.wp.com\/elterritorialweb.com.ar\/web\/wp-content\/uploads\/2022\/07\/FXU80rfWIAI7JP5.jpeg?resize=640%2C402\" alt=\"\" class=\"wp-image-42127 lazyload\" data-srcset=\"https:\/\/i0.wp.com\/elterritorialweb.com.ar\/web\/wp-content\/uploads\/2022\/07\/FXU80rfWIAI7JP5.jpeg?w=680 680w, https:\/\/i0.wp.com\/elterritorialweb.com.ar\/web\/wp-content\/uploads\/2022\/07\/FXU80rfWIAI7JP5.jpeg?resize=300%2C188 300w, https:\/\/i0.wp.com\/elterritorialweb.com.ar\/web\/wp-content\/uploads\/2022\/07\/FXU80rfWIAI7JP5.jpeg?resize=540%2C340 540w, https:\/\/i0.wp.com\/elterritorialweb.com.ar\/web\/wp-content\/uploads\/2022\/07\/FXU80rfWIAI7JP5.jpeg?resize=400%2C250 400w\" data-sizes=\"(max-width: 640px) 100vw, 640px\" src=\"data:image\/svg+xml;base64,PHN2ZyB3aWR0aD0iMSIgaGVpZ2h0PSIxIiB4bWxucz0iaHR0cDovL3d3dy53My5vcmcvMjAwMC9zdmciPjwvc3ZnPg==\" style=\"--smush-placeholder-width: 640px; --smush-placeholder-aspect-ratio: 640\/402;\" \/><\/a><\/figure>\n\n\n\n<p>Racing, por su parte, estuvo inc\u00f3modo para manejar la pelota, aunque por momentos insinu\u00f3 por derecha con Facundo Mura y Gabriel Hauche.<\/p>\n\n\n\n<p>A los 8 minutos, un c\u00f3rner de Vecchio desde la derecha fue desviado de cabeza por Sigali, la pelota le qued\u00f3 alta al \u00abDemonio\u00bb Hauche, quien ensay\u00f3 una chilena para la apertura del marcador.<\/p>\n\n\n\n<figure class=\"wp-block-image size-full\"><a href=\"https:\/\/i0.wp.com\/elterritorialweb.com.ar\/web\/wp-content\/uploads\/2022\/07\/FXVEcoZXEAIfTYe.jpeg\"><img data-recalc-dims=\"1\" decoding=\"async\" width=\"640\" height=\"420\" data-src=\"https:\/\/i0.wp.com\/elterritorialweb.com.ar\/web\/wp-content\/uploads\/2022\/07\/FXVEcoZXEAIfTYe.jpeg?resize=640%2C420\" alt=\"\" class=\"wp-image-42126 lazyload\" data-srcset=\"https:\/\/i0.wp.com\/elterritorialweb.com.ar\/web\/wp-content\/uploads\/2022\/07\/FXVEcoZXEAIfTYe.jpeg?w=680 680w, https:\/\/i0.wp.com\/elterritorialweb.com.ar\/web\/wp-content\/uploads\/2022\/07\/FXVEcoZXEAIfTYe.jpeg?resize=300%2C197 300w\" data-sizes=\"(max-width: 640px) 100vw, 640px\" src=\"data:image\/svg+xml;base64,PHN2ZyB3aWR0aD0iMSIgaGVpZ2h0PSIxIiB4bWxucz0iaHR0cDovL3d3dy53My5vcmcvMjAwMC9zdmciPjwvc3ZnPg==\" style=\"--smush-placeholder-width: 640px; --smush-placeholder-aspect-ratio: 640\/420;\" \/><\/a><\/figure>\n\n\n\n<p>El gol en contra hizo despertar a la visita, que no sinti\u00f3 el golpe y sigui\u00f3 buscando el arco rival con un correcto manejo de la pelota, pero con poca profundidad, sin ser vertical y sin incomodar al arquero Gast\u00f3n \u00abChila\u00bb G\u00f3mez.<\/p>\n\n\n\n<p>El \u00abRojo\u00bb se fue desinflando futbol\u00edsticamente de a poco y se mostr\u00f3 flojo en defensa cada vez que lleg\u00f3 la \u00abAcademia\u00bb, equipo que se fortaleci\u00f3 en el mediocampo y en ataque, sector en el que pudo ser vertical y generar varias situaciones de peligro.<\/p>\n\n\n\n<figure class=\"wp-block-image size-full\"><a href=\"https:\/\/i0.wp.com\/elterritorialweb.com.ar\/web\/wp-content\/uploads\/2022\/07\/FXU_9pJXkAYv96S.jpeg\"><img data-recalc-dims=\"1\" decoding=\"async\" width=\"640\" height=\"427\" data-src=\"https:\/\/i0.wp.com\/elterritorialweb.com.ar\/web\/wp-content\/uploads\/2022\/07\/FXU_9pJXkAYv96S.jpeg?resize=640%2C427\" alt=\"\" class=\"wp-image-42125 lazyload\" data-srcset=\"https:\/\/i0.wp.com\/elterritorialweb.com.ar\/web\/wp-content\/uploads\/2022\/07\/FXU_9pJXkAYv96S.jpeg?w=679 679w, https:\/\/i0.wp.com\/elterritorialweb.com.ar\/web\/wp-content\/uploads\/2022\/07\/FXU_9pJXkAYv96S.jpeg?resize=300%2C200 300w\" data-sizes=\"(max-width: 640px) 100vw, 640px\" src=\"data:image\/svg+xml;base64,PHN2ZyB3aWR0aD0iMSIgaGVpZ2h0PSIxIiB4bWxucz0iaHR0cDovL3d3dy53My5vcmcvMjAwMC9zdmciPjwvc3ZnPg==\" style=\"--smush-placeholder-width: 640px; --smush-placeholder-aspect-ratio: 640\/427;\" \/><\/a><\/figure>\n\n\n\n<p>En el comienzo de la segunda etapa, los dirigidos por el entrenador Eduardo Dom\u00ednguez salieron obligados a intentar dar vuelta el resultado. Y con m\u00e1s ganas que f\u00fatbol crearon algunas chances con buenas intervenciones de G\u00f3mez.<\/p>\n\n\n\n<p>El desarrollo del partido, al igual que los primeros 45 minutos, fue friccionado y jugado \u00abcuerpo a cuerpo\u00bb, t\u00edpico de cl\u00e1sico, en el que Racing se defendi\u00f3 sin tener la pelota en su poder, mientras que Independiente busc\u00f3 el empate sin la claridad necesaria.<\/p>\n\n\n\n<p>Hasta el \u00faltimo minuto de juego, el elenco visitante busc\u00f3 el empate, sin criterio y con ganas, ante un conjunto \u00abalbiceleste\u00bb que se hizo fuerte en defensa y se qued\u00f3 con tres puntos vitales para continuar cerca de la cima.<\/p>\n\n\n\n<p>En la pr\u00f3xima jornada (8va.) Racing visitar\u00e1 a Newells Old Boys, mientras que Independiente recibir\u00e1 a Rosario Central. Ambos partidos se disputar\u00e1n el s\u00e1bado entrante.<\/p>\n","protected":false},"excerpt":{"rendered":"<p>Con gol de Gabriel Hauche a los 9 minutos del primer tiempo, el equipo de Fernando Gago venci\u00f3 por 1 a 0 al Rojo en el estadio Presidente Per\u00f3n de Avellaneda.<\/p>\n","protected":false},"author":2,"featured_media":42129,"comment_status":"open","ping_status":"open","sticky":false,"template":"","format":"standard","meta":{"om_disable_all_campaigns":false,"_monsterinsights_skip_tracking":false,"_monsterinsights_sitenote_active":false,"_monsterinsights_sitenote_note":"","_monsterinsights_sitenote_category":0,"_uf_show_specific_survey":0,"_uf_disable_surveys":false,"jetpack_post_was_ever_published":false,"_jetpack_newsletter_access":"","_jetpack_dont_email_post_to_subs":false,"_jetpack_newsletter_tier_id":0,"_jetpack_memberships_contains_paywalled_content":false,"_jetpack_memberships_contains_paid_content":false,"footnotes":"","jetpack_publicize_message":"","jetpack_publicize_feature_enabled":true,"jetpack_social_post_already_shared":false,"jetpack_social_options":{"image_generator_settings":{"template":"highway","default_image_id":0,"font":"","enabled":false},"version":2}},"categories":[6],"tags":[],"class_list":["post-42124","post","type-post","status-publish","format-standard","has-post-thumbnail","hentry","category-deportes"],"aioseo_notices":[],"views":10,"jetpack_publicize_connections":[],"jetpack_featured_media_url":"https:\/\/i0.wp.com\/elterritorialweb.com.ar\/web\/wp-content\/uploads\/2022\/07\/FXVOR7JXoAE4uiw.jpeg?fit=680%2C462","jetpack_sharing_enabled":true,"_links":{"self":[{"href":"http:\/\/elterritorialweb.com.ar\/web\/wp-json\/wp\/v2\/posts\/42124","targetHints":{"allow":["GET"]}}],"collection":[{"href":"http:\/\/elterritorialweb.com.ar\/web\/wp-json\/wp\/v2\/posts"}],"about":[{"href":"http:\/\/elterritorialweb.com.ar\/web\/wp-json\/wp\/v2\/types\/post"}],"author":[{"embeddable":true,"href":"http:\/\/elterritorialweb.com.ar\/web\/wp-json\/wp\/v2\/users\/2"}],"replies":[{"embeddable":true,"href":"http:\/\/elterritorialweb.com.ar\/web\/wp-json\/wp\/v2\/comments?post=42124"}],"version-history":[{"count":1,"href":"http:\/\/elterritorialweb.com.ar\/web\/wp-json\/wp\/v2\/posts\/42124\/revisions"}],"predecessor-version":[{"id":42130,"href":"http:\/\/elterritorialweb.com.ar\/web\/wp-json\/wp\/v2\/posts\/42124\/revisions\/42130"}],"wp:featuredmedia":[{"embeddable":true,"href":"http:\/\/elterritorialweb.com.ar\/web\/wp-json\/wp\/v2\/media\/42129"}],"wp:attachment":[{"href":"http:\/\/elterritorialweb.com.ar\/web\/wp-json\/wp\/v2\/media?parent=42124"}],"wp:term":[{"taxonomy":"category","embeddable":true,"href":"http:\/\/elterritorialweb.com.ar\/web\/wp-json\/wp\/v2\/categories?post=42124"},{"taxonomy":"post_tag","embeddable":true,"href":"http:\/\/elterritorialweb.com.ar\/web\/wp-json\/wp\/v2\/tags?post=42124"}],"curies":[{"name":"wp","href":"https:\/\/api.w.org\/{rel}","templated":true}]}}