{"id":42141,"date":"2022-07-11T01:44:58","date_gmt":"2022-07-11T01:44:58","guid":{"rendered":"http:\/\/elterritorialweb.com.ar\/web\/?p=42141"},"modified":"2022-07-11T01:51:25","modified_gmt":"2022-07-11T01:51:25","slug":"en-la-ultima-semana-se-reportaron-31-845-casos-positivos-de-coronavirus-en-el","status":"publish","type":"post","link":"http:\/\/elterritorialweb.com.ar\/web\/en-la-ultima-semana-se-reportaron-31-845-casos-positivos-de-coronavirus-en-el\/","title":{"rendered":"EN LA \u00daLTIMA SEMANA, SE REPORTARON 31.845 CASOS POSITIVOS DE CORONAVIRUS EN ARGENTINA"},"content":{"rendered":"\n<p>El Ministerio de Salud report\u00f3 este domingo&nbsp;<strong>36 muertes por coronavirus y 31.845<\/strong> contagios en la \u00faltima <strong>semana<\/strong> en la Argentina, lo que representa un 17% m\u00e1s de casos que el domingo pasado (27.154).<\/p>\n\n\n\n<p>De esta manera, suman 129.145 los fallecidos registrados oficialmente a nivel nacional y 9.426.171 los contagiados desde el inicio de la pandemia.<\/p>\n\n\n\n<p>Durante la \u00faltima semana murieron 16 personas en Buenos Aires, 5 en la Ciudad de Buenos Aires, 2 en Catamarca, 5 en Entre R\u00edos, 1 en Misiones, 3 en Neuqu\u00e9n, 2 en R\u00edo Negro, 1 en San Juan, y 2 en Tierra del Fuego.<\/p>\n\n\n\n<p>C\u00f3rdoba (-1), en tanto, reasign\u00f3 un caso que pertenece a otra jurisdicci\u00f3n.<\/p>\n\n\n\n<p>Seg\u00fan la \u00faltima actualizaci\u00f3n del Monitor P\u00fablico de Vacunaci\u00f3n, el total de dosis aplicadas asciende a 106.474.858, de los cuales 40.853.563 recibieron una dosis, 37.612.722 las dos, 3.107.273 una adicional y 24.881.147 una de refuerzo, mientras que las vacunas distribuidas a las jurisdicciones llegan a 114.183.509 y las donadas a 5.083.000.<\/p>\n\n\n\n<figure class=\"wp-block-embed is-type-rich is-provider-twitter wp-block-embed-twitter\"><div class=\"wp-block-embed__wrapper\">\n<div class=\"embed-twitter\"><blockquote class=\"twitter-tweet\" data-width=\"550\" data-dnt=\"true\"><p lang=\"es\" dir=\"ltr\">Situaci\u00f3n <a href=\"https:\/\/twitter.com\/hashtag\/COVID19?src=hash&amp;ref_src=twsrc%5Etfw\">#COVID19<\/a> en Argentina<br><br>Confirmados en la semana: 31.845<br>Total: 9.426.171 casos          <br><br>Fallecidos en la semana: 36<br>Total: 129.145<br><br>Ocupaci\u00f3n camas UTI: 393<br><br>Porcentaje ocupaci\u00f3n total camas UTI adulto: <br> <br>&#8211; Naci\u00f3n: 43,8%<br><br>Reporte completo\ud83d\udd3b<a href=\"https:\/\/t.co\/be4GiHOwpj\">https:\/\/t.co\/be4GiHOwpj<\/a><\/p>&mdash; Ministerio de Salud de la Naci\u00f3n (@MinSalud_Ar) <a href=\"https:\/\/twitter.com\/MinSalud_Ar\/status\/1546226376923123714?ref_src=twsrc%5Etfw\">July 10, 2022<\/a><\/blockquote><script async src=\"https:\/\/platform.twitter.com\/widgets.js\" charset=\"utf-8\"><\/script><\/div>\n<\/div><\/figure>\n","protected":false},"excerpt":{"rendered":"<p>La cartera sanitaria indic\u00f3 que son 393 los internados con Covid-19 en unidades de terapia intensiva, con un porcentaje de ocupaci\u00f3n de camas de adultos en el sector p\u00fablico y privado, para todas las patolog\u00edas, de 43,8% en Argentina.<\/p>\n","protected":false},"author":2,"featured_media":30654,"comment_status":"open","ping_status":"open","sticky":false,"template":"","format":"standard","meta":{"om_disable_all_campaigns":false,"_monsterinsights_skip_tracking":false,"_monsterinsights_sitenote_active":false,"_monsterinsights_sitenote_note":"","_monsterinsights_sitenote_category":0,"_uf_show_specific_survey":0,"_uf_disable_surveys":false,"jetpack_post_was_ever_published":false,"_jetpack_newsletter_access":"","_jetpack_dont_email_post_to_subs":false,"_jetpack_newsletter_tier_id":0,"_jetpack_memberships_contains_paywalled_content":false,"_jetpack_memberships_contains_paid_content":false,"footnotes":"","jetpack_publicize_message":"","jetpack_publicize_feature_enabled":true,"jetpack_social_post_already_shared":false,"jetpack_social_options":{"image_generator_settings":{"template":"highway","default_image_id":0,"font":"","enabled":false},"version":2}},"categories":[4,3],"tags":[],"class_list":["post-42141","post","type-post","status-publish","format-standard","has-post-thumbnail","hentry","category-destacadas","category-salud"],"aioseo_notices":[],"views":17,"jetpack_publicize_connections":[],"jetpack_featured_media_url":"https:\/\/i0.wp.com\/elterritorialweb.com.ar\/web\/wp-content\/uploads\/2021\/11\/NUEVOS-CASOS-23-DE-NOVIEMBRE.jpg?fit=680%2C386","jetpack_sharing_enabled":true,"_links":{"self":[{"href":"http:\/\/elterritorialweb.com.ar\/web\/wp-json\/wp\/v2\/posts\/42141","targetHints":{"allow":["GET"]}}],"collection":[{"href":"http:\/\/elterritorialweb.com.ar\/web\/wp-json\/wp\/v2\/posts"}],"about":[{"href":"http:\/\/elterritorialweb.com.ar\/web\/wp-json\/wp\/v2\/types\/post"}],"author":[{"embeddable":true,"href":"http:\/\/elterritorialweb.com.ar\/web\/wp-json\/wp\/v2\/users\/2"}],"replies":[{"embeddable":true,"href":"http:\/\/elterritorialweb.com.ar\/web\/wp-json\/wp\/v2\/comments?post=42141"}],"version-history":[{"count":4,"href":"http:\/\/elterritorialweb.com.ar\/web\/wp-json\/wp\/v2\/posts\/42141\/revisions"}],"predecessor-version":[{"id":42145,"href":"http:\/\/elterritorialweb.com.ar\/web\/wp-json\/wp\/v2\/posts\/42141\/revisions\/42145"}],"wp:featuredmedia":[{"embeddable":true,"href":"http:\/\/elterritorialweb.com.ar\/web\/wp-json\/wp\/v2\/media\/30654"}],"wp:attachment":[{"href":"http:\/\/elterritorialweb.com.ar\/web\/wp-json\/wp\/v2\/media?parent=42141"}],"wp:term":[{"taxonomy":"category","embeddable":true,"href":"http:\/\/elterritorialweb.com.ar\/web\/wp-json\/wp\/v2\/categories?post=42141"},{"taxonomy":"post_tag","embeddable":true,"href":"http:\/\/elterritorialweb.com.ar\/web\/wp-json\/wp\/v2\/tags?post=42141"}],"curies":[{"name":"wp","href":"https:\/\/api.w.org\/{rel}","templated":true}]}}