{"id":42147,"date":"2022-07-11T01:55:47","date_gmt":"2022-07-11T01:55:47","guid":{"rendered":"http:\/\/elterritorialweb.com.ar\/web\/?p=42147"},"modified":"2022-07-11T02:25:51","modified_gmt":"2022-07-11T02:25:51","slug":"coronavirus-en-santiago-se-confirmaron-152-casos-positivos-en-la-ultima-semana-en-la-provincia","status":"publish","type":"post","link":"http:\/\/elterritorialweb.com.ar\/web\/coronavirus-en-santiago-se-confirmaron-152-casos-positivos-en-la-ultima-semana-en-la-provincia\/","title":{"rendered":"CORONAVIRUS EN SANTIAGO: SE CONFIRMARON 152 CASOS POSITIVOS EN LA \u00daLTIMA SEMANA EN LA PROVINCIA"},"content":{"rendered":"\n<p>Del pasado 3 hasta el 9 de julio, Santiago del Estero confirm\u00f3 152 casos positivos de coronavirus. El porcentaje de camas UTI-UCI es de 2% y no hay ocupaci\u00f3n en leves y moderados. As\u00ed lo inform\u00f3 el Comit\u00e9 Operativo de Emergencia en el \u00faltimo informe epidemiol\u00f3gico.<\/p>\n\n\n\n<p>Tambi\u00e9n recordaron que sigue vigente el pase sanitario con el objetivo de generar condiciones seguras y cuidadas de acceso a diferentes actividades y eventos masivos tanto p\u00fablico como privados, en espacios abiertos y cerrados, se instrumento el Pase Sanitario, que consiste en la acreditaci\u00f3n del esquema completo de vacunaci\u00f3n contra Covid-19.<\/p>\n\n\n\n<p><strong>#Se recuerda:<\/strong><br>&#8211; que el horario de circulaci\u00f3n es sin restricciones.<br>&#8211; que contin\u00faa siendo obligatorio el uso del barbijo en espacios cerrados, en el transporte de colectivos y radio taxis, como en cualquier lugar p\u00fablico abierto donde exista aglomeraci\u00f3n de personas, tales c\u00f3mo paradas de colectivos, colas en cajeros, etc . No siendo obligatorio &nbsp;en la v\u00eda p\u00fablica cuando alguien &nbsp;circule solo, &nbsp;o junto a personas de su grupo conviviente.<\/p>\n\n\n\n<p><strong>#Aislamiento:<\/strong><br>&#8211; Personas con COVID-19 positivo y convivientes con esquema completo de vacunaci\u00f3n (7 d\u00edas), contacto estrecho no conviviente con esquema completo de vacunaci\u00f3n (5 d\u00edas),<br>&#8211; Personas con COVID-19 positivo, contacto estrecho conviviente\/no convivientes con esquema incompleto de vacunaci\u00f3n (10 d\u00edas)<br><br><strong>#Por \u00faltimo, el COE informa a toda la poblaci\u00f3n:<\/strong><br>a) que se monitorean semanalmente los resultados de las muestras de hisopados, a &nbsp;los fines de realizar una vigilancia genomica del SARS-COV-2 &nbsp;para identificar las variantes que circulan en nuestra &nbsp;provincia.<br>b) es fundamental en este momento, que todos los santiague\u00f1os mayores de 18 a\u00f1os concurran a vacunarse con &nbsp;las 2\u00b0 &nbsp;y 3\u00b0 dosis seg\u00fan corresponda y los ni\u00f1os de 3 a 12 a\u00f1os, &nbsp;adolescentes y jovenes de 13 a 17 a\u00f1os las primeras o segundas dosis de las vacunas contra el Covid 19; existiendo VACUNATORIOS PERMANENTES en todas las localidades, adem\u00e1s de las convocatorias masivas a trav\u00e9s de calendarios que se vienen realizando.<br>* Se solicita a &nbsp;todas las personas que est\u00e1n en condiciones de hacerlo, se apliquen las dosis de refuerzo; que se encuentran disponibles en los vacunatorios permanentes, para tener la suficiente inmunidad y as\u00ed evitar que se propaguen los contagios y las &nbsp;internaciones con s\u00edntomas graves\u201d.<\/p>\n","protected":false},"excerpt":{"rendered":"<p>As\u00ed lo inform\u00f3 el COE en el \u00faltimo informe epidemiol\u00f3gico.<\/p>\n","protected":false},"author":2,"featured_media":42150,"comment_status":"open","ping_status":"open","sticky":false,"template":"","format":"standard","meta":{"om_disable_all_campaigns":false,"_monsterinsights_skip_tracking":false,"_monsterinsights_sitenote_active":false,"_monsterinsights_sitenote_note":"","_monsterinsights_sitenote_category":0,"_uf_show_specific_survey":0,"_uf_disable_surveys":false,"jetpack_post_was_ever_published":false,"_jetpack_newsletter_access":"","_jetpack_dont_email_post_to_subs":false,"_jetpack_newsletter_tier_id":0,"_jetpack_memberships_contains_paywalled_content":false,"_jetpack_memberships_contains_paid_content":false,"footnotes":"","jetpack_publicize_message":"","jetpack_publicize_feature_enabled":true,"jetpack_social_post_already_shared":false,"jetpack_social_options":{"image_generator_settings":{"template":"highway","default_image_id":0,"font":"","enabled":false},"version":2}},"categories":[4,3],"tags":[],"class_list":["post-42147","post","type-post","status-publish","format-standard","has-post-thumbnail","hentry","category-destacadas","category-salud"],"aioseo_notices":[],"views":11,"jetpack_publicize_connections":[],"jetpack_featured_media_url":"https:\/\/i0.wp.com\/elterritorialweb.com.ar\/web\/wp-content\/uploads\/2022\/07\/IMG_20220706_104736_7542-scaled.jpg?fit=2560%2C2272","jetpack_sharing_enabled":true,"_links":{"self":[{"href":"http:\/\/elterritorialweb.com.ar\/web\/wp-json\/wp\/v2\/posts\/42147","targetHints":{"allow":["GET"]}}],"collection":[{"href":"http:\/\/elterritorialweb.com.ar\/web\/wp-json\/wp\/v2\/posts"}],"about":[{"href":"http:\/\/elterritorialweb.com.ar\/web\/wp-json\/wp\/v2\/types\/post"}],"author":[{"embeddable":true,"href":"http:\/\/elterritorialweb.com.ar\/web\/wp-json\/wp\/v2\/users\/2"}],"replies":[{"embeddable":true,"href":"http:\/\/elterritorialweb.com.ar\/web\/wp-json\/wp\/v2\/comments?post=42147"}],"version-history":[{"count":1,"href":"http:\/\/elterritorialweb.com.ar\/web\/wp-json\/wp\/v2\/posts\/42147\/revisions"}],"predecessor-version":[{"id":42148,"href":"http:\/\/elterritorialweb.com.ar\/web\/wp-json\/wp\/v2\/posts\/42147\/revisions\/42148"}],"wp:featuredmedia":[{"embeddable":true,"href":"http:\/\/elterritorialweb.com.ar\/web\/wp-json\/wp\/v2\/media\/42150"}],"wp:attachment":[{"href":"http:\/\/elterritorialweb.com.ar\/web\/wp-json\/wp\/v2\/media?parent=42147"}],"wp:term":[{"taxonomy":"category","embeddable":true,"href":"http:\/\/elterritorialweb.com.ar\/web\/wp-json\/wp\/v2\/categories?post=42147"},{"taxonomy":"post_tag","embeddable":true,"href":"http:\/\/elterritorialweb.com.ar\/web\/wp-json\/wp\/v2\/tags?post=42147"}],"curies":[{"name":"wp","href":"https:\/\/api.w.org\/{rel}","templated":true}]}}