{"id":42152,"date":"2022-07-11T02:02:35","date_gmt":"2022-07-11T02:02:35","guid":{"rendered":"http:\/\/elterritorialweb.com.ar\/web\/?p=42152"},"modified":"2022-07-11T02:24:32","modified_gmt":"2022-07-11T02:24:32","slug":"42152-2","status":"publish","type":"post","link":"http:\/\/elterritorialweb.com.ar\/web\/42152-2\/","title":{"rendered":"OTRA DURA DERROTA SUFRI\u00d3 RIVER ANTE GODOY CRUZ EN EL MONUNENTAL"},"content":{"rendered":"\n<p>River Plate perdi\u00f3 este domingo con Godoy Cruz, de Mendoza, por 2 a 0, en el Monumental, en otro traspi\u00e9 en la Liga Profesional de F\u00fatbol, luego de la dolorosa eliminaci\u00f3n en los 8vos. de final de Copa Libertadores ante V\u00e9lez Sarsfield del mi\u00e9rcoles pasado.<\/p>\n\n\n\n<p>Mart\u00edn Ojeda y Gonzalo Abrego marcaron para el equipo mendocino que sufri\u00f3 la expulsi\u00f3n de Gianluca Ferrari, a falta de cinco minutos para la finalizaci\u00f3n del primer tiempo del partido v\u00e1lido por la s\u00e9ptima fecha del torneo.<\/p>\n\n\n\n<figure class=\"wp-block-image size-large\"><a href=\"https:\/\/i0.wp.com\/elterritorialweb.com.ar\/web\/wp-content\/uploads\/2022\/07\/FXWFaevXkAMATcO.jpeg\"><img data-recalc-dims=\"1\" decoding=\"async\" width=\"640\" height=\"427\" data-src=\"https:\/\/i0.wp.com\/elterritorialweb.com.ar\/web\/wp-content\/uploads\/2022\/07\/FXWFaevXkAMATcO.jpeg?resize=640%2C427\" alt=\"\" class=\"wp-image-42163 lazyload\" data-srcset=\"https:\/\/i0.wp.com\/elterritorialweb.com.ar\/web\/wp-content\/uploads\/2022\/07\/FXWFaevXkAMATcO.jpeg?resize=1024%2C683 1024w, https:\/\/i0.wp.com\/elterritorialweb.com.ar\/web\/wp-content\/uploads\/2022\/07\/FXWFaevXkAMATcO.jpeg?resize=300%2C200 300w, https:\/\/i0.wp.com\/elterritorialweb.com.ar\/web\/wp-content\/uploads\/2022\/07\/FXWFaevXkAMATcO.jpeg?resize=768%2C512 768w, https:\/\/i0.wp.com\/elterritorialweb.com.ar\/web\/wp-content\/uploads\/2022\/07\/FXWFaevXkAMATcO.jpeg?w=1500 1500w, https:\/\/i0.wp.com\/elterritorialweb.com.ar\/web\/wp-content\/uploads\/2022\/07\/FXWFaevXkAMATcO.jpeg?w=1280 1280w\" data-sizes=\"(max-width: 640px) 100vw, 640px\" src=\"data:image\/svg+xml;base64,PHN2ZyB3aWR0aD0iMSIgaGVpZ2h0PSIxIiB4bWxucz0iaHR0cDovL3d3dy53My5vcmcvMjAwMC9zdmciPjwvc3ZnPg==\" style=\"--smush-placeholder-width: 640px; --smush-placeholder-aspect-ratio: 640\/427;\" \/><\/a><\/figure>\n\n\n\n<p>El club de N\u00fa\u00f1ez acumul\u00f3 la segunda derrota consecutiva, luego del 3-2 ante Hurac\u00e1n, y se qued\u00f3 con 8 puntos, fuera de la zona de clasificaci\u00f3n para la Copa Libertadores 2023.<\/p>\n\n\n\n<p>Godoy Cruz obtuvo un valioso triunfo en su lucha por mantenerse en primera divisi\u00f3n y con 13 unidades escal\u00f3 a las posiciones principales.<\/p>\n\n\n\n<figure class=\"wp-block-image size-large\"><a href=\"https:\/\/i0.wp.com\/elterritorialweb.com.ar\/web\/wp-content\/uploads\/2022\/07\/FXWFa1tWIAE7ySL.jpeg\"><img data-recalc-dims=\"1\" decoding=\"async\" width=\"640\" height=\"427\" data-src=\"https:\/\/i0.wp.com\/elterritorialweb.com.ar\/web\/wp-content\/uploads\/2022\/07\/FXWFa1tWIAE7ySL.jpeg?resize=640%2C427\" alt=\"\" class=\"wp-image-42162 lazyload\" data-srcset=\"https:\/\/i0.wp.com\/elterritorialweb.com.ar\/web\/wp-content\/uploads\/2022\/07\/FXWFa1tWIAE7ySL.jpeg?resize=1024%2C683 1024w, https:\/\/i0.wp.com\/elterritorialweb.com.ar\/web\/wp-content\/uploads\/2022\/07\/FXWFa1tWIAE7ySL.jpeg?resize=300%2C200 300w, https:\/\/i0.wp.com\/elterritorialweb.com.ar\/web\/wp-content\/uploads\/2022\/07\/FXWFa1tWIAE7ySL.jpeg?resize=768%2C512 768w, https:\/\/i0.wp.com\/elterritorialweb.com.ar\/web\/wp-content\/uploads\/2022\/07\/FXWFa1tWIAE7ySL.jpeg?w=1500 1500w, https:\/\/i0.wp.com\/elterritorialweb.com.ar\/web\/wp-content\/uploads\/2022\/07\/FXWFa1tWIAE7ySL.jpeg?w=1280 1280w\" data-sizes=\"(max-width: 640px) 100vw, 640px\" src=\"data:image\/svg+xml;base64,PHN2ZyB3aWR0aD0iMSIgaGVpZ2h0PSIxIiB4bWxucz0iaHR0cDovL3d3dy53My5vcmcvMjAwMC9zdmciPjwvc3ZnPg==\" style=\"--smush-placeholder-width: 640px; --smush-placeholder-aspect-ratio: 640\/427;\" \/><\/a><\/figure>\n\n\n\n<p>La gran diferencia estuvo en el primer tiempo cuando Godoy Cruz, en una r\u00e1faga, se puso en ventaja por duplicado en un Monumental colmado y acentu\u00f3 lo insinuado en los primeros minutos.<\/p>\n\n\n\n<p>Ojeda sac\u00f3 provecho de un pase en profundidad y defini\u00f3 al primer palo defendido por Franco Armani. El asistente Juan Manuel Vel\u00e1zquez levant\u00f3 la bandera y Nicol\u00e1s Lamolina sancion\u00f3 fuera de juego, pero la revisi\u00f3n del VAR hizo justicia; Ojeda estaba habilitado.<\/p>\n\n\n\n<figure class=\"wp-block-image size-full\"><a href=\"https:\/\/i0.wp.com\/elterritorialweb.com.ar\/web\/wp-content\/uploads\/2022\/07\/FXV7TkuX0AAXKOD.jpeg\"><img data-recalc-dims=\"1\" decoding=\"async\" width=\"640\" height=\"426\" data-src=\"https:\/\/i0.wp.com\/elterritorialweb.com.ar\/web\/wp-content\/uploads\/2022\/07\/FXV7TkuX0AAXKOD.jpeg?resize=640%2C426\" alt=\"\" class=\"wp-image-42160 lazyload\" data-srcset=\"https:\/\/i0.wp.com\/elterritorialweb.com.ar\/web\/wp-content\/uploads\/2022\/07\/FXV7TkuX0AAXKOD.jpeg?w=680 680w, https:\/\/i0.wp.com\/elterritorialweb.com.ar\/web\/wp-content\/uploads\/2022\/07\/FXV7TkuX0AAXKOD.jpeg?resize=300%2C200 300w\" data-sizes=\"(max-width: 640px) 100vw, 640px\" src=\"data:image\/svg+xml;base64,PHN2ZyB3aWR0aD0iMSIgaGVpZ2h0PSIxIiB4bWxucz0iaHR0cDovL3d3dy53My5vcmcvMjAwMC9zdmciPjwvc3ZnPg==\" style=\"--smush-placeholder-width: 640px; --smush-placeholder-aspect-ratio: 640\/426;\" \/><\/a><\/figure>\n\n\n\n<p>Minutos despu\u00e9s, Godoy Cruz ahond\u00f3 el desconcierto de River con el tanto de Abrego, quien apareci\u00f3 en soledad para definir en el \u00e1rea chica a trav\u00e9s de un centro por el sector izquierdo.<\/p>\n\n\n\n<p>Los pases imprecisos fueron una constante en un River que ya no tuvo a Juli\u00e1n \u00c1lvarez (fue presentado en Manchester City) y Enzo Fern\u00e1ndez (el lunes viajar\u00e1 a Portugal para sumarse a Benfica).<\/p>\n\n\n\n<figure class=\"wp-block-image size-full\"><a href=\"https:\/\/i0.wp.com\/elterritorialweb.com.ar\/web\/wp-content\/uploads\/2022\/07\/FXWPRMRX0AIIaCz.jpeg\"><img data-recalc-dims=\"1\" decoding=\"async\" width=\"640\" height=\"426\" data-src=\"https:\/\/i0.wp.com\/elterritorialweb.com.ar\/web\/wp-content\/uploads\/2022\/07\/FXWPRMRX0AIIaCz.jpeg?resize=640%2C426\" alt=\"\" class=\"wp-image-42159 lazyload\" data-srcset=\"https:\/\/i0.wp.com\/elterritorialweb.com.ar\/web\/wp-content\/uploads\/2022\/07\/FXWPRMRX0AIIaCz.jpeg?w=680 680w, https:\/\/i0.wp.com\/elterritorialweb.com.ar\/web\/wp-content\/uploads\/2022\/07\/FXWPRMRX0AIIaCz.jpeg?resize=300%2C200 300w\" data-sizes=\"(max-width: 640px) 100vw, 640px\" src=\"data:image\/svg+xml;base64,PHN2ZyB3aWR0aD0iMSIgaGVpZ2h0PSIxIiB4bWxucz0iaHR0cDovL3d3dy53My5vcmcvMjAwMC9zdmciPjwvc3ZnPg==\" style=\"--smush-placeholder-width: 640px; --smush-placeholder-aspect-ratio: 640\/426;\" \/><\/a><\/figure>\n\n\n\n<p>Adem\u00e1s, Godoy Cruz cerr\u00f3 la proyecci\u00f3n de Milton Casco y cort\u00f3 el circuito de juego entre Enzo P\u00e9rez y Nicol\u00e1s De La Cruz. S\u00f3lo Rodrigo Aliendro, expulsado en tiempo cumplido por revisi\u00f3n del VAR, se mostr\u00f3 como una salida, pero le falt\u00f3 compa\u00f1\u00eda.<\/p>\n\n\n\n<p>La primera llegada de River en el primer tiempo ocurri\u00f3 reci\u00e9n a los 45 minutos con un remate cruzado del solitario Lucas Beltr\u00e1n.<\/p>\n\n\n\n<p>En ese entonces, Godoy Cruz ya jugaba con uno menos por la doble amarilla a Ferrari debido a una fuerte infracci\u00f3n a Aliendro y a la posterior protesta.<\/p>\n\n\n\n<figure class=\"wp-block-image size-full\"><a href=\"https:\/\/i0.wp.com\/elterritorialweb.com.ar\/web\/wp-content\/uploads\/2022\/07\/FXWAkK6XoAMrRkD.jpeg\"><img data-recalc-dims=\"1\" decoding=\"async\" width=\"640\" height=\"426\" data-src=\"https:\/\/i0.wp.com\/elterritorialweb.com.ar\/web\/wp-content\/uploads\/2022\/07\/FXWAkK6XoAMrRkD.jpeg?resize=640%2C426\" alt=\"\" class=\"wp-image-42158 lazyload\" data-srcset=\"https:\/\/i0.wp.com\/elterritorialweb.com.ar\/web\/wp-content\/uploads\/2022\/07\/FXWAkK6XoAMrRkD.jpeg?w=680 680w, https:\/\/i0.wp.com\/elterritorialweb.com.ar\/web\/wp-content\/uploads\/2022\/07\/FXWAkK6XoAMrRkD.jpeg?resize=300%2C200 300w\" data-sizes=\"(max-width: 640px) 100vw, 640px\" src=\"data:image\/svg+xml;base64,PHN2ZyB3aWR0aD0iMSIgaGVpZ2h0PSIxIiB4bWxucz0iaHR0cDovL3d3dy53My5vcmcvMjAwMC9zdmciPjwvc3ZnPg==\" style=\"--smush-placeholder-width: 640px; --smush-placeholder-aspect-ratio: 640\/426;\" \/><\/a><\/figure>\n\n\n\n<p>River sali\u00f3 en el segundo tiempo con cuatro cambios y otra actitud. El equipo de Marcelo Gallardo avanz\u00f3 unos metros en el campo, una tarea facilitada por un rival disminuido en su formaci\u00f3n.<\/p>\n\n\n\n<p>El arquero Diego Rodr\u00edguez se convirti\u00f3 en figura y sostuvo a Godoy Cruz en los remates de Paulo D\u00edaz: primero con un disparo de media distancia y luego con un cabezazo. Poco despu\u00e9s gener\u00f3 una gran atajada en otro intento de Beltr\u00e1n, esta vez de cabeza.<\/p>\n\n\n\n<p>Con Juan Fernando Quintero y Esequiel Barco, River tuvo m\u00e1s presencia en ataque. A eso le sum\u00f3 las proyecciones de Santiago Sim\u00f3n y Andr\u00e9s Herrera, pero le falto precisi\u00f3n en el \u00faltimo toque.<\/p>\n\n\n\n<figure class=\"wp-block-image size-large\"><a href=\"https:\/\/i0.wp.com\/elterritorialweb.com.ar\/web\/wp-content\/uploads\/2022\/07\/FXWFbHvXwAQJfqm.jpeg\"><img data-recalc-dims=\"1\" decoding=\"async\" width=\"640\" height=\"427\" data-src=\"https:\/\/i0.wp.com\/elterritorialweb.com.ar\/web\/wp-content\/uploads\/2022\/07\/FXWFbHvXwAQJfqm.jpeg?resize=640%2C427\" alt=\"\" class=\"wp-image-42166 lazyload\" data-srcset=\"https:\/\/i0.wp.com\/elterritorialweb.com.ar\/web\/wp-content\/uploads\/2022\/07\/FXWFbHvXwAQJfqm.jpeg?resize=1024%2C683 1024w, https:\/\/i0.wp.com\/elterritorialweb.com.ar\/web\/wp-content\/uploads\/2022\/07\/FXWFbHvXwAQJfqm.jpeg?resize=300%2C200 300w, https:\/\/i0.wp.com\/elterritorialweb.com.ar\/web\/wp-content\/uploads\/2022\/07\/FXWFbHvXwAQJfqm.jpeg?resize=768%2C512 768w, https:\/\/i0.wp.com\/elterritorialweb.com.ar\/web\/wp-content\/uploads\/2022\/07\/FXWFbHvXwAQJfqm.jpeg?w=1500 1500w, https:\/\/i0.wp.com\/elterritorialweb.com.ar\/web\/wp-content\/uploads\/2022\/07\/FXWFbHvXwAQJfqm.jpeg?w=1280 1280w\" data-sizes=\"(max-width: 640px) 100vw, 640px\" src=\"data:image\/svg+xml;base64,PHN2ZyB3aWR0aD0iMSIgaGVpZ2h0PSIxIiB4bWxucz0iaHR0cDovL3d3dy53My5vcmcvMjAwMC9zdmciPjwvc3ZnPg==\" style=\"--smush-placeholder-width: 640px; --smush-placeholder-aspect-ratio: 640\/427;\" \/><\/a><\/figure>\n\n\n\n<p>Godoy Cruz defendi\u00f3 con entereza y estuvo atento ante cualquier error de un River jugado en el retroceso que no pudo descontar, pese a la gran oportunidad de Beltr\u00e1n. Su remate dio en su compa\u00f1ero, Herrera, y se fue por encima del travesa\u00f1o.<\/p>\n\n\n\n<p>La hinchada de River, que acompa\u00f1\u00f3 en gran n\u00famero, alent\u00f3 a su equipo hasta el final aunque se retir\u00f3 preocupada por un primer tiempo muy discreto que no pudo ser disimulado por la entrega de la segunda etapa.<\/p>\n\n\n\n<p>En la pr\u00f3xima y octava fecha, River jugar\u00e1 como visitante ante V\u00e9lez y Godoy Cruz recibir\u00e1 a Lan\u00fas.<\/p>\n","protected":false},"excerpt":{"rendered":"<p>El Millonario, que viene de ser eliminado en la Copa Libertadores, cay\u00f3 como local ante el Tomba por 2 a 0, que logr\u00f3 la ventaja con goles Mart\u00edn Ojeda (21m PT) y Gonzalo Abrego (24m PT), en un partido que se jug\u00f3 en el estadio M\u00e1s Monumental. <\/p>\n","protected":false},"author":2,"featured_media":42161,"comment_status":"open","ping_status":"open","sticky":false,"template":"","format":"standard","meta":{"om_disable_all_campaigns":false,"_monsterinsights_skip_tracking":false,"_monsterinsights_sitenote_active":false,"_monsterinsights_sitenote_note":"","_monsterinsights_sitenote_category":0,"_uf_show_specific_survey":0,"_uf_disable_surveys":false,"jetpack_post_was_ever_published":false,"_jetpack_newsletter_access":"","_jetpack_dont_email_post_to_subs":false,"_jetpack_newsletter_tier_id":0,"_jetpack_memberships_contains_paywalled_content":false,"_jetpack_memberships_contains_paid_content":false,"footnotes":"","jetpack_publicize_message":"","jetpack_publicize_feature_enabled":true,"jetpack_social_post_already_shared":false,"jetpack_social_options":{"image_generator_settings":{"template":"highway","default_image_id":0,"font":"","enabled":false},"version":2}},"categories":[6],"tags":[],"class_list":["post-42152","post","type-post","status-publish","format-standard","has-post-thumbnail","hentry","category-deportes"],"aioseo_notices":[],"views":14,"jetpack_publicize_connections":[],"jetpack_featured_media_url":"https:\/\/i0.wp.com\/elterritorialweb.com.ar\/web\/wp-content\/uploads\/2022\/07\/FXWFbZNXoAA9bDy.jpeg?fit=1500%2C1000","jetpack_sharing_enabled":true,"_links":{"self":[{"href":"http:\/\/elterritorialweb.com.ar\/web\/wp-json\/wp\/v2\/posts\/42152","targetHints":{"allow":["GET"]}}],"collection":[{"href":"http:\/\/elterritorialweb.com.ar\/web\/wp-json\/wp\/v2\/posts"}],"about":[{"href":"http:\/\/elterritorialweb.com.ar\/web\/wp-json\/wp\/v2\/types\/post"}],"author":[{"embeddable":true,"href":"http:\/\/elterritorialweb.com.ar\/web\/wp-json\/wp\/v2\/users\/2"}],"replies":[{"embeddable":true,"href":"http:\/\/elterritorialweb.com.ar\/web\/wp-json\/wp\/v2\/comments?post=42152"}],"version-history":[{"count":6,"href":"http:\/\/elterritorialweb.com.ar\/web\/wp-json\/wp\/v2\/posts\/42152\/revisions"}],"predecessor-version":[{"id":42167,"href":"http:\/\/elterritorialweb.com.ar\/web\/wp-json\/wp\/v2\/posts\/42152\/revisions\/42167"}],"wp:featuredmedia":[{"embeddable":true,"href":"http:\/\/elterritorialweb.com.ar\/web\/wp-json\/wp\/v2\/media\/42161"}],"wp:attachment":[{"href":"http:\/\/elterritorialweb.com.ar\/web\/wp-json\/wp\/v2\/media?parent=42152"}],"wp:term":[{"taxonomy":"category","embeddable":true,"href":"http:\/\/elterritorialweb.com.ar\/web\/wp-json\/wp\/v2\/categories?post=42152"},{"taxonomy":"post_tag","embeddable":true,"href":"http:\/\/elterritorialweb.com.ar\/web\/wp-json\/wp\/v2\/tags?post=42152"}],"curies":[{"name":"wp","href":"https:\/\/api.w.org\/{rel}","templated":true}]}}