{"id":42170,"date":"2022-07-11T11:49:40","date_gmt":"2022-07-11T11:49:40","guid":{"rendered":"http:\/\/elterritorialweb.com.ar\/web\/?p=42170"},"modified":"2022-07-11T11:51:45","modified_gmt":"2022-07-11T11:51:45","slug":"habla-batakis-y-se-esperan-anuncios","status":"publish","type":"post","link":"http:\/\/elterritorialweb.com.ar\/web\/habla-batakis-y-se-esperan-anuncios\/","title":{"rendered":"HABLA BATAKIS Y SE ESPERAN ANUNCIOS"},"content":{"rendered":"\n<p>La ministra de Econom\u00eda, Silvina Batakis, ofrecer\u00e1 en la ma\u00f1ana de este lunes una conferencia de prensa<strong>&nbsp;\u00abpara dar a conocer los lineamientos de la ratificaci\u00f3n del programa\u00bb econ\u00f3mico y de las metas fiscales, junto a \u00abotras novedades\u00bb<\/strong>, se inform\u00f3 oficialmente.<\/p>\n\n\n\n<p>El encuentro con los medios est\u00e1 previsto a las 9 en el Palacio de Hacienda.<\/p>\n\n\n\n<p>Este domingo,\u00a0la funcionaria se reuni\u00f3 con el presidente Alberto Fern\u00e1ndez, a quien \u00able present\u00f3 las conclusiones de lo que hab\u00eda estado trabajando con su equipo: un plan de acci\u00f3n hacia adelante, el rumbo y el camino\u00bb en materia econ\u00f3mica, seg\u00fan cont\u00f3 a T\u00e9lam la portavoz de la Presidencia, Gabriela Cerruti.<\/p>\n\n\n\n<p>En ese marco,&nbsp;<strong>\u00abel Presidente estuvo de acuerdo en todo lo que le plante\u00f3 (Batakis) y le hizo unas sugerencias que fueron incorporadas por la ministra\u00bb<\/strong>, ampli\u00f3 Cerruti.<\/p>\n\n\n\n<p>En cuanto a la conferencia de prensa de la titular de Econom\u00eda, la portavoz dijo que ser\u00e1 \u00abpara dar a conocer los lineamientos de la ratificaci\u00f3n del programa econ\u00f3mico, de las metas fiscales y del rumbo que se viene sosteniendo, m\u00e1s algunas otras novedades\u00bb.<\/p>\n","protected":false},"excerpt":{"rendered":"<p>La portavoz del Gobierno anticip\u00f3 que ser\u00e1 \u00abpara dar a conocer los lineamientos de la ratificaci\u00f3n del programa econ\u00f3mico, de las metas fiscales y del rumbo que se viene sosteniendo, m\u00e1s algunas otras novedades\u00bb.<\/p>\n","protected":false},"author":2,"featured_media":42171,"comment_status":"open","ping_status":"open","sticky":false,"template":"","format":"standard","meta":{"om_disable_all_campaigns":false,"_monsterinsights_skip_tracking":false,"_monsterinsights_sitenote_active":false,"_monsterinsights_sitenote_note":"","_monsterinsights_sitenote_category":0,"_uf_show_specific_survey":0,"_uf_disable_surveys":false,"jetpack_post_was_ever_published":false,"_jetpack_newsletter_access":"","_jetpack_dont_email_post_to_subs":false,"_jetpack_newsletter_tier_id":0,"_jetpack_memberships_contains_paywalled_content":false,"_jetpack_memberships_contains_paid_content":false,"footnotes":"","jetpack_publicize_message":"","jetpack_publicize_feature_enabled":true,"jetpack_social_post_already_shared":false,"jetpack_social_options":{"image_generator_settings":{"template":"highway","default_image_id":0,"font":"","enabled":false},"version":2}},"categories":[2],"tags":[],"class_list":["post-42170","post","type-post","status-publish","format-standard","has-post-thumbnail","hentry","category-economia"],"aioseo_notices":[],"views":10,"jetpack_publicize_connections":[],"jetpack_featured_media_url":"https:\/\/i0.wp.com\/elterritorialweb.com.ar\/web\/wp-content\/uploads\/2022\/07\/silvina-batakis-1381512.jpg?fit=950%2C534","jetpack_sharing_enabled":true,"_links":{"self":[{"href":"http:\/\/elterritorialweb.com.ar\/web\/wp-json\/wp\/v2\/posts\/42170","targetHints":{"allow":["GET"]}}],"collection":[{"href":"http:\/\/elterritorialweb.com.ar\/web\/wp-json\/wp\/v2\/posts"}],"about":[{"href":"http:\/\/elterritorialweb.com.ar\/web\/wp-json\/wp\/v2\/types\/post"}],"author":[{"embeddable":true,"href":"http:\/\/elterritorialweb.com.ar\/web\/wp-json\/wp\/v2\/users\/2"}],"replies":[{"embeddable":true,"href":"http:\/\/elterritorialweb.com.ar\/web\/wp-json\/wp\/v2\/comments?post=42170"}],"version-history":[{"count":2,"href":"http:\/\/elterritorialweb.com.ar\/web\/wp-json\/wp\/v2\/posts\/42170\/revisions"}],"predecessor-version":[{"id":42173,"href":"http:\/\/elterritorialweb.com.ar\/web\/wp-json\/wp\/v2\/posts\/42170\/revisions\/42173"}],"wp:featuredmedia":[{"embeddable":true,"href":"http:\/\/elterritorialweb.com.ar\/web\/wp-json\/wp\/v2\/media\/42171"}],"wp:attachment":[{"href":"http:\/\/elterritorialweb.com.ar\/web\/wp-json\/wp\/v2\/media?parent=42170"}],"wp:term":[{"taxonomy":"category","embeddable":true,"href":"http:\/\/elterritorialweb.com.ar\/web\/wp-json\/wp\/v2\/categories?post=42170"},{"taxonomy":"post_tag","embeddable":true,"href":"http:\/\/elterritorialweb.com.ar\/web\/wp-json\/wp\/v2\/tags?post=42170"}],"curies":[{"name":"wp","href":"https:\/\/api.w.org\/{rel}","templated":true}]}}