{"id":42244,"date":"2022-07-12T22:57:37","date_gmt":"2022-07-12T22:57:37","guid":{"rendered":"http:\/\/elterritorialweb.com.ar\/web\/?p=42244"},"modified":"2022-07-13T01:38:40","modified_gmt":"2022-07-13T01:38:40","slug":"fernandez-seguimos-profundizando-los-lazos-entre-nuestros-pueblos","status":"publish","type":"post","link":"http:\/\/elterritorialweb.com.ar\/web\/fernandez-seguimos-profundizando-los-lazos-entre-nuestros-pueblos\/","title":{"rendered":"FERN\u00c1NDEZ: \u00abSEGUIMOS PROFUNDIZANDO LOS LAZOS ENTRE NUESTROS PUEBLOS\u00bb"},"content":{"rendered":"\n<p>El presidente Alberto Fern\u00e1ndez comparti\u00f3 en Casa de Gobierno un almuerzo con el exmandatario de Bolivia Evo Morales, quien se encuentra de visita en el pa\u00eds.<\/p>\n\n\n\n<p>Morales brind\u00f3 este lunes una\u00a0clase magistral en la Universidad Nacional de Rosario (UNR)\u00a0y luego tiene previstas actividades en el Instituto Patria y en la sede del Partido Justicialista.<\/p>\n\n\n\n<figure class=\"wp-block-image size-full is-resized\"><a href=\"https:\/\/i0.wp.com\/elterritorialweb.com.ar\/web\/wp-content\/uploads\/2022\/07\/EVO-1.jpg\"><img data-recalc-dims=\"1\" decoding=\"async\" data-src=\"https:\/\/i0.wp.com\/elterritorialweb.com.ar\/web\/wp-content\/uploads\/2022\/07\/EVO-1.jpg?resize=640%2C360\" alt=\"\" class=\"wp-image-42245 lazyload\" width=\"640\" height=\"360\" data-srcset=\"https:\/\/i0.wp.com\/elterritorialweb.com.ar\/web\/wp-content\/uploads\/2022\/07\/EVO-1.jpg?w=655 655w, https:\/\/i0.wp.com\/elterritorialweb.com.ar\/web\/wp-content\/uploads\/2022\/07\/EVO-1.jpg?resize=300%2C169 300w\" data-sizes=\"(max-width: 640px) 100vw, 640px\" src=\"data:image\/svg+xml;base64,PHN2ZyB3aWR0aD0iMSIgaGVpZ2h0PSIxIiB4bWxucz0iaHR0cDovL3d3dy53My5vcmcvMjAwMC9zdmciPjwvc3ZnPg==\" style=\"--smush-placeholder-width: 640px; --smush-placeholder-aspect-ratio: 640\/360;\" \/><\/a><\/figure>\n\n\n\n<p>El encuentro se dio, a su vez, en el marco del D\u00eda de la Confraternidad Argentino Boliviana, fecha en la que ambas naciones conmemoran el natalicio de la generala Juana Azurduy, hero\u00edna de la independencia latinoamericana.<\/p>\n\n\n\n<p>Tras el almuerzo, Fern\u00e1ndez escribi\u00f3 en su cuenta de Twitter: \u00abA 242 a\u00f1os del nacimiento de Juana Azurduy,\u00a0recordamos su valiente lucha por la independencia y la inquebrantable hermandad que desde entonces une a nuestros pueblos\u00bb.<\/p>\n\n\n\n<p>Y expres\u00f3: \u00abCon mucha alegr\u00eda y un fraternal abrazo, me reencontr\u00e9 con mi hermano @evoespueblo. En el D\u00eda de la Confraternidad Argentino-Boliviana, seguimos profundizando los lazos entre nuestros pueblos y fortaleciendo la democracia en Latinoam\u00e9rica\u00bb.<\/p>\n\n\n\n<p>Adem\u00e1s de Fern\u00e1ndez y el l\u00edder boliviano, participaron del encuentro la portavoz de la Presidencia, Gabriela Cerruti; el interventor de la Agencia Federal de Inteligencia (AFI), Agust\u00edn Rossi; el embajador designado en Venezuela, Oscar Laborde, y los diputados nacionales oficialistas Carlos Heller y Eduardo Vald\u00e9s.<\/p>\n\n\n\n<p>Heller, uno de los presentes en el almuerzo, calific\u00f3 de \u00abmuy lindo\u00bb y \u00abmuy bueno\u00bb el almuerzo, donde no se habl\u00f3 de algo \u00aben especial\u00bb, sino que \u00abfue una reuni\u00f3n social\u00bb.<\/p>\n\n\n\n<p>\u00abYo m\u00e1s bien escuch\u00e9\u00bb, dijo Heller a los periodistas acreditados en Casa de Gobierno, y cont\u00f3 que \u00abhubo mucha conversaci\u00f3n y an\u00e9cdotas que tuvieron que ver con el golpe de Bolivia, lo que le pas\u00f3 a Evo\u00bb, y de \u00abAlberto y su participaci\u00f3n en la salida\u00bb del por entonces Presidente boliviano en momentos en que peligraba su vida.<\/p>\n\n\n\n<p>\u00abHubo mucho alrededor de eso, fundamentalmente\u00bb, a\u00f1adi\u00f3 el legislador, al referirse a la asonada que puso en el poder a Jeanine \u00c1\u00f1ez.<\/p>\n\n\n\n<p>Morales hab\u00eda brindado ayer una clase magistral en la Universidad Nacional de Rosario (UNR), titulada \u00abPresente y futuro de Am\u00e9rica Latina\u00bb.<\/p>\n\n\n\n<p>\u00abAgradecemos a los hermanos que organizaron la clase magistral &#8216;Presente y Futuro de Am\u00e9rica Latina&#8217; en @UNRoficial, en Rosario\u00bb, escribi\u00f3 el exmandatario boliviano en su cuenta de Twitter.<\/p>\n\n\n\n<p><strong>\u00abVolver a Argentina nos alegra porque nos sentimos en la #PatriaGrande que sigue luchando por un futuro mejor para los pueblos con esperanza y solidaridad\u00bb,<\/strong>&nbsp;complet\u00f3.<\/p>\n\n\n\n<p>Y se mostr\u00f3 \u00abmuy emocionado y agradecido por el cari\u00f1o, respeto y reconocimiento de hermanas y hermanos argentinos\u00bb.<\/p>\n\n\n\n<figure class=\"wp-block-embed is-type-rich is-provider-twitter wp-block-embed-twitter\"><div class=\"wp-block-embed__wrapper\">\n<blockquote class=\"twitter-tweet\" data-width=\"550\" data-dnt=\"true\"><p lang=\"es\" dir=\"ltr\">Muy emocionado y agradecido por el cari\u00f1o, respeto y reconocimiento de hermanas y hermanos argentinos. Sus autoridades, representantes y participantes de los actos que compartimos en esta visita demuestran que la hermandad entre pueblos de Argentina y Bolivia es inquebrantable. <a href=\"https:\/\/t.co\/nXTXScNoAj\">pic.twitter.com\/nXTXScNoAj<\/a><\/p>&mdash; Evo Morales Ayma (@evoespueblo) <a href=\"https:\/\/twitter.com\/evoespueblo\/status\/1546846624542035968?ref_src=twsrc%5Etfw\">July 12, 2022<\/a><\/blockquote><script async src=\"https:\/\/platform.twitter.com\/widgets.js\" charset=\"utf-8\"><\/script>\n<\/div><\/figure>\n\n\n\n<p>\u00abSus autoridades, representantes y participantes de los actos que compartimos en esta visita demuestran que la hermandad entre pueblos de Argentina y Bolivia es inquebrantable\u00bb, agreg\u00f3.<\/p>\n\n\n\n<p>En ese sentido, Rossi hab\u00eda agradecido ayer a Morales \u00abpor venir\u00bb a Rosario y sostuvo que \u00abel sue\u00f1o de la Patria Grande nos une y nos moviliza\u00bb.<\/p>\n\n\n\n<p>Tambi\u00e9n ayer, en el marco de su visita el pa\u00eds,\u00a0<strong>Morales visit\u00f3 el municipio bonaerense de Pilar, acompa\u00f1ado por el intendente Federico Ach\u00e1val.<\/strong><\/p>\n\n\n\n<p>\u00abParticipamos conmovidos de la exhibici\u00f3n del documental &#8216;La vuelta de Evo&#8217;. Hermoso testimonio de la lucha que vivimos y vencimos como pueblo\u00bb, refiri\u00f3 el expresidente boliviano.<\/p>\n\n\n\n<p>Hoy, el ex jefe de Estado de Bolivia visit\u00f3 el estadio Antonio Vespucio Liberti, del club River Plate, donde hizo una recorrida por las instalaciones.<\/p>\n\n\n\n<p>\u00abEstamos impresionados al conocer el gran Estadio Monumental de @RiverPlate, orgullo para Am\u00e9rica Latina y el mundo, nos alegra que lo sigan mejorando\u00bb, indic\u00f3 Morales.<\/p>\n\n\n\n<p>\u00abEstamos felices tambi\u00e9n porque el Club nos reconfirm\u00f3 su presencia en el Campeonato Sudamericano Copa Evo 2022, categor\u00eda Sub-17\u00bb, concluy\u00f3 el exmandatario.<\/p>\n\n\n\n<p>M\u00e1s tarde,&nbsp;<strong>Morales particip\u00f3 de una actividad en el Instituto Patria, donde disert\u00f3 sobre \u00abLos movimientos nacionales y populares hoy en Am\u00e9rica Latina\u00bb.<\/strong><\/p>\n\n\n\n<p>El expresidente de Bolivia estuvo acompa\u00f1ado por el ministro de Desarrollo Territorial y H\u00e1bitat, Jorge Ferraresi; los senadores nacionales Mar\u00eda de los \u00c1ngeles Sacnun, Oscar Parrilli y Adolfo Rodr\u00edguez Sa\u00e1; la diputada nacional M\u00f3nica Macha; la cantautora y exministra de Cultura, Teresa Parodi, y el embajador de Cuba en la Argentina, Pedro Pablo Prada, entre otros.<\/p>\n\n\n\n<p><strong>Macha calific\u00f3 a Morales de \u00abHombre de la patria grande y la revoluci\u00f3n cotidiana\u00bb&nbsp;<\/strong>y ampli\u00f3 a trav\u00e9s de Twitter: \u00abEnorme alegr\u00eda tenerte en Argentina y habernos encontrado. Vamos a construir la Latinoam\u00e9rica hecha de sue\u00f1os y justicias sociales, liberada, de iguales, honrando nuestros linajes pol\u00edticos\u00bb.<\/p>\n","protected":false},"excerpt":{"rendered":"<p>\u00abCon mucha alegr\u00eda y un fraternal abrazo, me reencontr\u00e9 con mi hermano @evoespueblo. En el D\u00eda de la Confraternidad Argentino-Boliviana, seguimos profundizando los lazos entre nuestros pueblos y fortaleciendo la democracia en Latinoam\u00e9rica\u00bb, public\u00f3 el Presidente en redes sociales.<\/p>\n","protected":false},"author":2,"featured_media":42246,"comment_status":"open","ping_status":"open","sticky":false,"template":"","format":"standard","meta":{"om_disable_all_campaigns":false,"_monsterinsights_skip_tracking":false,"_monsterinsights_sitenote_active":false,"_monsterinsights_sitenote_note":"","_monsterinsights_sitenote_category":0,"_uf_show_specific_survey":0,"_uf_disable_surveys":false,"jetpack_post_was_ever_published":false,"_jetpack_newsletter_access":"","_jetpack_dont_email_post_to_subs":false,"_jetpack_newsletter_tier_id":0,"_jetpack_memberships_contains_paywalled_content":false,"_jetpack_memberships_contains_paid_content":false,"footnotes":"","jetpack_publicize_message":"","jetpack_publicize_feature_enabled":true,"jetpack_social_post_already_shared":false,"jetpack_social_options":{"image_generator_settings":{"template":"highway","default_image_id":0,"font":"","enabled":false},"version":2}},"categories":[4,18],"tags":[],"class_list":["post-42244","post","type-post","status-publish","format-standard","has-post-thumbnail","hentry","category-destacadas","category-politica"],"aioseo_notices":[],"views":6,"jetpack_publicize_connections":[],"jetpack_featured_media_url":"https:\/\/i0.wp.com\/elterritorialweb.com.ar\/web\/wp-content\/uploads\/2022\/07\/FERNANDEZ.png?fit=680%2C383","jetpack_sharing_enabled":true,"_links":{"self":[{"href":"http:\/\/elterritorialweb.com.ar\/web\/wp-json\/wp\/v2\/posts\/42244","targetHints":{"allow":["GET"]}}],"collection":[{"href":"http:\/\/elterritorialweb.com.ar\/web\/wp-json\/wp\/v2\/posts"}],"about":[{"href":"http:\/\/elterritorialweb.com.ar\/web\/wp-json\/wp\/v2\/types\/post"}],"author":[{"embeddable":true,"href":"http:\/\/elterritorialweb.com.ar\/web\/wp-json\/wp\/v2\/users\/2"}],"replies":[{"embeddable":true,"href":"http:\/\/elterritorialweb.com.ar\/web\/wp-json\/wp\/v2\/comments?post=42244"}],"version-history":[{"count":1,"href":"http:\/\/elterritorialweb.com.ar\/web\/wp-json\/wp\/v2\/posts\/42244\/revisions"}],"predecessor-version":[{"id":42247,"href":"http:\/\/elterritorialweb.com.ar\/web\/wp-json\/wp\/v2\/posts\/42244\/revisions\/42247"}],"wp:featuredmedia":[{"embeddable":true,"href":"http:\/\/elterritorialweb.com.ar\/web\/wp-json\/wp\/v2\/media\/42246"}],"wp:attachment":[{"href":"http:\/\/elterritorialweb.com.ar\/web\/wp-json\/wp\/v2\/media?parent=42244"}],"wp:term":[{"taxonomy":"category","embeddable":true,"href":"http:\/\/elterritorialweb.com.ar\/web\/wp-json\/wp\/v2\/categories?post=42244"},{"taxonomy":"post_tag","embeddable":true,"href":"http:\/\/elterritorialweb.com.ar\/web\/wp-json\/wp\/v2\/tags?post=42244"}],"curies":[{"name":"wp","href":"https:\/\/api.w.org\/{rel}","templated":true}]}}