{"id":42249,"date":"2022-07-13T01:53:04","date_gmt":"2022-07-13T01:53:04","guid":{"rendered":"http:\/\/elterritorialweb.com.ar\/web\/?p=42249"},"modified":"2022-07-13T01:53:04","modified_gmt":"2022-07-13T01:53:04","slug":"programa-incentivo-para-inversiones-turisticas","status":"publish","type":"post","link":"http:\/\/elterritorialweb.com.ar\/web\/programa-incentivo-para-inversiones-turisticas\/","title":{"rendered":"PROGRAMA \u00abINCENTIVO PARA INVERSIONES TUR\u00cdSTICAS\u00bb"},"content":{"rendered":"\n<p>A trav\u00e9s del mismo se pretende favorecer a micro y peque\u00f1os prestadores tur\u00edsticos que presenten proyectos de inversi\u00f3n, con un aporte no reembolsable de hasta 1.000.000 de pesos, ello a trav\u00e9s de la Plataforma TAD (Tr\u00e1mites a Distancia).<\/p>\n\n\n\n<p>Al respecto el funcionario destac\u00f3 \u201cEl permanente apoyo del Gobierno Nacional en este proceso de desarrollo tur\u00edstico provincial dise\u00f1ado por el Gobernador <a href=\"https:\/\/www.facebook.com\/zamoraSDE?__cft__[0]=AZWNd-xskHb0sgiVgO66XiJ1sFNoIh2xTZMcQwBAe8TpN3hSG1qZ5Kq1tBiORC7onbwUV-aBd5sFKQo1unpwyAQnp1DcrH3vgpwtDb81qXO_ZVygp7nPSffzwzIPtc-gkm92sNEzMTZUpzVPTScLjz3m1ojoSaV0rYvK6z4VbfoPog&amp;__tn__=-]K-R\">Gerardo Zamora<\/a> , teniendo en cuenta la importancia del sector privado como generador de empleo genuino en nuestro territorio\u201d.<\/p>\n","protected":false},"excerpt":{"rendered":"<p>El Subsecretario de Turismo Santiago de la Provincia Nelson Bravo lanz\u00f3 el programa \u201cIncentivo para inversiones tur\u00edsticas\u201d (INTUR) promovido desde Turismo Argentina. <\/p>\n","protected":false},"author":2,"featured_media":42250,"comment_status":"open","ping_status":"open","sticky":false,"template":"","format":"standard","meta":{"om_disable_all_campaigns":false,"_monsterinsights_skip_tracking":false,"_monsterinsights_sitenote_active":false,"_monsterinsights_sitenote_note":"","_monsterinsights_sitenote_category":0,"_uf_show_specific_survey":0,"_uf_disable_surveys":false,"jetpack_post_was_ever_published":false,"_jetpack_newsletter_access":"","_jetpack_dont_email_post_to_subs":false,"_jetpack_newsletter_tier_id":0,"_jetpack_memberships_contains_paywalled_content":false,"_jetpack_memberships_contains_paid_content":false,"footnotes":"","jetpack_publicize_message":"","jetpack_publicize_feature_enabled":true,"jetpack_social_post_already_shared":false,"jetpack_social_options":{"image_generator_settings":{"template":"highway","default_image_id":0,"font":"","enabled":false},"version":2}},"categories":[29],"tags":[],"class_list":["post-42249","post","type-post","status-publish","format-standard","has-post-thumbnail","hentry","category-turismo"],"aioseo_notices":[],"views":10,"jetpack_publicize_connections":[],"jetpack_featured_media_url":"https:\/\/i0.wp.com\/elterritorialweb.com.ar\/web\/wp-content\/uploads\/2022\/07\/NELSON-BRAVO.jpg?fit=720%2C540","jetpack_sharing_enabled":true,"_links":{"self":[{"href":"http:\/\/elterritorialweb.com.ar\/web\/wp-json\/wp\/v2\/posts\/42249","targetHints":{"allow":["GET"]}}],"collection":[{"href":"http:\/\/elterritorialweb.com.ar\/web\/wp-json\/wp\/v2\/posts"}],"about":[{"href":"http:\/\/elterritorialweb.com.ar\/web\/wp-json\/wp\/v2\/types\/post"}],"author":[{"embeddable":true,"href":"http:\/\/elterritorialweb.com.ar\/web\/wp-json\/wp\/v2\/users\/2"}],"replies":[{"embeddable":true,"href":"http:\/\/elterritorialweb.com.ar\/web\/wp-json\/wp\/v2\/comments?post=42249"}],"version-history":[{"count":1,"href":"http:\/\/elterritorialweb.com.ar\/web\/wp-json\/wp\/v2\/posts\/42249\/revisions"}],"predecessor-version":[{"id":42251,"href":"http:\/\/elterritorialweb.com.ar\/web\/wp-json\/wp\/v2\/posts\/42249\/revisions\/42251"}],"wp:featuredmedia":[{"embeddable":true,"href":"http:\/\/elterritorialweb.com.ar\/web\/wp-json\/wp\/v2\/media\/42250"}],"wp:attachment":[{"href":"http:\/\/elterritorialweb.com.ar\/web\/wp-json\/wp\/v2\/media?parent=42249"}],"wp:term":[{"taxonomy":"category","embeddable":true,"href":"http:\/\/elterritorialweb.com.ar\/web\/wp-json\/wp\/v2\/categories?post=42249"},{"taxonomy":"post_tag","embeddable":true,"href":"http:\/\/elterritorialweb.com.ar\/web\/wp-json\/wp\/v2\/tags?post=42249"}],"curies":[{"name":"wp","href":"https:\/\/api.w.org\/{rel}","templated":true}]}}