{"id":42252,"date":"2022-07-13T02:45:34","date_gmt":"2022-07-13T02:45:34","guid":{"rendered":"http:\/\/elterritorialweb.com.ar\/web\/?p=42252"},"modified":"2022-07-13T02:59:44","modified_gmt":"2022-07-13T02:59:44","slug":"la-bailadita-la-pena-de-los-469-anos-de-la-madre-de-ciudades","status":"publish","type":"post","link":"http:\/\/elterritorialweb.com.ar\/web\/la-bailadita-la-pena-de-los-469-anos-de-la-madre-de-ciudades\/","title":{"rendered":"\u00abLA BAILADITA\u00bb, LA PE\u00d1A DE LOS 469 A\u00d1OS DE LA \u00abMADRE DE CIUDADES\u00bb"},"content":{"rendered":"\n<p>El mes de julio es fiesta para toda la provincia, y no hay festejo si no existe una buena pe\u00f1a. Y si hablamos de encuentro popular, \u201cLa Bailadita\u201d es el espacio donde todos quieren estar.<\/p>\n\n\n\n<p>Tal como su nombre lo indica, ser\u00e1 unespacio para bailar, y nada m\u00e1s que bailar. Sin ataduras, a lo bien criollo, ya lo bien estilizado. C\u00f3mo surja el sentimiento.<\/p>\n\n\n\n<p>La propuesta es abierta adisfrutar de las mejores canciones del folclore en las voces de j\u00f3venes exponentes y bien santiague\u00f1os. Para citarlos, hay que decir que cada uno comenz\u00f3 desde muy peque\u00f1o, y hoy a pesar que la edad cronol\u00f3gica no es un n\u00famero alto, la experiencia, letras y acordes que presentan, muestran una gran belleza, compromiso y horizonte.<\/p>\n\n\n\n<p>La grilla, entonces, la conforman los hijos del gran Alfredo \u00c1balos. Si bien el apellido marca trascendencia, el esp\u00edritu de Mart\u00edn y Santiago con \u201cLa Pesada Santiague\u00f1a\u201d, puntean el tiempo actual deldecir con simpleza y profundidad. Mismo camino sigue el otro artista que subir\u00e1 a escena. Se trata de Enrique Marquetti. El creador de varias obras y un timbre indiscutido, volver\u00e1 a cantar para esta fecha de festejos. Con un repertorio inmaculado para las y los bailarines, diversas danzas pasar\u00e1n por su voz y guitarra.<\/p>\n\n\n\n<p>Los dos \u00faltimos n\u00fameros que cierran la luna del 24, ser\u00e1n, Lucas C\u00e1ceres y Enzo C\u00e9liz. Ambos vinculados con la m\u00fasica desde el amor y pr\u00e1ctica de la danza, mostrar\u00e1n sus propuestas tambi\u00e9n con una elecci\u00f3n de ritmos netamente para bailar.<\/p>\n\n\n\n<p>Lucas, es reconocido y elegido frecuentemente en escenarios de competencias danc\u00edsticas de todo el pa\u00eds. En tanto Enzo, con una realidad no muy dis\u00edmil, a\u00fan no colg\u00f3 las botas y va abriendo caminos con su canto. Dichos surcos lo llevar\u00e1n en unas semanas de gira por Europa.<\/p>\n\n\n\n<p>Las entradas para la fiesta de la danza se encuentran disponibles a trav\u00e9s de los siguientes tel\u00e9fonos:\u00a0 385-5-10-11-56\u00a0 \u00f3\u00a0 385-5-80-21-96.<\/p>\n\n\n\n<figure class=\"wp-block-image size-large\"><a href=\"https:\/\/i0.wp.com\/elterritorialweb.com.ar\/web\/wp-content\/uploads\/2022\/07\/WhatsApp-Image-2022-07-12-at-9.13.35-PM-1.jpeg\"><img data-recalc-dims=\"1\" decoding=\"async\" width=\"640\" height=\"800\" data-src=\"https:\/\/i0.wp.com\/elterritorialweb.com.ar\/web\/wp-content\/uploads\/2022\/07\/WhatsApp-Image-2022-07-12-at-9.13.35-PM-1.jpeg?resize=640%2C800\" alt=\"\" class=\"wp-image-42256 lazyload\" data-srcset=\"https:\/\/i0.wp.com\/elterritorialweb.com.ar\/web\/wp-content\/uploads\/2022\/07\/WhatsApp-Image-2022-07-12-at-9.13.35-PM-1.jpeg?resize=819%2C1024 819w, https:\/\/i0.wp.com\/elterritorialweb.com.ar\/web\/wp-content\/uploads\/2022\/07\/WhatsApp-Image-2022-07-12-at-9.13.35-PM-1.jpeg?resize=240%2C300 240w, https:\/\/i0.wp.com\/elterritorialweb.com.ar\/web\/wp-content\/uploads\/2022\/07\/WhatsApp-Image-2022-07-12-at-9.13.35-PM-1.jpeg?resize=768%2C960 768w, https:\/\/i0.wp.com\/elterritorialweb.com.ar\/web\/wp-content\/uploads\/2022\/07\/WhatsApp-Image-2022-07-12-at-9.13.35-PM-1.jpeg?w=1024 1024w\" data-sizes=\"(max-width: 640px) 100vw, 640px\" src=\"data:image\/svg+xml;base64,PHN2ZyB3aWR0aD0iMSIgaGVpZ2h0PSIxIiB4bWxucz0iaHR0cDovL3d3dy53My5vcmcvMjAwMC9zdmciPjwvc3ZnPg==\" style=\"--smush-placeholder-width: 640px; --smush-placeholder-aspect-ratio: 640\/800;\" \/><\/a><\/figure>\n","protected":false},"excerpt":{"rendered":"<p>Una edici\u00f3n m\u00e1s, la quinta, se suma al historial de la pe\u00f1a este pr\u00f3ximo 24 de julio desde las 22 horas en el Club Hurac\u00e1n (Av.Roca Nte N\u00b0135). Anticipando la celebraci\u00f3n de los 469 a\u00f1os de la \u201cMadre de Ciudades\u201d, la noche se vestir\u00e1 de canciones con una tremenda cartelera art\u00edstica.<\/p>\n","protected":false},"author":2,"featured_media":42253,"comment_status":"open","ping_status":"open","sticky":false,"template":"","format":"standard","meta":{"om_disable_all_campaigns":false,"_monsterinsights_skip_tracking":false,"_monsterinsights_sitenote_active":false,"_monsterinsights_sitenote_note":"","_monsterinsights_sitenote_category":0,"_uf_show_specific_survey":0,"_uf_disable_surveys":false,"jetpack_post_was_ever_published":false,"_jetpack_newsletter_access":"","_jetpack_dont_email_post_to_subs":false,"_jetpack_newsletter_tier_id":0,"_jetpack_memberships_contains_paywalled_content":false,"_jetpack_memberships_contains_paid_content":false,"footnotes":"","jetpack_publicize_message":"","jetpack_publicize_feature_enabled":true,"jetpack_social_post_already_shared":false,"jetpack_social_options":{"image_generator_settings":{"template":"highway","default_image_id":0,"font":"","enabled":false},"version":2}},"categories":[20],"tags":[],"class_list":["post-42252","post","type-post","status-publish","format-standard","has-post-thumbnail","hentry","category-especysociales"],"aioseo_notices":[],"views":10,"jetpack_publicize_connections":[],"jetpack_featured_media_url":"https:\/\/i0.wp.com\/elterritorialweb.com.ar\/web\/wp-content\/uploads\/2022\/07\/WhatsApp-Image-2022-07-12-at-11.44.50-PM-e1657680394283.jpeg?fit=1080%2C828","jetpack_sharing_enabled":true,"_links":{"self":[{"href":"http:\/\/elterritorialweb.com.ar\/web\/wp-json\/wp\/v2\/posts\/42252","targetHints":{"allow":["GET"]}}],"collection":[{"href":"http:\/\/elterritorialweb.com.ar\/web\/wp-json\/wp\/v2\/posts"}],"about":[{"href":"http:\/\/elterritorialweb.com.ar\/web\/wp-json\/wp\/v2\/types\/post"}],"author":[{"embeddable":true,"href":"http:\/\/elterritorialweb.com.ar\/web\/wp-json\/wp\/v2\/users\/2"}],"replies":[{"embeddable":true,"href":"http:\/\/elterritorialweb.com.ar\/web\/wp-json\/wp\/v2\/comments?post=42252"}],"version-history":[{"count":2,"href":"http:\/\/elterritorialweb.com.ar\/web\/wp-json\/wp\/v2\/posts\/42252\/revisions"}],"predecessor-version":[{"id":42257,"href":"http:\/\/elterritorialweb.com.ar\/web\/wp-json\/wp\/v2\/posts\/42252\/revisions\/42257"}],"wp:featuredmedia":[{"embeddable":true,"href":"http:\/\/elterritorialweb.com.ar\/web\/wp-json\/wp\/v2\/media\/42253"}],"wp:attachment":[{"href":"http:\/\/elterritorialweb.com.ar\/web\/wp-json\/wp\/v2\/media?parent=42252"}],"wp:term":[{"taxonomy":"category","embeddable":true,"href":"http:\/\/elterritorialweb.com.ar\/web\/wp-json\/wp\/v2\/categories?post=42252"},{"taxonomy":"post_tag","embeddable":true,"href":"http:\/\/elterritorialweb.com.ar\/web\/wp-json\/wp\/v2\/tags?post=42252"}],"curies":[{"name":"wp","href":"https:\/\/api.w.org\/{rel}","templated":true}]}}