{"id":42263,"date":"2022-07-13T03:18:40","date_gmt":"2022-07-13T03:18:40","guid":{"rendered":"http:\/\/elterritorialweb.com.ar\/web\/?p=42263"},"modified":"2022-07-13T03:18:41","modified_gmt":"2022-07-13T03:18:41","slug":"fuentes-la-marcha-de-los-bombos-pone-en-valor-la-cultura-y-nuestras-tradiciones","status":"publish","type":"post","link":"http:\/\/elterritorialweb.com.ar\/web\/fuentes-la-marcha-de-los-bombos-pone-en-valor-la-cultura-y-nuestras-tradiciones\/","title":{"rendered":"FUENTES: \u00abLA MARCHA DE LOS BOMBOS PONE EN VALOR LA CULTURA Y NUESTRAS TRADICIONES\u00bb"},"content":{"rendered":"\n<p>En una conferencia de prensa realizada en el Sal\u00f3n de Acuerdos del Palacio Municipal, la jefa comunal junto a los organizadores \u201cEl Indio\u201d Froil\u00e1n Gonz\u00e1lez, Teresa Castronuovo, Eduardo Mizoguchi y otros artistas que colaboran en el armado y programaci\u00f3n de este masivo evento cultural, brindaron detalles sobre el encuentro.<\/p>\n\n\n\n<p>\u00abEs muy importante para el municipio poner en valor nuestra cultura y nuestras tradiciones. Este evento , generado en la gesti\u00f3n del entonces intendente&nbsp; Zamora, con el paso de los a\u00f1os ha ido tomando un enorme posicionamiento, siendo en la actualidad reconocido tanto a nivel nacional como internacional\u00bb, destac\u00f3 la intendente Fuentes.<\/p>\n\n\n\n<p>\u00abEs un orgullo para nosotros que nuestro folclore genere tanta pasi\u00f3n e inter\u00e9s en los vecinos y turistas, lo que contribuye a dinamizar la econom\u00eda local y nos brinda la oportunidad de recibir a visitantes de todas partes con la cordialidad que nos caracteriza a todos los santiague\u00f1os\u00bb, afirm\u00f3.<\/p>\n\n\n\n<p>Por su parte, Bravo felicit\u00f3 a la jefa comunal y a todo su gabinete \u00abpor la excelente organizaci\u00f3n y nutrida agenda de actividades culturales que han preparado para este mes aniversario de la ciudad que, una vez m\u00e1s, coloca a Santiago del Estero en una posici\u00f3n destacada como destino tur\u00edstico del norte del pa\u00eds\u00bb.<\/p>\n\n\n\n<p>A su turno, Gonz\u00e1lez y Castronuovo agradecieron \u00aba los Estados provincial y municipal por abrirnos las puertas para realizar un a\u00f1o m\u00e1s este colorido encuentro en el que celebramos nuestras ra\u00edces y manifestamos nuestro orgullo por ser santiague\u00f1os\u00bb.<\/p>\n\n\n\n<p>A su vez, Mizoguchi resalt\u00f3 que \u00abla capacidad hotelera del fin de semana est\u00e1 totalmente colmada gracias a este evento, lo que habla de la necesidad de la gente de encontrarse nuevamente para compartir y celebrar con alegr\u00eda un nuevo aniversario de nuestra querida Madre de Ciudades\u00bb.<\/p>\n\n\n\n<p>En esta nueva edici\u00f3n, habr\u00e1 dos columnas que partir\u00e1n desde el Arco (sur) y el patio del Indio Froil\u00e1n (norte) a las 10; mientras que, una tercera, saldr\u00e1 desde la Plaza Belgrano de La Banda a las 9. Todas converger\u00e1n en avenida Belgrano y Libertad, desde donde se dirigir\u00e1n al Parque Aguirre.<\/p>\n\n\n\n<p>En tanto, el viernes 15 ser\u00e1 la vigilia desde el mediod\u00eda, con m\u00e1s de 70 artistas que actuar\u00e1n en el escenario del Patio del Indio. Tambi\u00e9n habr\u00e1 talleres, el tradicional guiso solidario y comunitario y, como previa a la salida a la marcha, se servir\u00e1 mate cocido y tortilla.<\/p>\n\n\n\n<p>Por su parte, la caravana sur de la Marcha de los Bombos tendr\u00e1 su vigilia en el Club San Esteban de Maco, entre las 20 horas del viernes 15 y las cuatro de la madrugada del s\u00e1bado, con la participaci\u00f3n de numerosos artistas. En tanto, la partida ser\u00e1 a las 9 desde el hist\u00f3rico arco de ingreso a la ciudad, en avenida Belgrano y calle 6.<\/p>\n","protected":false},"excerpt":{"rendered":"<p>La intendente de la Capital, Ing. Norma Fuentes, acompa\u00f1ada por el subsecretario de Turismo de la Provincia, Nelson Bravo y el presidente del Concejo Deliberante, Humberto Santill\u00e1n; anunci\u00f3 oficialmente la realizaci\u00f3n de la XX Marcha de los Bombos, a desarrollarse el pr\u00f3ximo s\u00e1bado 16 de julio.<\/p>\n","protected":false},"author":2,"featured_media":42264,"comment_status":"open","ping_status":"open","sticky":false,"template":"","format":"standard","meta":{"om_disable_all_campaigns":false,"_monsterinsights_skip_tracking":false,"_monsterinsights_sitenote_active":false,"_monsterinsights_sitenote_note":"","_monsterinsights_sitenote_category":0,"_uf_show_specific_survey":0,"_uf_disable_surveys":false,"jetpack_post_was_ever_published":false,"_jetpack_newsletter_access":"","_jetpack_dont_email_post_to_subs":false,"_jetpack_newsletter_tier_id":0,"_jetpack_memberships_contains_paywalled_content":false,"_jetpack_memberships_contains_paid_content":false,"footnotes":"","jetpack_publicize_message":"","jetpack_publicize_feature_enabled":true,"jetpack_social_post_already_shared":false,"jetpack_social_options":{"image_generator_settings":{"template":"highway","default_image_id":0,"font":"","enabled":false},"version":2}},"categories":[21],"tags":[],"class_list":["post-42263","post","type-post","status-publish","format-standard","has-post-thumbnail","hentry","category-locales"],"aioseo_notices":[],"views":11,"jetpack_publicize_connections":[],"jetpack_featured_media_url":"https:\/\/i0.wp.com\/elterritorialweb.com.ar\/web\/wp-content\/uploads\/2022\/07\/fuentes-marcha-bombos.jpeg?fit=1600%2C1067","jetpack_sharing_enabled":true,"_links":{"self":[{"href":"http:\/\/elterritorialweb.com.ar\/web\/wp-json\/wp\/v2\/posts\/42263","targetHints":{"allow":["GET"]}}],"collection":[{"href":"http:\/\/elterritorialweb.com.ar\/web\/wp-json\/wp\/v2\/posts"}],"about":[{"href":"http:\/\/elterritorialweb.com.ar\/web\/wp-json\/wp\/v2\/types\/post"}],"author":[{"embeddable":true,"href":"http:\/\/elterritorialweb.com.ar\/web\/wp-json\/wp\/v2\/users\/2"}],"replies":[{"embeddable":true,"href":"http:\/\/elterritorialweb.com.ar\/web\/wp-json\/wp\/v2\/comments?post=42263"}],"version-history":[{"count":1,"href":"http:\/\/elterritorialweb.com.ar\/web\/wp-json\/wp\/v2\/posts\/42263\/revisions"}],"predecessor-version":[{"id":42265,"href":"http:\/\/elterritorialweb.com.ar\/web\/wp-json\/wp\/v2\/posts\/42263\/revisions\/42265"}],"wp:featuredmedia":[{"embeddable":true,"href":"http:\/\/elterritorialweb.com.ar\/web\/wp-json\/wp\/v2\/media\/42264"}],"wp:attachment":[{"href":"http:\/\/elterritorialweb.com.ar\/web\/wp-json\/wp\/v2\/media?parent=42263"}],"wp:term":[{"taxonomy":"category","embeddable":true,"href":"http:\/\/elterritorialweb.com.ar\/web\/wp-json\/wp\/v2\/categories?post=42263"},{"taxonomy":"post_tag","embeddable":true,"href":"http:\/\/elterritorialweb.com.ar\/web\/wp-json\/wp\/v2\/tags?post=42263"}],"curies":[{"name":"wp","href":"https:\/\/api.w.org\/{rel}","templated":true}]}}