{"id":42266,"date":"2022-07-13T03:37:34","date_gmt":"2022-07-13T03:37:34","guid":{"rendered":"http:\/\/elterritorialweb.com.ar\/web\/?p=42266"},"modified":"2022-07-13T03:37:35","modified_gmt":"2022-07-13T03:37:35","slug":"la-comuna-bandena-acompano-el-pre-estreno-del-documental-camino-a-mailin","status":"publish","type":"post","link":"http:\/\/elterritorialweb.com.ar\/web\/la-comuna-bandena-acompano-el-pre-estreno-del-documental-camino-a-mailin\/","title":{"rendered":"LA COMUNA BANDE\u00d1A ACOMPA\u00d1\u00d3 EL PRE ESTRENO DEL DOCUMENTAL \u00abCAMINO A MAILIN\u00bb"},"content":{"rendered":"\n<p>La proyecci\u00f3n se realiz\u00f3 el lunes a la tarde en la sala del Cine Teatro Renzi, donde asistieron autoridades como el Rector de la UNSE, Ingeniero H\u00e9ctor Paz; el Decano de la Facultad de Ciencias Exactas y Tecnolog\u00eda, Ingeniero, Jos\u00e9 Basualdo; referentes de la Asociaci\u00f3n de Fot\u00f3grafos AFOPSE; Oficina de Culto; periodistas; invitados especiales como los protagonistas del filme y p\u00fablico en general.<br>La subsecretaria de Comunicaci\u00f3n, Fernanda Raschi, destac\u00f3 lo siguiente sobre esta actividad: \u00abEste fue un evento muy importante para la cultura de Santiago del Estero y tambi\u00e9n del pa\u00eds, y muy importante la difusi\u00f3n del arte en s\u00ed.<br>En esta ocasi\u00f3n nos toc\u00f3 presenciar y acompa\u00f1ar el pre estreno del documental \u00abCamino a Mail\u00edn\u00bb que nos emocion\u00f3 mucho con la historia y la producci\u00f3n.<br>Los que sabemos de comunicaci\u00f3n hemos podido ver una producci\u00f3n muy importante, en cuanto al gui\u00f3n y a cada uno de los pasos para la elaboraci\u00f3n del mismo.<br>Acompa\u00f1ar est\u00e1s propuestas es una pol\u00edtica p\u00fablica del municipio, el intendente Roger Nediani acompa\u00f1a permanente a trav\u00e9s de la Oficina de Culto y las subsecretar\u00edas de Comunicaci\u00f3n y Educaci\u00f3n y Cultura, diferentes tipos de expresiones art\u00edsticas y trabajos de artistas que enriquecen nuestra cultura local\u00bb.<br>Por su parte, el cineasta Facundo Cardoso destac\u00f3: \u00abEl pre estreno fue muy movilizante. Hace muchos a\u00f1os que venimos trabajando en este documental, 5 a\u00f1os para ser m\u00e1s preciso. Es una pel\u00edcula que se hab\u00eda grabado antes de la pandemia y que la pudimos terminar estos \u00faltimos 2 a\u00f1os. Y bueno, para nosotros es una alegr\u00eda inmensa traer esta pel\u00edcula a Santiago que despu\u00e9s de todo este tiempo quer\u00edamos que la vean sus protagonistas, quer\u00edamos que la vean todas las personas que nos dieron una mano en el camino, nuestras familias, instituciones como la UNSE y la UNT, y amigos.<br>Ver colmada la sala esta noche fue algo muy movilizante y muy fel\u00edz de que la gente est\u00e9 compartiendo cultura santiague\u00f1a pura y dura b\u00e1sicamente\u00bb.<br>Finalmente, Ana Basualdo inform\u00f3 lo siguiente: \u00abEl 23 de julio ser\u00e1 el estreno de \u00abCamino a Mail\u00edn\u00bb en el Festival Tucum\u00e1n Cine, ha quedado en la selecci\u00f3n oficial. Despu\u00e9s tenemos pensado habilitar m\u00e1s salas aqu\u00ed en Santiago del Estero, en la UNSE seguramente habr\u00e1 varias funciones, pero estamos ah\u00ed. La producci\u00f3n independencia es dif\u00edcil y la difusi\u00f3n es la pata floja del cine nacional, pero estaremos ah\u00ed poniendo todo para que la vea la mayor cantidad de gente posible\u00bb.<\/p>\n\n\n\n<h3 class=\"wp-block-heading\">Rese\u00f1a del filme<\/h3>\n\n\n\n<p>\u00abCamino a Mailin\u00bb es un filme muy emotivo y tiene como protagonista a Olga Castillo, mam\u00e1 de Jesica Castillo, una peque\u00f1a que falleci\u00f3 en el a\u00f1o 2001 junto a otras 5 personas en un accidente a la vera de la ruta.<br>A pesar del dolor que dej\u00f3 la tragedia, este grupo de peregrinos se hizo m\u00e1s fuerte; los uni\u00f3 la fe y el amor y cada a\u00f1o vuelven a peregrinar hasta Mailin bajo el nombre de Jessy.<br>Los cineastas acompa\u00f1aron a los peregrinos en el marco de la Fiesta Chica del Se\u00f1or de los Milagros de Mail\u00edn y compartieron cada etapa de la peregrinaci\u00f3n. Por eso durante el documental el espectador puede vivir de manera intensa esta experiencia, sinti\u00e9ndose parte de la peregrinaci\u00f3n.<\/p>\n","protected":false},"excerpt":{"rendered":"<p>Con el apoyo del intendente Roger Nediani y las subsecretar\u00edas de Comunicaci\u00f3n y Educaci\u00f3n y Cultura de la Municipalidad de La Banda, se realiz\u00f3 con \u00e9xito la funci\u00f3n privada y pre estreno del documental \u00abCamino a Mail\u00edn\u00bb de los cineastas Facundo \u00abTai\u00bb Cardoso y Ana Cecilia Basualdo.<\/p>\n","protected":false},"author":2,"featured_media":42267,"comment_status":"open","ping_status":"open","sticky":false,"template":"","format":"standard","meta":{"om_disable_all_campaigns":false,"_monsterinsights_skip_tracking":false,"_monsterinsights_sitenote_active":false,"_monsterinsights_sitenote_note":"","_monsterinsights_sitenote_category":0,"_uf_show_specific_survey":0,"_uf_disable_surveys":false,"jetpack_post_was_ever_published":false,"_jetpack_newsletter_access":"","_jetpack_dont_email_post_to_subs":false,"_jetpack_newsletter_tier_id":0,"_jetpack_memberships_contains_paywalled_content":false,"_jetpack_memberships_contains_paid_content":false,"footnotes":"","jetpack_publicize_message":"","jetpack_publicize_feature_enabled":true,"jetpack_social_post_already_shared":false,"jetpack_social_options":{"image_generator_settings":{"template":"highway","default_image_id":0,"font":"","enabled":false},"version":2}},"categories":[20],"tags":[],"class_list":["post-42266","post","type-post","status-publish","format-standard","has-post-thumbnail","hentry","category-especysociales"],"aioseo_notices":[],"views":6,"jetpack_publicize_connections":[],"jetpack_featured_media_url":"https:\/\/i0.wp.com\/elterritorialweb.com.ar\/web\/wp-content\/uploads\/2022\/07\/WhatsApp-Image-2022-07-12-at-2.37.54-PM.jpeg?fit=1600%2C1200","jetpack_sharing_enabled":true,"_links":{"self":[{"href":"http:\/\/elterritorialweb.com.ar\/web\/wp-json\/wp\/v2\/posts\/42266","targetHints":{"allow":["GET"]}}],"collection":[{"href":"http:\/\/elterritorialweb.com.ar\/web\/wp-json\/wp\/v2\/posts"}],"about":[{"href":"http:\/\/elterritorialweb.com.ar\/web\/wp-json\/wp\/v2\/types\/post"}],"author":[{"embeddable":true,"href":"http:\/\/elterritorialweb.com.ar\/web\/wp-json\/wp\/v2\/users\/2"}],"replies":[{"embeddable":true,"href":"http:\/\/elterritorialweb.com.ar\/web\/wp-json\/wp\/v2\/comments?post=42266"}],"version-history":[{"count":1,"href":"http:\/\/elterritorialweb.com.ar\/web\/wp-json\/wp\/v2\/posts\/42266\/revisions"}],"predecessor-version":[{"id":42268,"href":"http:\/\/elterritorialweb.com.ar\/web\/wp-json\/wp\/v2\/posts\/42266\/revisions\/42268"}],"wp:featuredmedia":[{"embeddable":true,"href":"http:\/\/elterritorialweb.com.ar\/web\/wp-json\/wp\/v2\/media\/42267"}],"wp:attachment":[{"href":"http:\/\/elterritorialweb.com.ar\/web\/wp-json\/wp\/v2\/media?parent=42266"}],"wp:term":[{"taxonomy":"category","embeddable":true,"href":"http:\/\/elterritorialweb.com.ar\/web\/wp-json\/wp\/v2\/categories?post=42266"},{"taxonomy":"post_tag","embeddable":true,"href":"http:\/\/elterritorialweb.com.ar\/web\/wp-json\/wp\/v2\/tags?post=42266"}],"curies":[{"name":"wp","href":"https:\/\/api.w.org\/{rel}","templated":true}]}}